{"id":32134,"date":"2023-05-30T10:40:44","date_gmt":"2023-05-30T08:40:44","guid":{"rendered":"https:\/\/sw-osterfeine.de\/?p=32134"},"modified":"2023-05-30T10:40:44","modified_gmt":"2023-05-30T08:40:44","slug":"1-b-jugend-fussball-13","status":"publish","type":"post","link":"https:\/\/sw-osterfeine.de\/?p=32134","title":{"rendered":"1. B-Jugend Fu\u00dfball"},"content":{"rendered":"\n\n\n<p>SW Osterfeine \u2013 FC Hude 2:1<\/p>\n<p>Nach den beiden Pflichtsiegen gegen die \u201eKellerkinder\u201c aus Cloppenburg und L\u00f6ningen galt es f\u00fcr unsere 1. B-Jugend nun im Spiel gegen Hude zu zeigen, dass wir auch gegen die st\u00e4rkeren Mannschaften der Liga wieder gute Spiele abliefern k\u00f6nnen. Die G\u00e4ste geh\u00f6ren der Verfolgergruppe an und hatten seit dem 05.11. letzten Jahres keine Niederlage mehr einstecken m\u00fcssen. Gegner an diesem Tag: 1. B-Jugend SW Osterfeine. Es sollte also schwer genug werden diesen Gegner zu schlagen.<\/p>\n<p>Zu unserem bereits verletzten Kapit\u00e4n Moritz Otte gesellte sich kurz vor Anpfiff auch noch der angeschlagen ins Aufw\u00e4rmen gestartete Henry Nordmann. Dadurch r\u00fcckte mit Arne Jacob einer der drei Spieler aus der 2. B, die uns auch an diesem Tag unterst\u00fctzten, in die Startelf. An dieser Stelle m\u00fcssen wir uns wieder einmal recht herzlich bei den Jungs der 2. B bedanken! Wann immer wir Ausf\u00e4lle zu verzeichnen haben bekommen wir tatkr\u00e4ftige Unterst\u00fctzung, die sich ohne zu murren auf die Bank setzen, selbst wenn sie am Ende kaum oder gar nicht spielen und gleichzeitig im Falle einer Einwechslung auf Bezirksliganiveau mitspielen. Dieser Vereinsgeist ist selten geworden und verdient allerh\u00f6chsten Respekt!<\/p>\n<p>Die Partie begann mit einem ersten R\u00fcckschlag\u2026 Aushilfskapit\u00e4n Tom konnte den M\u00fcnzwurf nicht gewinnen und wir mussten die erste H\u00e4lfte der Partie gegen die Sonne spielen. Ab dem Anpfiff war jedoch alles auf Sieg gepolt. Die hoch anlaufenden gegnerischen Angreifer konnten wir in der Regel z\u00fcgig \u00fcberspielen und den Ball \u00fcber das Mittelfeld nach vorne tragen. Von dort aus griffen wir aktiv die Halbr\u00e4ume an und gelangten so zu guten Chancen. Am Torh\u00fcter war jedoch in den ersten Minuten noch kein vorbeikommen. Auch der direkte Zug zum Tor hat noch etwas gefehlt, was uns jedoch in der 16. Minute ausnahmsweise in die Karten spielen sollte. Tom hatte zum wiederholten Male den direkten Weg zum Tor abgebrochen, wurde aber in diesem Falle dabei am Fu\u00df erwischt und zu Fall gebracht. Da dies im Strafraum geschah, war die logische Folge ein Strafsto\u00df zu unseren Gunsten. Diesen konnte Tim Fischer sicher verwandeln. Das Spiel blieb gr\u00f6\u00dftenteils in unserer Hand. Die Huder Standards <!--more-->strahlten jedoch immer wieder Gefahr f\u00fcr unser Tor aus. Ein solcher war es dann auch, der in der 30. Minute Arne Jacob beim Abwehrversuch an den Arm flog und zu einem Handelfmeter f\u00fchrte, der seinen Weg zum 1:1 ins Tor fand. In der Folge setzte sich das Spiel bis zur Pause eins zu eins fort: Wir waren spielerisch \u00fcberlegen, doch in vorderster Linie fehlte uns die Zielstrebigkeit, Hude war insbesondere in Standardsituationen gef\u00e4hrlich. Es blieb bis zur Halbzeit beim 1:1. Die zweite Halbzeit wollten wir weiter spielerisch dominieren und daf\u00fcr an kleinen Stellschrauben drehen, gleichzeitig aber bei Standardsituationen aktiver verteidigen. Bei eigenen Standards wollten wir versuchen es dem gegnerischen Torwart etwas weniger einfach zu machen und ihn vor die Entscheidung stellen herauszukommen oder eben auf der Linie zu bleiben. Unser Plan ging grunds\u00e4tzlich auf (bis auf die Zielstrebigkeit vor dem G\u00e4stegeh\u00e4use). Die Standards konnten wir besser verteidigen und das Mittelfeld geh\u00f6rte nun uns alleine. In Tore konnten wir dies gegen aufopferungsvoll k\u00e4mpfende Huder jedoch leider vorerst nicht umm\u00fcnzen. Stattdessen mussten wir unsererseits aufpassen, dass nicht doch mal ein Konter oder ein Standard durchrutscht. In der 61. Minute belohnten wir uns endlich f\u00fcr unsere bisherige Leistung. Ironischerweise war es ein Freisto\u00df (also eine Standardsituation) von Benny, der zun\u00e4chst nur an die Strafraumgrenze gekl\u00e4rt wurde, wo sich Arne ein Herz fasste und den Ball per Volleyabnahme ins lange Eck nagelte und uns somit die 2:1 F\u00fchrung bescherte.<\/p>\n<p>Ab diesem Moment ver\u00e4nderte sich das Spiel etwas. Hude ging zunehmend h\u00f6heres Risiko und wir versuchten die sich ergebenden R\u00e4ume f\u00fcr Konter zu nutzen. Von diesen Kontern konnten wir leider keinen f\u00fcr uns nutzen und mussten somit bis zur letzten Minute zittern. Unsere Defensive lie\u00df allerdings nichts mehr anbrennen und wir konnten folgerichtig den 14. Sieg (!) der aktuellen Saison einfahren. Nun haben wir erst einmal eine zweiw\u00f6chige Pause, bis wir am 10.06. um 16:30 Uhr bei unseren Mitaufsteigern der letzten Saison in Visbek antreten. Diejenigen, die sich unsere Spiele gegen Visbek in den letzten eineinhalb Jahren angesehen haben werden best\u00e4tigen k\u00f6nnen, dass es sich immer gelohnt hat. Packende Duelle waren garantiert. Wir geben alles daf\u00fcr, dass dies auch im kommenden Duell wieder der Fall sein wird\u2026 nat\u00fcrlich mit dem besseren Ende f\u00fcr uns. \u00dcber zahlreiche Unterst\u00fctzung w\u00fcrden wir uns riesig freuen!<\/p>\n<p>Mit freundlichen Gr\u00fc\u00dfen<\/p>\n<p>Coach P.<\/p>\n<p>Aufstellung: \u00a0\u00a0\u00a0\u00a0\u00a0\u00a0\u00a0\u00a0\u00a0\u00a0\u00a0\u00a0\u00a0\u00a0\u00a0\u00a0\u00a0\u00a0\u00a0\u00a0\u00a0\u00a0\u00a0\u00a0\u00a0\u00a0\u00a0\u00a0\u00a0\u00a0\u00a0\u00a0\u00a0\u00a0\u00a0\u00a0\u00a0\u00a0\u00a0\u00a0\u00a0\u00a0\u00a0\u00a0\u00a0\u00a0\u00a0\u00a0\u00a0\u00a0\u00a0\u00a0 M. Sonnen<\/p>\n<ol>\n<li>Brokamp N. Kramer\u00a0\u00a0\u00a0\u00a0\u00a0\u00a0\u00a0\u00a0\u00a0\u00a0 M. Glandorf\u00a0\u00a0\u00a0\u00a0\u00a0\u00a0 V. Chifan<\/li>\n<li>Herfert T. Fischer<\/li>\n<li>Neteler B. Olberding\u00a0\u00a0\u00a0\u00a0\u00a0\u00a0\u00a0\u00a0\u00a0\u00a0\u00a0\u00a0\u00a0\u00a0\u00a0\u00a0\u00a0\u00a0\u00a0\u00a0\u00a0 A. Jacob<\/li>\n<li>Kreinest<\/li>\n<\/ol>\n<p>Bank: L. Dalinghaus, J. Otte, H. Bosche<\/p>\n<p>Tore: \u00a0\u00a0\u00a0 1:0 Fischer (Foulelfmeter)<\/p>\n<p>\u00a0\u00a0\u00a0\u00a0\u00a0\u00a0\u00a0\u00a0\u00a0\u00a0\u00a0\u00a0\u00a0\u00a0\u00a0 1:1<\/p>\n<p>\u00a0\u00a0\u00a0\u00a0\u00a0\u00a0\u00a0\u00a0\u00a0\u00a0\u00a0\u00a0\u00a0\u00a0\u00a0 2:1 Jacob<\/p>\n<p>\u00a0<\/p>\n","protected":false},"excerpt":{"rendered":"<p>SW Osterfeine \u2013 FC Hude 2:1 Nach den beiden Pflichtsiegen gegen die \u201eKellerkinder\u201c aus Cloppenburg und L\u00f6ningen galt es f\u00fcr unsere 1. B-Jugend nun im Spiel gegen Hude zu zeigen, dass wir auch gegen die st\u00e4rkeren Mannschaften der Liga wieder gute Spiele abliefern k\u00f6nnen. Die G\u00e4ste geh\u00f6ren der Verfolgergruppe an und hatten seit dem 05.11. [&hellip;]<\/p>\n","protected":false},"author":3,"featured_media":0,"comment_status":"closed","ping_status":"closed","sticky":false,"template":"","format":"standard","meta":{"footnotes":""},"categories":[3],"tags":[],"_links":{"self":[{"href":"https:\/\/sw-osterfeine.de\/index.php?rest_route=\/wp\/v2\/posts\/32134"}],"collection":[{"href":"https:\/\/sw-osterfeine.de\/index.php?rest_route=\/wp\/v2\/posts"}],"about":[{"href":"https:\/\/sw-osterfeine.de\/index.php?rest_route=\/wp\/v2\/types\/post"}],"author":[{"embeddable":true,"href":"https:\/\/sw-osterfeine.de\/index.php?rest_route=\/wp\/v2\/users\/3"}],"replies":[{"embeddable":true,"href":"https:\/\/sw-osterfeine.de\/index.php?rest_route=%2Fwp%2Fv2%2Fcomments&post=32134"}],"version-history":[{"count":1,"href":"https:\/\/sw-osterfeine.de\/index.php?rest_route=\/wp\/v2\/posts\/32134\/revisions"}],"predecessor-version":[{"id":32135,"href":"https:\/\/sw-osterfeine.de\/index.php?rest_route=\/wp\/v2\/posts\/32134\/revisions\/32135"}],"wp:attachment":[{"href":"https:\/\/sw-osterfeine.de\/index.php?rest_route=%2Fwp%2Fv2%2Fmedia&parent=32134"}],"wp:term":[{"taxonomy":"category","embeddable":true,"href":"https:\/\/sw-osterfeine.de\/index.php?rest_route=%2Fwp%2Fv2%2Fcategories&post=32134"},{"taxonomy":"post_tag","embeddable":true,"href":"https:\/\/sw-osterfeine.de\/index.php?rest_route=%2Fwp%2Fv2%2Ftags&post=32134"}],"curies":[{"name":"wp","href":"https:\/\/api.w.org\/{rel}","templated":true}]}}