{"id":32139,"date":"2023-05-31T14:24:06","date_gmt":"2023-05-31T12:24:06","guid":{"rendered":"https:\/\/sw-osterfeine.de\/?p=32139"},"modified":"2023-05-31T14:24:06","modified_gmt":"2023-05-31T12:24:06","slug":"handball-1-b-jugend-2","status":"publish","type":"post","link":"https:\/\/sw-osterfeine.de\/?p=32139","title":{"rendered":"Handball 1. B-Jugend"},"content":{"rendered":"\n\n\n<p><span style=\"font-family: 'Calibri',sans-serif; color: black;\">Hallo liebe OSV\u00b4er!\u00a0<\/span><span style=\"font-family: 'Calibri',sans-serif; color: black;\">\u00a0<\/span><\/p>\n<p><span style=\"font-family: 'Calibri',sans-serif; color: black;\">Am Samstag stand unser erstes Relegationsspiel bei Rot-Wei\u00df Damme an. Gleich im ersten Spiel ein Derby, besser konnte\u00a0<\/span><span style=\"font-family: 'Calibri',sans-serif; color: black;\">es nicht anfangen. Vor einigen Wochen haben wir noch ein Freundschaftsspiel gegen Damme gemacht, das wir in der letzten\u00a0<\/span><span style=\"font-family: 'Calibri',sans-serif; color: black;\">Minute verloren. Von daher hatten beide Teams eine ganz gute Standortbestimmung, das ist in der Relegation sonst eher\u00a0<\/span><span style=\"font-family: 'Calibri',sans-serif; color: black;\">schwierig, da man die meisten Teams nicht kennt.\u00a0<\/span><span style=\"font-family: 'Calibri',sans-serif; color: black;\">\u00a0<\/span><\/p>\n<p><span style=\"font-family: 'Calibri',sans-serif; color: black;\">Die Hauptschulhalle von RWD war pr\u00e4chtig gef\u00fcllt, so viele Zuschauer hatten wir wohl noch nie bei einem Spiel. Die Nervosit\u00e4t\u00a0<\/span><span style=\"font-family: 'Calibri',sans-serif; color: black;\">war beiden Mannschaften anzumerken, so dass es doch eine Menge individuelle Fehler gab. <\/span><span style=\"font-family: 'Calibri',sans-serif; color: black;\">Im gro\u00dfen und ganzen waren wir wohl etwas besser drauf, wobei wir bei uns noch viele Verbesserungsm\u00f6glichkeiten\u00a0<\/span><span style=\"font-family: 'Calibri',sans-serif; color: black;\">gesehen haben. Zur Halbzeit lagen wir mit 13:9 in F\u00fchrung, doch direkt nach dem Anpfiff zur zweiten Halbzeit waren\u00a0<\/span><span style=\"font-family: 'Calibri',sans-serif; color: black;\">wir nicht richtig wach, und es stand auf einmal 15:15, dann 18:18&#8230;durch ein paar schnelle Tempogegenz\u00fcge legten wir\u00a0<\/span><span style=\"font-family: 'Calibri',sans-serif; color: black;\">dann aber den Schalter nochmal um, und zogen auf 20:24 davon. Damme gab aber nicht auf, so das es am Ende mit 24:26\u00a0<\/span><span style=\"font-family: 'Calibri',sans-serif; color: black;\">denkbar knapp f\u00fcr uns reichte.\u00a0<\/span><span style=\"font-family: 'Calibri',sans-serif; color: black;\">\u00a0<\/span><\/p>\n<p><span style=\"font-family: 'Calibri',sans-serif; color: black;\">Eva konnte sich mit 7 Treffern als beste Werferin auszeichnen, und auch Johanna im Tor machte ein gutes Spiel.\u00a0<\/span><span style=\"font-family: 'Calibri',sans-serif; color: black;\">\u00a0<\/span><\/p>\n<p><span style=\"font-family: 'Calibri',sans-serif; color: black;\">Unser n\u00e4chstes Spiel steht nun am Sch\u00fctzenfestsamstag gegen SFN Vechta an. Da in unserer Halle das Sch\u00fctzenfest\u00a0<\/span><span style=\"font-family: 'Calibri',sans-serif; color: black;\">stattfindet, wird das Spiel um 12.30 Uhr in Steinfeld angepfiffen. W\u00e4re toll, wenn Ihr uns auch hier unterst\u00fctzen k\u00f6nnt!\u00a0<\/span><\/p>\n<p>\u00a0<\/p>\n<p><span style=\"font-family: 'Calibri',sans-serif; color: black;\">\u00a0<\/span><\/p>\n","protected":false},"excerpt":{"rendered":"<p>Hallo liebe OSV\u00b4er!\u00a0\u00a0 Am Samstag stand unser erstes Relegationsspiel bei Rot-Wei\u00df Damme an. Gleich im ersten Spiel ein Derby, besser konnte\u00a0es nicht anfangen. Vor einigen Wochen haben wir noch ein Freundschaftsspiel gegen Damme gemacht, das wir in der letzten\u00a0Minute verloren. Von daher hatten beide Teams eine ganz gute Standortbestimmung, das ist in der Relegation sonst [&hellip;]<\/p>\n","protected":false},"author":3,"featured_media":0,"comment_status":"closed","ping_status":"closed","sticky":false,"template":"","format":"standard","meta":{"footnotes":""},"categories":[1],"tags":[],"_links":{"self":[{"href":"https:\/\/sw-osterfeine.de\/index.php?rest_route=\/wp\/v2\/posts\/32139"}],"collection":[{"href":"https:\/\/sw-osterfeine.de\/index.php?rest_route=\/wp\/v2\/posts"}],"about":[{"href":"https:\/\/sw-osterfeine.de\/index.php?rest_route=\/wp\/v2\/types\/post"}],"author":[{"embeddable":true,"href":"https:\/\/sw-osterfeine.de\/index.php?rest_route=\/wp\/v2\/users\/3"}],"replies":[{"embeddable":true,"href":"https:\/\/sw-osterfeine.de\/index.php?rest_route=%2Fwp%2Fv2%2Fcomments&post=32139"}],"version-history":[{"count":1,"href":"https:\/\/sw-osterfeine.de\/index.php?rest_route=\/wp\/v2\/posts\/32139\/revisions"}],"predecessor-version":[{"id":32140,"href":"https:\/\/sw-osterfeine.de\/index.php?rest_route=\/wp\/v2\/posts\/32139\/revisions\/32140"}],"wp:attachment":[{"href":"https:\/\/sw-osterfeine.de\/index.php?rest_route=%2Fwp%2Fv2%2Fmedia&parent=32139"}],"wp:term":[{"taxonomy":"category","embeddable":true,"href":"https:\/\/sw-osterfeine.de\/index.php?rest_route=%2Fwp%2Fv2%2Fcategories&post=32139"},{"taxonomy":"post_tag","embeddable":true,"href":"https:\/\/sw-osterfeine.de\/index.php?rest_route=%2Fwp%2Fv2%2Ftags&post=32139"}],"curies":[{"name":"wp","href":"https:\/\/api.w.org\/{rel}","templated":true}]}}