{"id":32147,"date":"2023-06-08T12:20:09","date_gmt":"2023-06-08T10:20:09","guid":{"rendered":"https:\/\/sw-osterfeine.de\/?p=32147"},"modified":"2023-06-08T12:20:09","modified_gmt":"2023-06-08T10:20:09","slug":"1-d-jugend-wird-meister-der-2-kreisklasse","status":"publish","type":"post","link":"https:\/\/sw-osterfeine.de\/?p=32147","title":{"rendered":"1. D Jugend wird Meister der 2. Kreisklasse"},"content":{"rendered":"\n<p>Einen perfekten Saisonabschluss legte unsere 1. D Jugend am vergangenen Mittwoch beim letzten Heimspiel gegen RW Damme II hin. Doch der Reihe nach\u2026<\/p>\n<p>Bei den Spielen zuvor mussten wir uns den vermeintlich St\u00e4rksten Gegnern der Liga stellen, dieses spiegelte sich auch in den Ergebnissen wider. Die knappen Siege gegen Bakum und Oythe waren alles andere als eine Selbstverst\u00e4ndlichkeit. Unser Team musste hier um jeden Meter Rasen k\u00e4mpfen und konnte Dank eines wirklich beeindruckenden Siegeswillen beide Partien mit 3-2 (Bakum) und 0-1 (Oythe) gewinnen! Am vergangenen Spieltag stand das Ausw\u00e4rtsspiel in Langf\u00f6rden auf dem Plan, dem bis dahin Zweitplatzierten. Anhand der Tortabelle von Langf\u00f6rden waren wir auf einen Gegner mit fast l\u00fcckenloser Abwehr eingestellt, dies best\u00e4tigte sich dann leider auch auf dem Feld. Trotz zahlreicher guter Offensivaktionen unsererseits, gelang es uns nicht den F\u00fchrungstreffer zu erzielen, im Gegenteil: einer der ersten Offensivaktionen von Langf\u00f6rden erwischte uns eiskalt zum 1-0 R\u00fcckstand. Kurz vor der Pause gelang uns noch der Ausgleich welcher bis dahin auch den Spielverlauf widerspiegelte. In H\u00e4lfte zwei spielten beide Teams mit offenem Visier, das dann auch sehr k\u00f6rperbetont, es war durchaus gut anzuschauen wie beide Teams versuchten das Ding f\u00fcr sich zu entscheiden. Am Ende wurde unsere mangelhafte Effizienz vor des Gegners Tor , wie das eben so ist im Fu\u00dfball, in der vorletzten Spielminute von BW Langf\u00f6rden mit dem 2-1 Siegtreffer bestraft. Die erste Nullrunde f\u00fcr uns in dieser R\u00fcckrunde, nicht weiter tragisch da wir schon Meister waren zu dem Zeitpunkt, dennoch ein wenig \u00e4rgerlich mit Blick auf die Chancenauswertung.<\/p>\n<p>Gegen RW Damme im letzten Heimspiel galt es daher unser zweites, und fast noch wichtigeres, Saisonziel einzufahren, den Sieg gegen unseren Stadtrivalen. Leider kamen wir nicht wirklich gut ins Spiel, vielleicht lag es an den noch m\u00fcden Sch\u00fctzenfestknochen oder an den hohen Temperaturen, man wei\u00df es nicht.. Damme begann spielstark und machte von Anfang an Druck auf unser Tor. Insbesondere die daraus resultierenden Eckst\u00f6\u00dfe kamen allesamt brandgef\u00e4hrlich in unseren Strafraum und waren f\u00fcr uns nur mit M\u00fche und Not sowie durch Unterst\u00fctzung von Latte und Pfosten zu verteidigen. Schlie\u00dflich blieb dann irgendwann doch einer der Aktionen in unserem Netz h\u00e4ngen, Damme f\u00fchrte mit 0:1 nach ca. 12 Minuten. Wir waren bis dahin viel zu tr\u00e4ge unterwegs, deutlich zu viel Freiheit f\u00fcr unsere Gegner. Wir stellten daher gleich nach dem Treffer kurzfristig die Taktik auf Doppel 6 um, damit wir den Druck der Dammer in den Griff bekommen. Dies machte sich relativ kurzfristig bemerkbar, weniger Druck in der Abwehr, besserer Spielaufbau im Mittelfeld, Damme war noch pr\u00e4sent, jedoch nicht mehr so zwingend wie in der Anfangsviertelstunde. Kurz vor Ende der ersten Halbzeit gelang uns dann endlich ein wundersch\u00f6ner Kurzpass-Spielzug mit 3 einfachen Stationen aus dem zentralen Mittelfeld heraus. Hanno passte nach guter Balleroberung die Pucke leicht rechts raus auf Elija, dieser steckte den Ball direkt \u201eone touch\u201c durch in die Spitze auf Paul, welcher sich dann stark solo durchsetzte und den Ball am Keeper der Dammer in die lange Ecke schob. Endlich Halbzeit, Zeit und M\u00f6glichkeit den Spielern \u201ein Ruhe\u201c und mit Nachdruck noch mal beizupflichten was eigentlich heute unser Ziel war \ud83d\ude09<!--more--><\/p>\n<p>Auch hier wieder ein Fu\u00dfballklassiker, manchmal hilft eben doch am besten die Halbzeitpause und entsprechende Verdeutlichung der Problematik \ud83d\ude03 Kaum zur\u00fcck auf dem Platz ging es in unserer Offensive ab wie die Feuerwehr. Wirklich unbeschreiblich was die Truppe in den ersten 15 Minuten der zweiten H\u00e4lfte da abfeuerte, ein komplett anderes Bild als in Halbzeit 1. Chance um Chance dr\u00fcckten wir die Dammer in den eigenen Strafraum, was nat\u00fcrlich nur eines zur Konsequenz haben konnte, unsere 2:1 F\u00fchrung. Nach einem sch\u00f6nen Spielzug \u00fcber aussen, mit Flanke von Isi in den Strafraum, welchen Moritz dann nahezu freistehend und entschlossen aus kurzer Distanz ins Netz schob. Den weiteren Spielverlauf bestimmten wir konzentriert, nicht zuletzt auch durch eine sehr starke Defensiv Arbeit rund um Theo, Felix und Michel. Zu guter Letzt war es dann unser Mittelfeldmotor Johann welcher durch einen Fernschuss (mit Links!!!) den verdienten Siegtreffer zum 3:1 markierte. Der Saisonabschluss war perfekt, woraufhin wir es uns nach dem Spiel bei Manta Platte und k\u00fchlen Getr\u00e4nken gut gehen lie\u00dfen.<\/p>\n<p>Einen kleinen Wehrmutstropfen hatte der Abend dennoch \u2639 Nach \u00fcber 8 Jahren Mannschaftszugeh\u00f6rigkeit verl\u00e4sst uns zum Ende dieser Saison eine Spielerin, welche sich in der gesamten Zeit als tolle Kameradin, teamf\u00e4hig, immer gut gelaunt, absolut zuverl\u00e4ssig und bodenst\u00e4ndig, ehrgeizig, sehr lauf und spielstark stets weiter entwickelt hat. So mancher Gegner hat uns nach den Spielen best\u00e4tigt, das da viel Talent auf der rechten Au\u00dfenbahn am Start ist !!! Mia Putthoff wird zur neuen Saison zu BW Lohne in die C Jugend (Frauen) wechseln, um dort Ihr K\u00f6nnen und Ihr Talent weiter auszubauen. Damit ist sicher auch nicht zu verkennen, welche gute Jugendarbeit wir hier in Osterfeine abliefern, wenngleich Mia\u00b4s Entscheidung f\u00fcr unser Team spielerisch einen gro\u00dfen Verlust darstellt.<\/p>\n<p><strong>\u201eMia\u201c: das komplette Team bedankt sich ganz herzlich f\u00fcr die wundersch\u00f6nen Jahre mit dir hier beim SWO, bleib so wie du bist, behalte uns in guter Erinnerung und wenn du mal Bock hast zu kicken, komm zum Stadion am Kl\u00fcnenberg, wir empfangen dich stets mit offenen Armen. Vielleicht k\u00f6nnen wir ja dann noch was von dir Lernen <\/strong><strong>\ud83d\ude09<\/strong><\/p>\n<p><a href=\"https:\/\/sw-osterfeine.de\/wp-content\/uploads\/2023\/06\/D1.jpg\" data-rel=\"lightbox-image-0\" data-rl_title=\"\" data-rl_caption=\"\" title=\"\"><img loading=\"lazy\" decoding=\"async\" class=\"alignleft size-large wp-image-32148\" src=\"https:\/\/sw-osterfeine.de\/wp-content\/uploads\/2023\/06\/D1-1024x768.jpg\" alt=\"\" width=\"1024\" height=\"768\" srcset=\"https:\/\/sw-osterfeine.de\/wp-content\/uploads\/2023\/06\/D1-1024x768.jpg 1024w, https:\/\/sw-osterfeine.de\/wp-content\/uploads\/2023\/06\/D1-300x225.jpg 300w, https:\/\/sw-osterfeine.de\/wp-content\/uploads\/2023\/06\/D1-768x576.jpg 768w, https:\/\/sw-osterfeine.de\/wp-content\/uploads\/2023\/06\/D1-1536x1152.jpg 1536w, https:\/\/sw-osterfeine.de\/wp-content\/uploads\/2023\/06\/D1.jpg 2000w\" sizes=\"(max-width: 1024px) 100vw, 1024px\" \/><\/a><\/p>\n<p>\u00a0<\/p>\n","protected":false},"excerpt":{"rendered":"<p>Einen perfekten Saisonabschluss legte unsere 1. D Jugend am vergangenen Mittwoch beim letzten Heimspiel gegen RW Damme II hin. Doch der Reihe nach\u2026 Bei den Spielen zuvor mussten wir uns den vermeintlich St\u00e4rksten Gegnern der Liga stellen, dieses spiegelte sich auch in den Ergebnissen wider. Die knappen Siege gegen Bakum und Oythe waren alles andere [&hellip;]<\/p>\n","protected":false},"author":3,"featured_media":0,"comment_status":"closed","ping_status":"closed","sticky":false,"template":"","format":"standard","meta":{"footnotes":""},"categories":[3],"tags":[],"_links":{"self":[{"href":"https:\/\/sw-osterfeine.de\/index.php?rest_route=\/wp\/v2\/posts\/32147"}],"collection":[{"href":"https:\/\/sw-osterfeine.de\/index.php?rest_route=\/wp\/v2\/posts"}],"about":[{"href":"https:\/\/sw-osterfeine.de\/index.php?rest_route=\/wp\/v2\/types\/post"}],"author":[{"embeddable":true,"href":"https:\/\/sw-osterfeine.de\/index.php?rest_route=\/wp\/v2\/users\/3"}],"replies":[{"embeddable":true,"href":"https:\/\/sw-osterfeine.de\/index.php?rest_route=%2Fwp%2Fv2%2Fcomments&post=32147"}],"version-history":[{"count":1,"href":"https:\/\/sw-osterfeine.de\/index.php?rest_route=\/wp\/v2\/posts\/32147\/revisions"}],"predecessor-version":[{"id":32149,"href":"https:\/\/sw-osterfeine.de\/index.php?rest_route=\/wp\/v2\/posts\/32147\/revisions\/32149"}],"wp:attachment":[{"href":"https:\/\/sw-osterfeine.de\/index.php?rest_route=%2Fwp%2Fv2%2Fmedia&parent=32147"}],"wp:term":[{"taxonomy":"category","embeddable":true,"href":"https:\/\/sw-osterfeine.de\/index.php?rest_route=%2Fwp%2Fv2%2Fcategories&post=32147"},{"taxonomy":"post_tag","embeddable":true,"href":"https:\/\/sw-osterfeine.de\/index.php?rest_route=%2Fwp%2Fv2%2Ftags&post=32147"}],"curies":[{"name":"wp","href":"https:\/\/api.w.org\/{rel}","templated":true}]}}