{"id":32150,"date":"2023-06-12T11:31:56","date_gmt":"2023-06-12T09:31:56","guid":{"rendered":"https:\/\/sw-osterfeine.de\/?p=32150"},"modified":"2023-06-12T11:31:56","modified_gmt":"2023-06-12T09:31:56","slug":"b-ii-jugend-zum-saisonabschluss-mit-2-niederlagen","status":"publish","type":"post","link":"https:\/\/sw-osterfeine.de\/?p=32150","title":{"rendered":"<strong><em><u>B-II-Jugend zum Saisonabschluss mit 2 Niederlagen<\/u><\/em><\/strong>"},"content":{"rendered":"\n<p>Gegen 2 richtige Topteams musste unsere B-II-Jugend ihre letzten beiden Saisonspiele in der OM-Liga bestreiten. Am Sch\u00fctzenfestmittag gab es gegen die sehr starken G\u00e4ste des TSV Ganderkesee eine am Ende etwas zu deutliche 1:5 Niederlage. Unsere junge Mannschaft verkaufte sich trotz des klaren Ergebnisses sehr gut, gab jederzeit ihr Bestes und belohnte sich durch einen Treffer des pfeilschnellen Konterspielers Hinrich Bosche mit dem Ehrentreffer. Die G\u00e4ste pr\u00e4sentierten sich jederzeit sehr spielstark, mannschaftlich geschlossen und mit einem gro\u00dfen Kader. Dagegen litt unser Kader auch in diesem Spiel unter dem kompletten Ausfall unserer St\u00fcrmer Jan-Bernd Putthoff (Knie-OP; alles Gute Jan-Bernd) und Clemens Lapke (Knie). Auch wenn diese Ausf\u00e4lle nicht zu ersetzen sind, haben sich ihre Vertreter Leonard Hoppe und Hubertus Meyer m\u00e4chtig reingeh\u00e4ngt und gerade durch ihren l\u00e4uferischen Einsatz enorm der Mannschaft geholfen.<\/p>\n<p>Zur Spielgemeinschaft Garrel\/Varrelbusch f\u00fchrte uns am warmen Samstag das letzte Saisonspiel. In Garrel erwartete uns der Tabellenzweite. Weiter ohne Clemens Lapke und Jan-Bernd Putthoff erwartete uns eine Megaaufgabe. Aber auch in diesem Spiel haben sich unsere Jungs richtig gut pr\u00e4sentiert. Auch wenn der Gastgeber fr\u00fch mit 1:0 in F\u00fchrung ging, steckte unsere Mannschaft nicht auf, verteidigte sehr gut und spielte sich erstaunlicherweise immer wieder frei, David Piening (gut gemacht und nun auch Eckenspezialist) und Janni Otte \u2013 klasse Janni -legten \u00fcber links ein gutes Zusammenspiel an den Tag, und \u00fcber rechts spielten Hendrik Kohake (klasse gemacht) und Dauersprinter Thorge Deters (tolle Serie Thorge) defensiv wie offensiv ganz klasse. In der Innenverteidigung vereitelten Hinrich Bosche und Jarle Enneking (tolle Entwicklung, Jarle) viele Chancen schon im Ansatz, auch um unseren\u00a0 leicht angeschlagenen Torwart Kevin Grafemeyer zu entlasten. Richtige Arbeit mussten unsere zentralen Mittelfeldspieler Maxi B\u00f6ckmann, Henry Maue( tolle Leistungssteigerung) , Mattes Joachimmeyer (Du hast manches Mal erfolgreich den Kopf f\u00fcr die Mannschaft hingehalten-Danke )und Arne Jacob absolvieren. Unser etatm\u00e4\u00dfiger Innenverteidiger Maxi (Du bist ein toller Fu\u00dfballer und Mannschaftsspieler) lernte in den letzten Spielen bewusst das laufintensive Mittelfeldspiel kennen und l\u00f6ste die neue Aufgabe herausragend. Herausragend auch in diesem Spiel war wieder unser Leistungstr\u00e4ger Arne Jacob, der sich gerade nach den Ausf\u00e4llen von Clemens und Jan-Bernd vorbildlich f\u00fcr die Mannschaft einsetzte und sich stark mit und ohne Ball pr\u00e4sentierte: Auch wenn die Luft vorne nicht nur sehr hei\u00df, sondern auch sehr d\u00fcnn war, absolvierten Leonard Hoppe, Hubertus Meyer und unsere Neuer, Daniel Schwarz (Gl\u00fcckwunsch zum 1. Spiel) ein tolles Laufpensum. Bis in die Nachspielzeit gab unsere Mannschaft den Glauben an sich und an einen Punktgewinn nicht auf. Jungs, Ihr habt in der ganzen Serie eine tolle Moral als ausschlie\u00dflich aus dem j\u00fcngeren Jahrgang bestehende Mannschaft gezeigt. Erst in der Nachspielzeit konnte somit Garrel das 2:0 erzielen. <!--more--><\/p>\n<p>Als beste II-B-Jugend Mannschaft im Kreis Vechta haben unsere Jungs eine ausgezeichnete Serie in der OM-Liga absolviert. Trotz des kleinen Kaders (14 Spieler) haben die Jungs super durchgezogen, bei einer \u00fcberragenden Trainingsbeteiligung(auch die Verletzten waren bei jedem Training oder Spiel anwesend), und haben nur bei schweren Verletzungen gefehlt und sind jederzeit sportlich fair aufgetreten. Somit absolut zurecht hat sich unsere Mannschaft den Fairnesspreis als Erster!!!! in der OM-Liga gesichert. Klasse Jungs!!!!<\/p>\n<p>Zum Schluss gilt unser Gl\u00fcckwunsch dem Staffelsieger Nordkreis \u2013 die Jungs haben einen guten Fu\u00dfball gespielt (wenn sie denn spielen konnten, traten doch 3 Mannschaften nicht gegen Nordkreis an) und k\u00f6nnen nun wirklich nichts f\u00fcr die sportpolitischen Begebenheiten \u2013 da sollten die Erwachsenen dr\u00fcber nachdenken.<\/p>\n<p>Danke auch an die Jungs der B-I-Jugend f\u00fcr die gute Kooperation und Gl\u00fcckwunsch zu Eurer tollen Platzierung in der Bezirksliga und Danke Jan-Bernd und Olbo f\u00fcr die jederzeit harmonische Zusammenarbeit!!!<\/p>\n<p>Doch bevor es in die Sommerpause f\u00fcr die Jungs geht, stehen noch einige Trainingseinheiten, ein Jugendturnier in Kroge und unsere Abschlussunternehmung an. Was es da gab, wir werden auch davon berichten\u2026\u2026.<\/p>\n<p>\u00a0<\/p>\n","protected":false},"excerpt":{"rendered":"<p>Gegen 2 richtige Topteams musste unsere B-II-Jugend ihre letzten beiden Saisonspiele in der OM-Liga bestreiten. Am Sch\u00fctzenfestmittag gab es gegen die sehr starken G\u00e4ste des TSV Ganderkesee eine am Ende etwas zu deutliche 1:5 Niederlage. Unsere junge Mannschaft verkaufte sich trotz des klaren Ergebnisses sehr gut, gab jederzeit ihr Bestes und belohnte sich durch einen [&hellip;]<\/p>\n","protected":false},"author":3,"featured_media":0,"comment_status":"closed","ping_status":"closed","sticky":false,"template":"","format":"standard","meta":{"footnotes":""},"categories":[3],"tags":[],"_links":{"self":[{"href":"https:\/\/sw-osterfeine.de\/index.php?rest_route=\/wp\/v2\/posts\/32150"}],"collection":[{"href":"https:\/\/sw-osterfeine.de\/index.php?rest_route=\/wp\/v2\/posts"}],"about":[{"href":"https:\/\/sw-osterfeine.de\/index.php?rest_route=\/wp\/v2\/types\/post"}],"author":[{"embeddable":true,"href":"https:\/\/sw-osterfeine.de\/index.php?rest_route=\/wp\/v2\/users\/3"}],"replies":[{"embeddable":true,"href":"https:\/\/sw-osterfeine.de\/index.php?rest_route=%2Fwp%2Fv2%2Fcomments&post=32150"}],"version-history":[{"count":1,"href":"https:\/\/sw-osterfeine.de\/index.php?rest_route=\/wp\/v2\/posts\/32150\/revisions"}],"predecessor-version":[{"id":32151,"href":"https:\/\/sw-osterfeine.de\/index.php?rest_route=\/wp\/v2\/posts\/32150\/revisions\/32151"}],"wp:attachment":[{"href":"https:\/\/sw-osterfeine.de\/index.php?rest_route=%2Fwp%2Fv2%2Fmedia&parent=32150"}],"wp:term":[{"taxonomy":"category","embeddable":true,"href":"https:\/\/sw-osterfeine.de\/index.php?rest_route=%2Fwp%2Fv2%2Fcategories&post=32150"},{"taxonomy":"post_tag","embeddable":true,"href":"https:\/\/sw-osterfeine.de\/index.php?rest_route=%2Fwp%2Fv2%2Ftags&post=32150"}],"curies":[{"name":"wp","href":"https:\/\/api.w.org\/{rel}","templated":true}]}}