{"id":32159,"date":"2023-06-16T15:48:55","date_gmt":"2023-06-16T13:48:55","guid":{"rendered":"https:\/\/sw-osterfeine.de\/?p=32159"},"modified":"2023-06-16T15:48:55","modified_gmt":"2023-06-16T13:48:55","slug":"handball-1-b-jugend-landesliga-wir-kommen","status":"publish","type":"post","link":"https:\/\/sw-osterfeine.de\/?p=32159","title":{"rendered":"Handball 1. B-Jugend &#8211; Landesliga wir kommen!"},"content":{"rendered":"\n\n\n<p><span style=\"font-family: 'Calibri',sans-serif; color: black;\">Hallo liebe OSV\u00b4er!\u00a0<\/span><span style=\"font-family: 'Calibri',sans-serif; color: black;\">\u00a0<\/span><\/p>\n<p><span style=\"font-family: 'Calibri',sans-serif; color: black;\">Nachdem wir unser erstes Aufstiegsspiel in Damme ja knapp gewinnen konnten, spielten wir am Sch\u00fctzenfestsamstag\u00a0<\/span><span style=\"font-family: 'Calibri',sans-serif; color: black;\">in der Dammer Hauptschulhalle gegen die Mannschaft von SFN Vechta. Wir brauchten wieder einige Zeit um in Fahrt zu\u00a0<\/span><span style=\"font-family: 'Calibri',sans-serif; color: black;\">kommen, und so lagen wir zur Halbzeit v\u00f6llig verdient mit 8:10 zur\u00fcck. In der Halbzeitpause wurde es etwas lauter, und\u00a0<\/span><span style=\"font-family: 'Calibri',sans-serif; color: black;\">Antje und Jutta stellten die Mannschaft komplett um. Wir kamen direkt besser ins Spiel, und konnten das Match am Ende<\/span><span style=\"font-family: 'Calibri',sans-serif; color: black;\">klar mit 23:15 f\u00fcr uns entscheiden.\u00a0<\/span><span style=\"font-family: 'Calibri',sans-serif; color: black;\">\u00a0<\/span><\/p>\n<p><span style=\"font-family: 'Calibri',sans-serif; color: black;\">Am letzten Sonntag waren wir dann zu Gast bei der JSG Larrelt \/ Pewsum \/ Gro\u00df Midlum, ein f\u00fcr uns v\u00f6llig unbekannter\u00a0<\/span><span style=\"font-family: 'Calibri',sans-serif; color: black;\">Gegner. Nach einer Stunde und 45 Minuten Fahrzeit kamen wir in der G\u00e4stehalle an. Die Marschrichtung war klar, ein Sieg\u00a0<\/span><span style=\"font-family: 'Calibri',sans-serif; color: black;\">und die\u00a0 Landesliga ist uns nicht mehr zu nehmen. Wir trafen uns bereits am Sonntagmorgen um 9 Uhr, um 12 Uhr war\u00a0<\/span><span style=\"font-family: 'Calibri',sans-serif; color: black;\">dann Anwurf. Zur Halbzeit f\u00fchrten wir mit 9:11, und wir wollten an diesem Tag unbedingt den Sieg mit in die Heimat\u00a0<\/span><span style=\"font-family: 'Calibri',sans-serif; color: black;\">nehmen. Am Ende stand es 18:27, und die Freude war riesengro\u00df. Nicht nur das wir auch in der kommenden Saison\u00a0<\/span><span style=\"font-family: 'Calibri',sans-serif; color: black;\">in der Landesliga spielen d\u00fcrfen, sondern auch, das wir eine klasse Leistung gezeigt haben.\u00a0<\/span><span style=\"font-family: 'Calibri',sans-serif; color: black;\">Im Anschluss ging es zu MCD, und unser Sonntagsausflug war um 17 Uhr beendet. Danke an 5 treue Fans, die den\u00a0<\/span><span style=\"font-family: 'Calibri',sans-serif; color: black;\">weiten Weg auf sich genommen haben.\u00a0<\/span><span style=\"font-family: 'Calibri',sans-serif; color: black;\">\u00a0<\/span><\/p>\n<p><span style=\"font-family: 'Calibri',sans-serif; color: black;\">Am morgigen Samstag ist dann zum letzten Spiel der Aufstiegsrunde die HSG Altes Amt Friesoythe um 15 Uhr unser\u00a0<\/span><span style=\"font-family: 'Calibri',sans-serif; color: black;\">Gast in unserer Sporthalle. Friesoythe ist auch bereits aufgestiegen, und es geht jetzt um den Gruppensieg. Dieses\u00a0<\/span><span style=\"font-family: 'Calibri',sans-serif; color: black;\">Spiel ist auch ein Gradmesser, da hier die beiden st\u00e4rksten Mannschaften der Runde aufeinandertreffen.\u00a0<\/span><span style=\"font-family: 'Calibri',sans-serif; color: black;\">\u00a0<\/span><\/p>\n<p><span style=\"font-family: 'Calibri',sans-serif; color: black;\">Kommt gerne vorbei, wir freuen uns \u00fcber jeden von Euch!\u00a0<\/span><\/p>\n<p>\u00a0<\/p>\n","protected":false},"excerpt":{"rendered":"<p>Hallo liebe OSV\u00b4er!\u00a0\u00a0 Nachdem wir unser erstes Aufstiegsspiel in Damme ja knapp gewinnen konnten, spielten wir am Sch\u00fctzenfestsamstag\u00a0in der Dammer Hauptschulhalle gegen die Mannschaft von SFN Vechta. Wir brauchten wieder einige Zeit um in Fahrt zu\u00a0kommen, und so lagen wir zur Halbzeit v\u00f6llig verdient mit 8:10 zur\u00fcck. In der Halbzeitpause wurde es etwas lauter, und\u00a0Antje [&hellip;]<\/p>\n","protected":false},"author":3,"featured_media":0,"comment_status":"closed","ping_status":"closed","sticky":false,"template":"","format":"standard","meta":{"footnotes":""},"categories":[1],"tags":[],"_links":{"self":[{"href":"https:\/\/sw-osterfeine.de\/index.php?rest_route=\/wp\/v2\/posts\/32159"}],"collection":[{"href":"https:\/\/sw-osterfeine.de\/index.php?rest_route=\/wp\/v2\/posts"}],"about":[{"href":"https:\/\/sw-osterfeine.de\/index.php?rest_route=\/wp\/v2\/types\/post"}],"author":[{"embeddable":true,"href":"https:\/\/sw-osterfeine.de\/index.php?rest_route=\/wp\/v2\/users\/3"}],"replies":[{"embeddable":true,"href":"https:\/\/sw-osterfeine.de\/index.php?rest_route=%2Fwp%2Fv2%2Fcomments&post=32159"}],"version-history":[{"count":1,"href":"https:\/\/sw-osterfeine.de\/index.php?rest_route=\/wp\/v2\/posts\/32159\/revisions"}],"predecessor-version":[{"id":32160,"href":"https:\/\/sw-osterfeine.de\/index.php?rest_route=\/wp\/v2\/posts\/32159\/revisions\/32160"}],"wp:attachment":[{"href":"https:\/\/sw-osterfeine.de\/index.php?rest_route=%2Fwp%2Fv2%2Fmedia&parent=32159"}],"wp:term":[{"taxonomy":"category","embeddable":true,"href":"https:\/\/sw-osterfeine.de\/index.php?rest_route=%2Fwp%2Fv2%2Fcategories&post=32159"},{"taxonomy":"post_tag","embeddable":true,"href":"https:\/\/sw-osterfeine.de\/index.php?rest_route=%2Fwp%2Fv2%2Ftags&post=32159"}],"curies":[{"name":"wp","href":"https:\/\/api.w.org\/{rel}","templated":true}]}}