{"id":32184,"date":"2023-06-26T11:56:38","date_gmt":"2023-06-26T09:56:38","guid":{"rendered":"https:\/\/sw-osterfeine.de\/?p=32184"},"modified":"2023-06-26T11:56:38","modified_gmt":"2023-06-26T09:56:38","slug":"spielberichte-1-b-jugend-fussball","status":"publish","type":"post","link":"https:\/\/sw-osterfeine.de\/?p=32184","title":{"rendered":"Spielberichte 1. B-Jugend Fu\u00dfball"},"content":{"rendered":"\n<p><strong>JSG Visbek\/Langf\u00f6rden\/B\u00fchren \u2013 SW Osterfeine 4:2<\/strong><\/p>\n<p>Das erste unserer zwei verbleibenden Ausw\u00e4rtsspiele zum Abschluss unserer diesj\u00e4hrigen Bezirksligasaison f\u00fchrte uns in den hohen Norden des Landkreises Vechta. Gegen unsere Mitaufsteiger aus dem letzten Jahr wollten wir einen Tag nachdem der VfL Oythe mit einem 6:0 Sieg gegen Cloppenburg II die Meisterschaft (und damit nat\u00fcrlich auch den Aufstieg) klar gemacht hatte zumindest unsere Chancen auf Platz 2 und unseren Status als zweitbeste Bezirksligamannschaft des Kreises Vechta zementieren. Bei Temperaturen, die ansonsten eher im Mittelmeerraum zu finden sind, wollten wir m\u00f6glichst schnell in F\u00fchrung gehen, um dann das Spiel beruhigen zu k\u00f6nnen und den Gegner laufen zu lassen. Zu Beginn der Partie konnten wir den Plan auch relativ gut umsetzen. Zwar schafften wir es gegen den Ball eher selten den Druck aufzubauen, den wir uns vorgenommen hatten, konnten aber offensiv das eine oder andere Mal durchsetzen und nah vor das gegnerische Tor kommen. In Minute 16 wurde der Bann dann zu unseren Gunsten gebrochen. Eine Ecke von Benny wurde zun\u00e4chst an die Strafraumkante gekl\u00e4rt, wo Tom den Ball aufnahm, ihn sich auf den rechten Fu\u00df legte und trocken durch 5 Spieler hindurch im Geh\u00e4use unterbrachte. Bis hierhin schien der Plan aufzugehen.<\/p>\n<p>Unwesentlich sp\u00e4ter bat der Schiedsrichter zur ersten Trinkpause und leitete damit die wohl entt\u00e4uschendsten Minuten dieser Saison ein. Es lief nichts mehr so, wie es sollte. Nach vorne war der Dampf raus und defensiv verhielten wir uns viel zu abwartend, um das Spiel der Nordkreisler auch nur ansatzweise zu st\u00f6ren.Die Quittung bekamen wir in der 28. Minute, als wir zum wiederholten Male den ballf\u00fchrenden Spieler nur begleiteten und einen Diagonalball spielen lie\u00dfen. An diesem segelte Victor vorbei und erm\u00f6glichte so seiner Gegenspielerin einen freien Weg zum Tor, den sie aus 16 Metern zum 1:1 Ausgleich nutzte. Im Anschluss daran versuchten wir den Schalter wieder umzulegen und offensiv aktiver zu werden, kamen aber defensiv nun gar nicht mehr in die Zweik\u00e4mpfe. Diesen Umstand nutzte der Visbeker Angreifen in der 40. Minute zur 2:1 F\u00fchrung, als er sich am Strafraum unbedr\u00e4ngt aufdrehte und den Ball im Netz unterbrachte. Nur zwei Minuten sp\u00e4ter folgte der n\u00e4chste Nackenschlag. Nach einem Ecksto\u00df f\u00fcr uns gelang es Visbek einen Konter zu fahren, bei dem sie ohne einen ersthaften Verfolger unsererseits zu dritt auf unsere zwei Verteidiger zuliefen und ihre \u00dcberzahl sauber zum 3:1 ausspielten.<!--more--><\/p>\n<p>Die Stimmung in der Halbzeitpause war dementsprechend ausbauf\u00e4hig. Dieses Spiel w\u00fcrden wir nur mit maximaler Einsatzbereitschaft gewinnen, was angesichts der Temperaturen eine riesige Aufgabe war. Versuchen wollten wir es dennoch, bekamen aber direkt nach dem Wiederanpfiff den n\u00e4chsten herben D\u00e4mpfer. Nach einem Einwurf in der eigenen H\u00e4lfte verloren wir zun\u00e4chst den Ball und dann auch noch den sicher geglaubten Zweikampf im Strafraum. Die resultierende Flanke bef\u00f6rderte zu allem \u00dcberfluss auch noch Johann ins eigene Tor (42. Minute). Wir waren v\u00f6llig von der Rolle uns schienen an diesem Tag absolut keine Kraft und keinen Mut zu haben unsere Hausaufgaben zu erledigen (dies machte der FC Hude f\u00fcr uns, der mit einem Sieg gegen Friesoythe zumindest unsere Chance auf Platz 2 aufrechterhielt). Bis zur n\u00e4chsten Trinkpause kam von uns nur wenig, was an Fu\u00dfball erinnerte.<\/p>\n<p>Das sollte sich zum Ende des Spiels noch einmal \u00e4ndern. Die Kraft lie\u00df zwar von Minute zu Minute nach, der Wille schien aber langsam anzuwachsen. Zwar f\u00fchrte unsere offensive Spielweise logischerweise zu diversen Konterchancen f\u00fcr unsere Kontrahenten, wir konnten aber unsererseits endlich mal wieder Gefahr ausstrahlen.Auszahlen sollte sich unser Aufwand allerdings nur noch ein mal. Einen Freisto\u00df nahe des Strafraums brachte Moritz Otte zum 4:2 Endstand im Tor unter. Zu den wenigen Spielern, die sich in diesem Spiel positiv hervortun konnten z\u00e4hlte der an diesem Tag aus der C-Jugend zu uns gesto\u00dfene Mika Kamps, der sich nach seiner Einwechslung stark gegen seine \u00e4lteren Gegenspieler behauptete und das Spiel sichtlich belebte. Nach dieser absolut nicht zufriedenstellenden Leistung sinken unsere Chancen auf den Titel des Vizemeisters auf nahe Null. In unserem letzten Ausw\u00e4rtsspiel am kommenden Wochenende in Friesoythe (Samstag, 17.06. 16 Uhr) m\u00fcsste schon ein Sieg mit 8 Toren Differenz her, um den JFV noch hinter uns zu lassen. Im Falle einer Niederlage k\u00f6nnten wir sogar noch auf Platz 5 abrutschen und uns so um den Lohn f\u00fcr unsere bis hierher starke Saison bringen. Das zu verhindern wird unsere Aufgabe sein.<\/p>\n<p>Mit freundlichen Gr\u00fc\u00dfen<\/p>\n<p>Coach P.<\/p>\n<p>Aufstellung: \u00a0\u00a0\u00a0\u00a0\u00a0\u00a0\u00a0\u00a0\u00a0\u00a0\u00a0\u00a0\u00a0\u00a0\u00a0\u00a0\u00a0\u00a0\u00a0\u00a0\u00a0\u00a0\u00a0\u00a0\u00a0\u00a0\u00a0\u00a0\u00a0\u00a0\u00a0\u00a0\u00a0\u00a0\u00a0\u00a0\u00a0\u00a0\u00a0\u00a0\u00a0\u00a0\u00a0\u00a0\u00a0\u00a0\u00a0\u00a0\u00a0\u00a0\u00a0\u00a0 M. Sonnen<\/p>\n<ol>\n<li>Brokamp N. Kramer\u00a0\u00a0\u00a0\u00a0\u00a0\u00a0\u00a0\u00a0\u00a0\u00a0 M. Otte\u00a0\u00a0\u00a0\u00a0\u00a0\u00a0\u00a0\u00a0\u00a0\u00a0\u00a0\u00a0\u00a0\u00a0 \u00a0\u00a0\u00a0\u00a0\u00a0\u00a0\u00a0\u00a0\u00a0\u00a0\u00a0\u00a0\u00a0\u00a0\u00a0 V. Chifan<\/li>\n<li>Glandorf T. Fischer<\/li>\n<li>Neteler B. Olberding\u00a0\u00a0\u00a0\u00a0\u00a0\u00a0\u00a0\u00a0\u00a0\u00a0\u00a0\u00a0\u00a0\u00a0\u00a0\u00a0\u00a0\u00a0\u00a0\u00a0\u00a0 H. Nordmann<\/li>\n<li>Kreinest<\/li>\n<\/ol>\n<p>Bank: L. Dalinghaus, M. Herfert, M. Kamps<\/p>\n<p>Tore: \u00a0\u00a0\u00a0 0:1 Neteler<\/p>\n<p>\u00a0\u00a0\u00a0\u00a0\u00a0\u00a0\u00a0\u00a0\u00a0\u00a0\u00a0\u00a0\u00a0\u00a0\u00a0 1:1<\/p>\n<p>\u00a0\u00a0\u00a0\u00a0\u00a0\u00a0\u00a0\u00a0\u00a0\u00a0\u00a0\u00a0\u00a0\u00a0\u00a0 2:1<\/p>\n<p>\u00a0\u00a0\u00a0\u00a0\u00a0\u00a0\u00a0\u00a0\u00a0\u00a0\u00a0\u00a0\u00a0\u00a0\u00a0 3:1<\/p>\n<p>\u00a0\u00a0\u00a0\u00a0\u00a0\u00a0\u00a0\u00a0\u00a0\u00a0\u00a0\u00a0\u00a0\u00a0\u00a0 4:1<\/p>\n<p>\u00a0\u00a0\u00a0\u00a0\u00a0\u00a0\u00a0\u00a0\u00a0\u00a0\u00a0\u00a0\u00a0\u00a0\u00a0 4:2 Otte<\/p>\n<p>\u00a0<\/p>\n<p><strong>JFV Altes Amt Friesoythe \u2013 SW Osterfeine 0:1<\/strong><\/p>\n<p>Unser Saisonfinale spielten wir im fernen Friesoythe. Die Vorzeichen standen denkbar ung\u00fcnstig, da wir nicht nur unsere Verfolger aus Hude (spielten gegen die bereits aufgestiegenen Oyther) und Brockdorf (mussten in H\u00f6ltinghausen antreten) in unserem Nacken wussten, sondern auch mit Kapit\u00e4n Moritz Otte, Vizekapit\u00e4n Tom Neteler und Torh\u00fcter Moritz Sonnen drei absolute Schl\u00fcsselspieler die A-Jugend im Pokalfinale unterst\u00fctzten. Mit Kevin Grafemeyer, Maxi B\u00f6ckmann und Arne Jacob konnten wir allerdings auf bew\u00e4hrte Unterst\u00fctzung aus der zweiten B-Jugend zur\u00fcckgreifen und sahen uns f\u00fcr das Spiel gut aufgestellt. Mit der zuvor im Donnerstagstraining getesteten 4-4-2 Formation mit Mittelfeldraute gingen wir im Spiel gegen den Tabellenzweiten zwar ein gewisses Risiko ein, dieses sollte sich jedoch f\u00fcr uns auszahlen. Nach einer kurzen Phase des Abtastens \u00fcbernahmen wir nach und nach die Spielkontrolle und dr\u00e4ngten auf die F\u00fchrung. Das Mittelfeldzentrum geh\u00f6rte uns und wir konnten in regelm\u00e4\u00dfigen Abst\u00e4nden Chancen kreieren. Auf der Gegenseite stand unsere Defensive in fast allen Situationen stabil und stoppte die Friesoyther Angreifer fr\u00fchzeitig. F\u00fcr die B\u00e4lle, die dann einmal unsere letzte Reihe passierten war Kevin \u201eKatze\u201c Gravemeyer zust\u00e4ndig und meisterte seine Aufgabe mit absoluter Ruhe.<\/p>\n<p>Es war ein v\u00f6llig anderes Auftreten, als noch eine Woche zuvor. Das einzige, was uns in diesem Spiel fehlte war ein Tor. Wir kamen zwar nah an den Erfolg heran, ins Netz wollte der Ball aber dennoch nicht so richtig. Die Halbzeitansprache fiel dementsprechend aus. Wir wollten an unsere Leistung ankn\u00fcpfen und weiter Druck auf das Tor machen, um den Sieg zu erzwingen. H\u00e4lfte zwei konnte man beinahe als \u201eSpiel auf ein Tor\u201c bezeichnen. Wir lenkten das Spiel noch gezielter ins Zentrum, wo wir nahezu jeden Zweikampf f\u00fcr uns entscheiden konnten. Belohnen mussten wir uns jedoch mit einem Standard. Eine Freisto\u00dfflanke aus dem Halbfeld brachte der an diesem Tag \u00fcberragend aufspielende Tim Fischer in den gegnerischen F\u00fcnfmeterraum, wo Topst\u00fcrmer Paul Kreinest wieder einmal seine Klasse aufblitzen lie\u00df und zum 0:1 eink\u00f6pfte. Mit 18 Saisontoren ist Paul der mit Abstand erfolgreichste Torsch\u00fctze unseres diesj\u00e4hrigen Teams und hatte gro\u00dfen Anteil an unserer Endplatzierung. Diese F\u00fchrung gab uns umso mehr Sicherheit und auch die Wechsel auf unserer Seite f\u00fchrten zu keinem Bruch in unserem Spiel. Maxi, Arne und Gero f\u00fcgten sich trotz ungewohnter Positionen nahtlos in das Spiel ein und letzterer hatte sogar mehrere M\u00f6glichkeiten das Ergebnis zu erh\u00f6hen.<\/p>\n<p>Gelingen sollte uns zwar kein weiterer Treffer, mit dem 0:1 konnten wir am Ende aber den dritten Platz sichern und sowohl Brockdorf, als auch Hude hinter uns lassen. Punktgleich mit dem Zweitplatzierten beenden wir nun diese Bezirksligasaison. Eine Saison, mit der vor einem Jahr in der Form wohl die Wenigsten gerechnet h\u00e4tten. Dementsprechend ausgiebig gefeiert wurde anschlie\u00dfend auch mit Pizza, diversen Getr\u00e4nken und im Beisein der Eltern, die uns in allen Spielen bedingungslos unterst\u00fctzt haben beim Spatz in Haverbeck. Mit dem Flamingotanz wurde sogar noch etwas an den koordinativen F\u00e4higkeiten gearbeitet \ud83d\ude09.<\/p>\n<p>Eine gro\u00dfartige Saison fand also ihren geb\u00fchrenden Abschluss. Wir Trainer k\u00f6nnen nur schwer in Worte fassen, wie viel Spa\u00df die Arbeit mit den Jungs gemacht hat. Nat\u00fcrlich waren auch die Stimmung zwischendurch auch mal ausbauf\u00e4hig oder eine Trainingseinheit machte wenig Spa\u00df. Aber anschlie\u00dfend zusammen in der Kabine zu sitzen, rumzualbern und zu diskutieren die Spiele zu reflektieren\u2026 all das hat uns immer wieder ein L\u00e4cheln ins Gesicht gezaubert. Im Vergleich mit all den Momenten, die positiv waren w\u00e4ren diese paar Ausrutscher sowieso nicht ins Gewicht gefallen. Hinzu kamen die vielen Erfolge, die engen Spiele gegen etablierte Bezirksligamannschaften und die allgemein ungeheure Entwicklung, die die Jungs genommen haben. Diese Saison war unbeschreiblich und unvergesslich. Wir k\u00f6nnen wohl behaupten, dass hier eine Mannschaft kommt, die dem Verein noch viel Freude bereiten wird.<\/p>\n<p><strong>Danke Jungs! Ihr wart absolut \u00fcberragend! <\/strong><strong>\u00a0<\/strong><\/p>\n<p>Mit freundlichen Gr\u00fc\u00dfen<\/p>\n<p>Coach P.<\/p>\n<p>Aufstellung: \u00a0\u00a0\u00a0\u00a0\u00a0\u00a0\u00a0\u00a0\u00a0\u00a0\u00a0\u00a0\u00a0\u00a0\u00a0\u00a0\u00a0\u00a0\u00a0\u00a0\u00a0\u00a0\u00a0\u00a0\u00a0\u00a0\u00a0\u00a0\u00a0\u00a0\u00a0\u00a0\u00a0\u00a0\u00a0\u00a0\u00a0\u00a0\u00a0\u00a0\u00a0\u00a0\u00a0\u00a0\u00a0\u00a0\u00a0\u00a0\u00a0\u00a0\u00a0\u00a0 K. Gravemeyer<\/p>\n<ol>\n<li>Brokamp M. Glandorf\u00a0\u00a0\u00a0\u00a0\u00a0\u00a0 N. Kramer\u00a0\u00a0\u00a0\u00a0\u00a0\u00a0\u00a0\u00a0\u00a0\u00a0 V. Chifan<\/li>\n<li>Fischer<\/li>\n<li>\u00a0\u00a0\u00a0\u00a0\u00a0\u00a0\u00a0\u00a0 Herfert\u00a0\u00a0\u00a0\u00a0\u00a0\u00a0\u00a0\u00a0\u00a0\u00a0\u00a0\u00a0\u00a0\u00a0\u00a0 L. Dalinghaus<\/li>\n<li>\u00a0\u00a0\u00a0\u00a0\u00a0\u00a0\u00a0\u00a0\u00a0\u00a0\u00a0\u00a0\u00a0\u00a0\u00a0\u00a0\u00a0\u00a0\u00a0\u00a0\u00a0\u00a0\u00a0\u00a0\u00a0\u00a0\u00a0\u00a0\u00a0\u00a0 Olberding\u00a0\u00a0\u00a0\u00a0\u00a0\u00a0\u00a0\u00a0\u00a0\u00a0\u00a0\u00a0\u00a0\u00a0\u00a0\u00a0\u00a0\u00a0\u00a0\u00a0\u00a0<\/li>\n<li>Kreinest H. Nordmann\u00a0\u00a0\u00a0\u00a0\u00a0\u00a0\u00a0\u00a0\u00a0\u00a0\u00a0\u00a0\u00a0\u00a0 <\/li>\n<\/ol>\n<p>Bank: G. Albers, M. B\u00f6ckmann, A. Jacob<\/p>\n<p>Tore: \u00a0\u00a0\u00a0 0:1 P. Kreinest<\/p>\n<p>\u00a0<\/p>\n<p>Abschlusstabelle:<\/p>\n<p><a href=\"https:\/\/sw-osterfeine.de\/wp-content\/uploads\/2023\/06\/1.-B_Jugend.png\" data-rel=\"lightbox-image-0\" data-rl_title=\"\" data-rl_caption=\"\" title=\"\"><img loading=\"lazy\" decoding=\"async\" class=\"alignleft size-large wp-image-32185\" src=\"https:\/\/sw-osterfeine.de\/wp-content\/uploads\/2023\/06\/1.-B_Jugend-1024x367.png\" alt=\"\" width=\"1024\" height=\"367\" srcset=\"https:\/\/sw-osterfeine.de\/wp-content\/uploads\/2023\/06\/1.-B_Jugend-1024x367.png 1024w, https:\/\/sw-osterfeine.de\/wp-content\/uploads\/2023\/06\/1.-B_Jugend-300x108.png 300w, https:\/\/sw-osterfeine.de\/wp-content\/uploads\/2023\/06\/1.-B_Jugend-768x276.png 768w, https:\/\/sw-osterfeine.de\/wp-content\/uploads\/2023\/06\/1.-B_Jugend-1536x551.png 1536w, https:\/\/sw-osterfeine.de\/wp-content\/uploads\/2023\/06\/1.-B_Jugend.png 1789w\" sizes=\"(max-width: 1024px) 100vw, 1024px\" \/><\/a><\/p>\n<p>\u00a0<\/p>\n<p>\u00a0<\/p>\n","protected":false},"excerpt":{"rendered":"<p>JSG Visbek\/Langf\u00f6rden\/B\u00fchren \u2013 SW Osterfeine 4:2 Das erste unserer zwei verbleibenden Ausw\u00e4rtsspiele zum Abschluss unserer diesj\u00e4hrigen Bezirksligasaison f\u00fchrte uns in den hohen Norden des Landkreises Vechta. Gegen unsere Mitaufsteiger aus dem letzten Jahr wollten wir einen Tag nachdem der VfL Oythe mit einem 6:0 Sieg gegen Cloppenburg II die Meisterschaft (und damit nat\u00fcrlich auch den [&hellip;]<\/p>\n","protected":false},"author":3,"featured_media":0,"comment_status":"closed","ping_status":"closed","sticky":false,"template":"","format":"standard","meta":{"footnotes":""},"categories":[3],"tags":[],"_links":{"self":[{"href":"https:\/\/sw-osterfeine.de\/index.php?rest_route=\/wp\/v2\/posts\/32184"}],"collection":[{"href":"https:\/\/sw-osterfeine.de\/index.php?rest_route=\/wp\/v2\/posts"}],"about":[{"href":"https:\/\/sw-osterfeine.de\/index.php?rest_route=\/wp\/v2\/types\/post"}],"author":[{"embeddable":true,"href":"https:\/\/sw-osterfeine.de\/index.php?rest_route=\/wp\/v2\/users\/3"}],"replies":[{"embeddable":true,"href":"https:\/\/sw-osterfeine.de\/index.php?rest_route=%2Fwp%2Fv2%2Fcomments&post=32184"}],"version-history":[{"count":1,"href":"https:\/\/sw-osterfeine.de\/index.php?rest_route=\/wp\/v2\/posts\/32184\/revisions"}],"predecessor-version":[{"id":32186,"href":"https:\/\/sw-osterfeine.de\/index.php?rest_route=\/wp\/v2\/posts\/32184\/revisions\/32186"}],"wp:attachment":[{"href":"https:\/\/sw-osterfeine.de\/index.php?rest_route=%2Fwp%2Fv2%2Fmedia&parent=32184"}],"wp:term":[{"taxonomy":"category","embeddable":true,"href":"https:\/\/sw-osterfeine.de\/index.php?rest_route=%2Fwp%2Fv2%2Fcategories&post=32184"},{"taxonomy":"post_tag","embeddable":true,"href":"https:\/\/sw-osterfeine.de\/index.php?rest_route=%2Fwp%2Fv2%2Ftags&post=32184"}],"curies":[{"name":"wp","href":"https:\/\/api.w.org\/{rel}","templated":true}]}}