{"id":32217,"date":"2023-07-05T13:32:00","date_gmt":"2023-07-05T11:32:00","guid":{"rendered":"https:\/\/sw-osterfeine.de\/?p=32217"},"modified":"2023-07-05T13:32:00","modified_gmt":"2023-07-05T11:32:00","slug":"jan-bernd-pohlschneider-erlangt-trainer-b-lizenz","status":"publish","type":"post","link":"https:\/\/sw-osterfeine.de\/?p=32217","title":{"rendered":"Jan-Bernd Pohlschneider erlangt Trainer-B-Lizenz!"},"content":{"rendered":"\n<p>Jan-Bernd Pohlschneider hat in dieser Woche seine Trainer-B-Lizenz-Pr\u00fcfung bestanden!<\/p>\n<p>Jan-Bernd ist somit der <strong>einzige<\/strong> OSV-Trainer mit einer aktuell g\u00fcltigen B-Lizenz.<\/p>\n<p>Eine ganz tolle Leistung und einen herzlichen Gl\u00fcckwunsch zur erfolgreichen Pr\u00fcfung vom gesamten Sportverein SW Osterfeine!!!<\/p>\n<p><a href=\"https:\/\/sw-osterfeine.de\/wp-content\/uploads\/2023\/07\/JB-Pohlschneider.jpg\" data-rel=\"lightbox-image-0\" data-rl_title=\"\" data-rl_caption=\"\" title=\"\"><img loading=\"lazy\" decoding=\"async\" class=\"alignleft size-full wp-image-32218\" src=\"https:\/\/sw-osterfeine.de\/wp-content\/uploads\/2023\/07\/JB-Pohlschneider.jpg\" alt=\"\" width=\"482\" height=\"528\" srcset=\"https:\/\/sw-osterfeine.de\/wp-content\/uploads\/2023\/07\/JB-Pohlschneider.jpg 482w, https:\/\/sw-osterfeine.de\/wp-content\/uploads\/2023\/07\/JB-Pohlschneider-274x300.jpg 274w\" sizes=\"(max-width: 482px) 100vw, 482px\" \/><\/a><\/p>\n","protected":false},"excerpt":{"rendered":"<p>Jan-Bernd Pohlschneider hat in dieser Woche seine Trainer-B-Lizenz-Pr\u00fcfung bestanden! Jan-Bernd ist somit der einzige OSV-Trainer mit einer aktuell g\u00fcltigen B-Lizenz. Eine ganz tolle Leistung und einen herzlichen Gl\u00fcckwunsch zur erfolgreichen Pr\u00fcfung vom gesamten Sportverein SW Osterfeine!!!<\/p>\n","protected":false},"author":3,"featured_media":0,"comment_status":"closed","ping_status":"closed","sticky":false,"template":"","format":"standard","meta":{"footnotes":""},"categories":[3],"tags":[],"_links":{"self":[{"href":"https:\/\/sw-osterfeine.de\/index.php?rest_route=\/wp\/v2\/posts\/32217"}],"collection":[{"href":"https:\/\/sw-osterfeine.de\/index.php?rest_route=\/wp\/v2\/posts"}],"about":[{"href":"https:\/\/sw-osterfeine.de\/index.php?rest_route=\/wp\/v2\/types\/post"}],"author":[{"embeddable":true,"href":"https:\/\/sw-osterfeine.de\/index.php?rest_route=\/wp\/v2\/users\/3"}],"replies":[{"embeddable":true,"href":"https:\/\/sw-osterfeine.de\/index.php?rest_route=%2Fwp%2Fv2%2Fcomments&post=32217"}],"version-history":[{"count":2,"href":"https:\/\/sw-osterfeine.de\/index.php?rest_route=\/wp\/v2\/posts\/32217\/revisions"}],"predecessor-version":[{"id":32220,"href":"https:\/\/sw-osterfeine.de\/index.php?rest_route=\/wp\/v2\/posts\/32217\/revisions\/32220"}],"wp:attachment":[{"href":"https:\/\/sw-osterfeine.de\/index.php?rest_route=%2Fwp%2Fv2%2Fmedia&parent=32217"}],"wp:term":[{"taxonomy":"category","embeddable":true,"href":"https:\/\/sw-osterfeine.de\/index.php?rest_route=%2Fwp%2Fv2%2Fcategories&post=32217"},{"taxonomy":"post_tag","embeddable":true,"href":"https:\/\/sw-osterfeine.de\/index.php?rest_route=%2Fwp%2Fv2%2Ftags&post=32217"}],"curies":[{"name":"wp","href":"https:\/\/api.w.org\/{rel}","templated":true}]}}