{"id":32241,"date":"2023-07-07T05:53:07","date_gmt":"2023-07-07T03:53:07","guid":{"rendered":"https:\/\/sw-osterfeine.de\/?p=32241"},"modified":"2023-07-07T05:53:07","modified_gmt":"2023-07-07T03:53:07","slug":"saison-22-23-was-fuer-eine-osv-erfolgs-geschichte","status":"publish","type":"post","link":"https:\/\/sw-osterfeine.de\/?p=32241","title":{"rendered":"Saison 22\/23 &#8211; Was f\u00fcr eine OSV-Erfolgs-Geschichte!!"},"content":{"rendered":"\n<p>\u00a0<\/p>\n<p>Ein zusammenfassender R\u00fcckblick auf die OSV-Vereins-Saison 2022\/2023 k\u00f6nnte mit dem folgenden Wort beschrieben werden: HISTORISCH !! \u00a0<\/p>\n<p>In den vergangenen Wochen hagelte es f\u00f6rmlich an Meisterschaften, Aufstiegen und Auszeichnungen.<\/p>\n<p>Ein solch erfolgreiches Abschneiden unserer Mannschaften hat es definitiv selten zuvor gegeben.<\/p>\n<p><strong>Deshalb soll an dieser Stelle nochmal allen Sportlern, Trainern, Betreuern, Verantwortlichen, Zuschauern und Unterst\u00fctzern ein gro\u00dfes Lob gezollt werden und herzlich zu den erreichten Leistungen gratuliert werden !!<\/strong><\/p>\n<p>Nachfolgend nochmal eine Auflistung der errungenen Erfolge und Auszeichnungen:<\/p>\n<p>\u00a0<\/p>\n<p>Foto 1:<\/p>\n<p><strong>E1-Fu\u00dfball &#8211;&gt; Kreismeister<br \/><\/strong><\/p>\n<p>Foto 2:<\/p>\n<p><strong>D2-Jugend Fu\u00dfball &#8211;&gt; Staffelsieger<br \/><\/strong><\/p>\n<p>Foto 3:<\/p>\n<p><strong>D1-Jugend Fu\u00dfball &#8211;&gt; Staffelsieger<\/strong><\/p>\n<p>Foto 4:<\/p>\n<p><strong>A-Jugend Fu\u00dfball &#8211;&gt; Staffelsieger + Kreispokal-Finalist + Fairnesspreissieger<\/strong><\/p>\n<p>Foto 5:<\/p>\n<p><strong>Alte Herren Fu\u00dfball &#8211;&gt; Kreismeister<\/strong><\/p>\n<p>Foto 6:<\/p>\n<p><strong>F1-Jugend Fu\u00dfball &#8211;&gt; Staffelsieger<\/strong><\/p>\n<p>Foto 7:<\/p>\n<p><strong>E3-Jugend Fu\u00dfball &#8211;&gt; Staffelsieger <\/strong><\/p>\n<p>Foto 8:<\/p>\n<p><strong>E-Jugend Handball &#8211;&gt; Meister Regionsoberliga<\/strong><\/p>\n<p>Foto 9:<\/p>\n<p><strong>B-Jugend Handball &#8211;&gt; Aufstieg Landesliga<\/strong><\/p>\n<p>Foto 10:<\/p>\n<p><strong>A-Jugend Handball &#8211;&gt; Aufstieg Landesliga<\/strong><\/p>\n<p>Foto 11:<\/p>\n<p><strong>1. Damen Handball &#8211;&gt; Meister Regionsoberliga (Aufstieg in Landesliga)<\/strong><\/p>\n<p>Foto 12:<\/p>\n<p><strong>2. Damen Handball &#8211;&gt; Meister Regionsliga<\/strong><\/p>\n<p>Foto 13:<\/p>\n<p><strong>2. Herren Fu\u00dfball, 1. A-Jugend Fu\u00dfball, 2. B-Jugend Fu\u00dfball, 2. C-Jugend-Fu\u00dfball &#8211;&gt; Fairnesspreissieger<\/strong><\/p>\n<p>\u00a0<\/p>\n<p>\u00a0<\/p>\n<p><a href=\"https:\/\/sw-osterfeine.de\/wp-content\/uploads\/2023\/07\/1.-E-Jugend-3.jpg\" data-rel=\"lightbox-image-0\" data-rl_title=\"\" data-rl_caption=\"\" title=\"\"><img loading=\"lazy\" decoding=\"async\" class=\"alignleft size-full wp-image-32239\" src=\"https:\/\/sw-osterfeine.de\/wp-content\/uploads\/2023\/07\/1.-E-Jugend-3.jpg\" alt=\"\" width=\"661\" height=\"600\" srcset=\"https:\/\/sw-osterfeine.de\/wp-content\/uploads\/2023\/07\/1.-E-Jugend-3.jpg 661w, https:\/\/sw-osterfeine.de\/wp-content\/uploads\/2023\/07\/1.-E-Jugend-3-300x272.jpg 300w\" sizes=\"(max-width: 661px) 100vw, 661px\" \/><\/a> <a href=\"https:\/\/sw-osterfeine.de\/wp-content\/uploads\/2023\/07\/2.-D-Jugend.jpg\" data-rel=\"lightbox-image-1\" data-rl_title=\"\" data-rl_caption=\"\" title=\"\"><img loading=\"lazy\" decoding=\"async\" class=\"alignleft size-full wp-image-32235\" src=\"https:\/\/sw-osterfeine.de\/wp-content\/uploads\/2023\/07\/2.-D-Jugend.jpg\" alt=\"\" width=\"650\" height=\"478\" srcset=\"https:\/\/sw-osterfeine.de\/wp-content\/uploads\/2023\/07\/2.-D-Jugend.jpg 650w, https:\/\/sw-osterfeine.de\/wp-content\/uploads\/2023\/07\/2.-D-Jugend-300x221.jpg 300w\" sizes=\"(max-width: 650px) 100vw, 650px\" \/><\/a> <a href=\"https:\/\/sw-osterfeine.de\/wp-content\/uploads\/2023\/07\/1.-D-Jugend.jpg\" data-rel=\"lightbox-image-2\" data-rl_title=\"\" data-rl_caption=\"\" title=\"\"><img loading=\"lazy\" decoding=\"async\" class=\"alignleft size-full wp-image-32232\" src=\"https:\/\/sw-osterfeine.de\/wp-content\/uploads\/2023\/07\/1.-D-Jugend.jpg\" alt=\"\" width=\"800\" height=\"600\" srcset=\"https:\/\/sw-osterfeine.de\/wp-content\/uploads\/2023\/07\/1.-D-Jugend.jpg 800w, https:\/\/sw-osterfeine.de\/wp-content\/uploads\/2023\/07\/1.-D-Jugend-300x225.jpg 300w, https:\/\/sw-osterfeine.de\/wp-content\/uploads\/2023\/07\/1.-D-Jugend-768x576.jpg 768w\" sizes=\"(max-width: 800px) 100vw, 800px\" \/><\/a> <a href=\"https:\/\/sw-osterfeine.de\/wp-content\/uploads\/2023\/07\/A-Jugend.jpg\" data-rel=\"lightbox-image-3\" data-rl_title=\"\" data-rl_caption=\"\" title=\"\"><img loading=\"lazy\" decoding=\"async\" class=\"alignleft size-full wp-image-32223\" src=\"https:\/\/sw-osterfeine.de\/wp-content\/uploads\/2023\/07\/A-Jugend.jpg\" alt=\"\" width=\"800\" height=\"383\" srcset=\"https:\/\/sw-osterfeine.de\/wp-content\/uploads\/2023\/07\/A-Jugend.jpg 800w, https:\/\/sw-osterfeine.de\/wp-content\/uploads\/2023\/07\/A-Jugend-300x144.jpg 300w, https:\/\/sw-osterfeine.de\/wp-content\/uploads\/2023\/07\/A-Jugend-768x368.jpg 768w\" sizes=\"(max-width: 800px) 100vw, 800px\" \/><\/a> <a href=\"https:\/\/sw-osterfeine.de\/wp-content\/uploads\/2023\/07\/Alte-Herren.jpg\" data-rel=\"lightbox-image-4\" data-rl_title=\"\" data-rl_caption=\"\" title=\"\"><img loading=\"lazy\" decoding=\"async\" class=\"alignleft size-full wp-image-32222\" src=\"https:\/\/sw-osterfeine.de\/wp-content\/uploads\/2023\/07\/Alte-Herren.jpg\" alt=\"\" width=\"1024\" height=\"768\" srcset=\"https:\/\/sw-osterfeine.de\/wp-content\/uploads\/2023\/07\/Alte-Herren.jpg 1024w, https:\/\/sw-osterfeine.de\/wp-content\/uploads\/2023\/07\/Alte-Herren-300x225.jpg 300w, https:\/\/sw-osterfeine.de\/wp-content\/uploads\/2023\/07\/Alte-Herren-768x576.jpg 768w\" sizes=\"(max-width: 1024px) 100vw, 1024px\" \/><\/a> <a href=\"https:\/\/sw-osterfeine.de\/wp-content\/uploads\/2023\/07\/1.-F-Jugend.jpg\" data-rel=\"lightbox-image-5\" data-rl_title=\"\" data-rl_caption=\"\" title=\"\"><img loading=\"lazy\" decoding=\"async\" class=\"alignleft size-full wp-image-32240\" src=\"https:\/\/sw-osterfeine.de\/wp-content\/uploads\/2023\/07\/1.-F-Jugend.jpg\" alt=\"\" width=\"749\" height=\"368\" srcset=\"https:\/\/sw-osterfeine.de\/wp-content\/uploads\/2023\/07\/1.-F-Jugend.jpg 749w, https:\/\/sw-osterfeine.de\/wp-content\/uploads\/2023\/07\/1.-F-Jugend-300x147.jpg 300w\" sizes=\"(max-width: 749px) 100vw, 749px\" \/><\/a> <a href=\"https:\/\/sw-osterfeine.de\/wp-content\/uploads\/2023\/07\/2.-F-Jugend.jpg\" data-rel=\"lightbox-image-6\" data-rl_title=\"\" data-rl_caption=\"\" title=\"\"><img loading=\"lazy\" decoding=\"async\" class=\"alignleft size-full wp-image-32243\" src=\"https:\/\/sw-osterfeine.de\/wp-content\/uploads\/2023\/07\/2.-F-Jugend.jpg\" alt=\"\" width=\"800\" height=\"600\" srcset=\"https:\/\/sw-osterfeine.de\/wp-content\/uploads\/2023\/07\/2.-F-Jugend.jpg 800w, https:\/\/sw-osterfeine.de\/wp-content\/uploads\/2023\/07\/2.-F-Jugend-300x225.jpg 300w, https:\/\/sw-osterfeine.de\/wp-content\/uploads\/2023\/07\/2.-F-Jugend-768x576.jpg 768w\" sizes=\"(max-width: 800px) 100vw, 800px\" \/><\/a> <a href=\"https:\/\/sw-osterfeine.de\/wp-content\/uploads\/2023\/07\/E-Jugend-Handball.jpg\" data-rel=\"lightbox-image-7\" data-rl_title=\"\" data-rl_caption=\"\" title=\"\"><img loading=\"lazy\" decoding=\"async\" class=\"alignleft size-full wp-image-32244\" src=\"https:\/\/sw-osterfeine.de\/wp-content\/uploads\/2023\/07\/E-Jugend-Handball.jpg\" alt=\"\" width=\"800\" height=\"579\" srcset=\"https:\/\/sw-osterfeine.de\/wp-content\/uploads\/2023\/07\/E-Jugend-Handball.jpg 800w, https:\/\/sw-osterfeine.de\/wp-content\/uploads\/2023\/07\/E-Jugend-Handball-300x217.jpg 300w, https:\/\/sw-osterfeine.de\/wp-content\/uploads\/2023\/07\/E-Jugend-Handball-768x556.jpg 768w\" sizes=\"(max-width: 800px) 100vw, 800px\" \/><\/a> <a href=\"https:\/\/sw-osterfeine.de\/wp-content\/uploads\/2023\/07\/B-Jugend-Handball.jpg\" data-rel=\"lightbox-image-8\" data-rl_title=\"\" data-rl_caption=\"\" title=\"\"><img loading=\"lazy\" decoding=\"async\" class=\"alignleft size-full wp-image-32245\" src=\"https:\/\/sw-osterfeine.de\/wp-content\/uploads\/2023\/07\/B-Jugend-Handball.jpg\" alt=\"\" width=\"473\" height=\"427\" srcset=\"https:\/\/sw-osterfeine.de\/wp-content\/uploads\/2023\/07\/B-Jugend-Handball.jpg 473w, https:\/\/sw-osterfeine.de\/wp-content\/uploads\/2023\/07\/B-Jugend-Handball-300x271.jpg 300w\" sizes=\"(max-width: 473px) 100vw, 473px\" \/><\/a> <a href=\"https:\/\/sw-osterfeine.de\/wp-content\/uploads\/2023\/07\/A-Jugend-Handball.jpg\" data-rel=\"lightbox-image-9\" data-rl_title=\"\" data-rl_caption=\"\" title=\"\"><img loading=\"lazy\" decoding=\"async\" class=\"alignleft size-full wp-image-32246\" src=\"https:\/\/sw-osterfeine.de\/wp-content\/uploads\/2023\/07\/A-Jugend-Handball.jpg\" alt=\"\" width=\"800\" height=\"525\" srcset=\"https:\/\/sw-osterfeine.de\/wp-content\/uploads\/2023\/07\/A-Jugend-Handball.jpg 800w, https:\/\/sw-osterfeine.de\/wp-content\/uploads\/2023\/07\/A-Jugend-Handball-300x197.jpg 300w, https:\/\/sw-osterfeine.de\/wp-content\/uploads\/2023\/07\/A-Jugend-Handball-768x504.jpg 768w\" sizes=\"(max-width: 800px) 100vw, 800px\" \/><\/a> <a href=\"https:\/\/sw-osterfeine.de\/wp-content\/uploads\/2023\/07\/1.-Damen.jpg\" data-rel=\"lightbox-image-10\" data-rl_title=\"\" data-rl_caption=\"\" title=\"\"><img loading=\"lazy\" decoding=\"async\" class=\"alignleft size-full wp-image-32247\" src=\"https:\/\/sw-osterfeine.de\/wp-content\/uploads\/2023\/07\/1.-Damen.jpg\" alt=\"\" width=\"610\" height=\"600\" srcset=\"https:\/\/sw-osterfeine.de\/wp-content\/uploads\/2023\/07\/1.-Damen.jpg 610w, https:\/\/sw-osterfeine.de\/wp-content\/uploads\/2023\/07\/1.-Damen-300x295.jpg 300w\" sizes=\"(max-width: 610px) 100vw, 610px\" \/><\/a> <a href=\"https:\/\/sw-osterfeine.de\/wp-content\/uploads\/2023\/07\/2.-Damen.jpg\" data-rel=\"lightbox-image-11\" data-rl_title=\"\" data-rl_caption=\"\" title=\"\"><img loading=\"lazy\" decoding=\"async\" class=\"alignleft size-full wp-image-32248\" src=\"https:\/\/sw-osterfeine.de\/wp-content\/uploads\/2023\/07\/2.-Damen.jpg\" alt=\"\" width=\"770\" height=\"600\" srcset=\"https:\/\/sw-osterfeine.de\/wp-content\/uploads\/2023\/07\/2.-Damen.jpg 770w, https:\/\/sw-osterfeine.de\/wp-content\/uploads\/2023\/07\/2.-Damen-300x234.jpg 300w, https:\/\/sw-osterfeine.de\/wp-content\/uploads\/2023\/07\/2.-Damen-768x598.jpg 768w\" sizes=\"(max-width: 770px) 100vw, 770px\" \/><\/a> <a href=\"https:\/\/sw-osterfeine.de\/wp-content\/uploads\/2023\/07\/NFV2-scaled-1.jpg\" data-rel=\"lightbox-image-12\" data-rl_title=\"\" data-rl_caption=\"\" title=\"\"><img loading=\"lazy\" decoding=\"async\" class=\"alignleft size-large wp-image-32249\" src=\"https:\/\/sw-osterfeine.de\/wp-content\/uploads\/2023\/07\/NFV2-scaled-1-1024x768.jpg\" alt=\"\" width=\"1024\" height=\"768\" srcset=\"https:\/\/sw-osterfeine.de\/wp-content\/uploads\/2023\/07\/NFV2-scaled-1-1024x768.jpg 1024w, https:\/\/sw-osterfeine.de\/wp-content\/uploads\/2023\/07\/NFV2-scaled-1-300x225.jpg 300w, https:\/\/sw-osterfeine.de\/wp-content\/uploads\/2023\/07\/NFV2-scaled-1-768x576.jpg 768w, https:\/\/sw-osterfeine.de\/wp-content\/uploads\/2023\/07\/NFV2-scaled-1-1536x1152.jpg 1536w, https:\/\/sw-osterfeine.de\/wp-content\/uploads\/2023\/07\/NFV2-scaled-1-2048x1536.jpg 2048w\" sizes=\"(max-width: 1024px) 100vw, 1024px\" \/><\/a><\/p>\n","protected":false},"excerpt":{"rendered":"<p>\u00a0 Ein zusammenfassender R\u00fcckblick auf die OSV-Vereins-Saison 2022\/2023 k\u00f6nnte mit dem folgenden Wort beschrieben werden: HISTORISCH !! \u00a0 In den vergangenen Wochen hagelte es f\u00f6rmlich an Meisterschaften, Aufstiegen und Auszeichnungen. Ein solch erfolgreiches Abschneiden unserer Mannschaften hat es definitiv selten zuvor gegeben. Deshalb soll an dieser Stelle nochmal allen Sportlern, Trainern, Betreuern, Verantwortlichen, Zuschauern und [&hellip;]<\/p>\n","protected":false},"author":3,"featured_media":0,"comment_status":"closed","ping_status":"closed","sticky":false,"template":"","format":"standard","meta":{"footnotes":""},"categories":[3,1],"tags":[],"_links":{"self":[{"href":"https:\/\/sw-osterfeine.de\/index.php?rest_route=\/wp\/v2\/posts\/32241"}],"collection":[{"href":"https:\/\/sw-osterfeine.de\/index.php?rest_route=\/wp\/v2\/posts"}],"about":[{"href":"https:\/\/sw-osterfeine.de\/index.php?rest_route=\/wp\/v2\/types\/post"}],"author":[{"embeddable":true,"href":"https:\/\/sw-osterfeine.de\/index.php?rest_route=\/wp\/v2\/users\/3"}],"replies":[{"embeddable":true,"href":"https:\/\/sw-osterfeine.de\/index.php?rest_route=%2Fwp%2Fv2%2Fcomments&post=32241"}],"version-history":[{"count":4,"href":"https:\/\/sw-osterfeine.de\/index.php?rest_route=\/wp\/v2\/posts\/32241\/revisions"}],"predecessor-version":[{"id":32253,"href":"https:\/\/sw-osterfeine.de\/index.php?rest_route=\/wp\/v2\/posts\/32241\/revisions\/32253"}],"wp:attachment":[{"href":"https:\/\/sw-osterfeine.de\/index.php?rest_route=%2Fwp%2Fv2%2Fmedia&parent=32241"}],"wp:term":[{"taxonomy":"category","embeddable":true,"href":"https:\/\/sw-osterfeine.de\/index.php?rest_route=%2Fwp%2Fv2%2Fcategories&post=32241"},{"taxonomy":"post_tag","embeddable":true,"href":"https:\/\/sw-osterfeine.de\/index.php?rest_route=%2Fwp%2Fv2%2Ftags&post=32241"}],"curies":[{"name":"wp","href":"https:\/\/api.w.org\/{rel}","templated":true}]}}