{"id":32369,"date":"2023-07-26T13:01:31","date_gmt":"2023-07-26T11:01:31","guid":{"rendered":"https:\/\/sw-osterfeine.de\/?p=32369"},"modified":"2023-07-26T13:01:31","modified_gmt":"2023-07-26T11:01:31","slug":"gw-muehlen-gewinnt-den-volksbank-cup-2023","status":"publish","type":"post","link":"https:\/\/sw-osterfeine.de\/?p=32369","title":{"rendered":"GW M\u00fchlen gewinnt den Volksbank-Cup 2023"},"content":{"rendered":"\n<p>GW M\u00fchlen hat gestern Abend verdient mit 4:1 gegen unsere Mannschaft den Volksbank-Cup 2023 gewinnen k\u00f6nnen.<\/p>\n<p>M\u00fchlen zeigte von Beginn an ein technisch hochwertiges und schnelles Angriffsspiel und f\u00fchrte zur Halbzeit durch zwei Tore von Jan Leiber mit 2:0. Nach dem Seitenwechsel erh\u00f6hte Leonard Westermann mit einer Direktabnahme nach einer Ecke auf 3:0. Unsere junge Mannschaft lie\u00df allerdings nicht die K\u00f6pfe h\u00e4ngen und verk\u00fcrzte durch ein sch\u00f6nes Tor von Georg gr. Kl\u00f6nne auf 1:3. Den Schlusspunkt setzte Marcel Schillm\u00f6ller mit dem 4:1 f\u00fcr M\u00fchlen.<\/p>\n<p>Der Sportverein SW Osterfeine gratuliert der Mannschaft aus M\u00fchlen zu dem verdienten Turniersieg.<\/p>\n<p><a href=\"https:\/\/sw-osterfeine.de\/wp-content\/uploads\/2023\/07\/PHOTO-2023-07-26-12-34-21.jpg\" data-rel=\"lightbox-image-0\" data-rl_title=\"\" data-rl_caption=\"\" title=\"\"><img loading=\"lazy\" decoding=\"async\" class=\"alignleft size-full wp-image-32370\" src=\"https:\/\/sw-osterfeine.de\/wp-content\/uploads\/2023\/07\/PHOTO-2023-07-26-12-34-21.jpg\" alt=\"\" width=\"800\" height=\"600\" srcset=\"https:\/\/sw-osterfeine.de\/wp-content\/uploads\/2023\/07\/PHOTO-2023-07-26-12-34-21.jpg 800w, https:\/\/sw-osterfeine.de\/wp-content\/uploads\/2023\/07\/PHOTO-2023-07-26-12-34-21-300x225.jpg 300w, https:\/\/sw-osterfeine.de\/wp-content\/uploads\/2023\/07\/PHOTO-2023-07-26-12-34-21-768x576.jpg 768w\" sizes=\"(max-width: 800px) 100vw, 800px\" \/><\/a><\/p>\n<p>\u00a0<\/p>\n<p>\u00a0<\/p>\n<p>\u00a0<\/p>\n<p>\u00a0<\/p>\n<p>\u00a0<\/p>\n<p>\u00a0<\/p>\n<p>\u00a0<\/p>\n<p>\u00a0<\/p>\n<p>\u00a0<\/p>\n<p>\u00a0<\/p>\n<p>\u00a0<\/p>\n<p>\u00a0<\/p>\n<p>\u00a0<\/p>\n<p>\u00a0<\/p>\n<p>\u00a0<\/p>\n<p>\u00a0<\/p>\n<p>\u00a0<\/p>\n<p>Das Spiel um Platz drei konnte RW Damme mit 2:0 gegen Falke Steinfeld gewinnen. Die extrem junge Dammer Mannschaft zeigte ein ansehnliches Spiel und gewann verdient gegen den Landesliga-Absteiger Steinfeld.<\/p>\n<p>\u00a0<\/p>\n<p>Sieger Reserve-Cup:<\/p>\n<p>GW M\u00fchlen II gegen Falke Steinfeld II = 3:0<\/p>\n<p>\u00a0<\/p>\n<p>Sieger Kreisklassen-Cup:<\/p>\n<p>SW Osterfeine III gegen RW Damme III = 2:1<\/p>\n<p>\u00a0<\/p>\n<p><strong>Allen teilnehmenden Mannschaften, Schiedsrichtern, Organisatoren und Helfern ein herzliches Dankesch\u00f6n f\u00fcr zwei sch\u00f6ne Turniertage!<\/strong><\/p>\n<p>\u00a0<\/p>\n<p>\u00a0<\/p>\n","protected":false},"excerpt":{"rendered":"<p>GW M\u00fchlen hat gestern Abend verdient mit 4:1 gegen unsere Mannschaft den Volksbank-Cup 2023 gewinnen k\u00f6nnen. M\u00fchlen zeigte von Beginn an ein technisch hochwertiges und schnelles Angriffsspiel und f\u00fchrte zur Halbzeit durch zwei Tore von Jan Leiber mit 2:0. Nach dem Seitenwechsel erh\u00f6hte Leonard Westermann mit einer Direktabnahme nach einer Ecke auf 3:0. Unsere junge [&hellip;]<\/p>\n","protected":false},"author":3,"featured_media":0,"comment_status":"closed","ping_status":"closed","sticky":false,"template":"","format":"standard","meta":{"footnotes":""},"categories":[3],"tags":[],"_links":{"self":[{"href":"https:\/\/sw-osterfeine.de\/index.php?rest_route=\/wp\/v2\/posts\/32369"}],"collection":[{"href":"https:\/\/sw-osterfeine.de\/index.php?rest_route=\/wp\/v2\/posts"}],"about":[{"href":"https:\/\/sw-osterfeine.de\/index.php?rest_route=\/wp\/v2\/types\/post"}],"author":[{"embeddable":true,"href":"https:\/\/sw-osterfeine.de\/index.php?rest_route=\/wp\/v2\/users\/3"}],"replies":[{"embeddable":true,"href":"https:\/\/sw-osterfeine.de\/index.php?rest_route=%2Fwp%2Fv2%2Fcomments&post=32369"}],"version-history":[{"count":6,"href":"https:\/\/sw-osterfeine.de\/index.php?rest_route=\/wp\/v2\/posts\/32369\/revisions"}],"predecessor-version":[{"id":32376,"href":"https:\/\/sw-osterfeine.de\/index.php?rest_route=\/wp\/v2\/posts\/32369\/revisions\/32376"}],"wp:attachment":[{"href":"https:\/\/sw-osterfeine.de\/index.php?rest_route=%2Fwp%2Fv2%2Fmedia&parent=32369"}],"wp:term":[{"taxonomy":"category","embeddable":true,"href":"https:\/\/sw-osterfeine.de\/index.php?rest_route=%2Fwp%2Fv2%2Fcategories&post=32369"},{"taxonomy":"post_tag","embeddable":true,"href":"https:\/\/sw-osterfeine.de\/index.php?rest_route=%2Fwp%2Fv2%2Ftags&post=32369"}],"curies":[{"name":"wp","href":"https:\/\/api.w.org\/{rel}","templated":true}]}}