{"id":32384,"date":"2023-07-27T18:23:11","date_gmt":"2023-07-27T16:23:11","guid":{"rendered":"https:\/\/sw-osterfeine.de\/?p=32384"},"modified":"2023-07-27T18:23:11","modified_gmt":"2023-07-27T16:23:11","slug":"vfl-osnabrueck-a-jugend-bedankt-sich-fuer-gastfreundlichkeit","status":"publish","type":"post","link":"https:\/\/sw-osterfeine.de\/?p=32384","title":{"rendered":"VFL Osnabr\u00fcck A-Jugend bedankt sich f\u00fcr Gastfreundlichkeit!"},"content":{"rendered":"\n<p>\u00a0<\/p>\n<p>Die A-Jugend vom VFL Osnabr\u00fcck war letzte Woche auf unserer Sportanlage zu Gast im Rahmen ihres Trainingslagers. Die Mannschaft nutze unsere Trainingspl\u00e4tze und absolvierte ein Testspiel gegen die A-Jugend von Arminia Bielefeld. Die Bundesliga-A-Jugend vom VFL Osnabr\u00fcck bedankte sich via sozialer Medien f\u00fcr unsere Gastfreundlichkeit.<\/p>\n<p>\u00a0<\/p>\n<p><a href=\"https:\/\/sw-osterfeine.de\/wp-content\/uploads\/2023\/07\/33658b2b-0f1f-4bf6-a1a6-f1441d9d4163.jpeg\" data-rel=\"lightbox-image-0\" data-rl_title=\"\" data-rl_caption=\"\" title=\"\"><img loading=\"lazy\" decoding=\"async\" class=\"alignleft size-full wp-image-32385\" src=\"https:\/\/sw-osterfeine.de\/wp-content\/uploads\/2023\/07\/33658b2b-0f1f-4bf6-a1a6-f1441d9d4163.jpeg\" alt=\"\" width=\"338\" height=\"600\" srcset=\"https:\/\/sw-osterfeine.de\/wp-content\/uploads\/2023\/07\/33658b2b-0f1f-4bf6-a1a6-f1441d9d4163.jpeg 338w, https:\/\/sw-osterfeine.de\/wp-content\/uploads\/2023\/07\/33658b2b-0f1f-4bf6-a1a6-f1441d9d4163-169x300.jpeg 169w\" sizes=\"(max-width: 338px) 100vw, 338px\" \/><\/a><\/p>\n","protected":false},"excerpt":{"rendered":"<p>\u00a0 Die A-Jugend vom VFL Osnabr\u00fcck war letzte Woche auf unserer Sportanlage zu Gast im Rahmen ihres Trainingslagers. Die Mannschaft nutze unsere Trainingspl\u00e4tze und absolvierte ein Testspiel gegen die A-Jugend von Arminia Bielefeld. Die Bundesliga-A-Jugend vom VFL Osnabr\u00fcck bedankte sich via sozialer Medien f\u00fcr unsere Gastfreundlichkeit. \u00a0<\/p>\n","protected":false},"author":3,"featured_media":0,"comment_status":"closed","ping_status":"closed","sticky":false,"template":"","format":"standard","meta":{"footnotes":""},"categories":[3],"tags":[],"_links":{"self":[{"href":"https:\/\/sw-osterfeine.de\/index.php?rest_route=\/wp\/v2\/posts\/32384"}],"collection":[{"href":"https:\/\/sw-osterfeine.de\/index.php?rest_route=\/wp\/v2\/posts"}],"about":[{"href":"https:\/\/sw-osterfeine.de\/index.php?rest_route=\/wp\/v2\/types\/post"}],"author":[{"embeddable":true,"href":"https:\/\/sw-osterfeine.de\/index.php?rest_route=\/wp\/v2\/users\/3"}],"replies":[{"embeddable":true,"href":"https:\/\/sw-osterfeine.de\/index.php?rest_route=%2Fwp%2Fv2%2Fcomments&post=32384"}],"version-history":[{"count":3,"href":"https:\/\/sw-osterfeine.de\/index.php?rest_route=\/wp\/v2\/posts\/32384\/revisions"}],"predecessor-version":[{"id":32388,"href":"https:\/\/sw-osterfeine.de\/index.php?rest_route=\/wp\/v2\/posts\/32384\/revisions\/32388"}],"wp:attachment":[{"href":"https:\/\/sw-osterfeine.de\/index.php?rest_route=%2Fwp%2Fv2%2Fmedia&parent=32384"}],"wp:term":[{"taxonomy":"category","embeddable":true,"href":"https:\/\/sw-osterfeine.de\/index.php?rest_route=%2Fwp%2Fv2%2Fcategories&post=32384"},{"taxonomy":"post_tag","embeddable":true,"href":"https:\/\/sw-osterfeine.de\/index.php?rest_route=%2Fwp%2Fv2%2Ftags&post=32384"}],"curies":[{"name":"wp","href":"https:\/\/api.w.org\/{rel}","templated":true}]}}