{"id":32389,"date":"2023-07-27T19:16:32","date_gmt":"2023-07-27T17:16:32","guid":{"rendered":"https:\/\/sw-osterfeine.de\/?p=32389"},"modified":"2023-07-27T19:16:32","modified_gmt":"2023-07-27T17:16:32","slug":"ferienbetreuung-sommer-2023-bricht-alle-rekorde-schon-vor-dem-start","status":"publish","type":"post","link":"https:\/\/sw-osterfeine.de\/?p=32389","title":{"rendered":"<strong>Ferienbetreuung Sommer 2023 bricht alle Rekorde schon vor dem Start.<\/strong>"},"content":{"rendered":"\n<p><strong>Schon 10 Tage vor dem Start hat die seit 10 Jahren bestehende Ferienbetreuung des Sportvereines SW Osterfeine einen neuen Rekord an Anmeldungen erreicht.<\/strong><\/p>\n<p><strong><em><u>Deutlich \u00fcber 100 Kinder (Stand 27.7.23: 121 Kinder)<\/u><\/em><\/strong><strong> im Grundschulalter haben sich f\u00fcr diese Ferienma\u00dfnahme vom 7.8.2023 bis zum 11.8.2023 bereits angemeldet. T\u00e4glich von 8.00 bis 16.00 Uhr k\u00f6nnen sich die Kinder aus Osterfeine, R\u00fcschendorf und umzu in der vereinseigenen Sporthalle und den angrenzenden R\u00e4umlichkeiten bei Spiel, Sport und Spa\u00df nach Herzenslust austoben. Eine Woche lang haben unsere Vereinslokomotive Petra B\u00f6ckerstette und ihr Betreuerteam wieder ein breites Sport- und Spielangebot zusammengestellt und dabei nat\u00fcrlich wieder f\u00fcr eine unschlagbare Vollverpflegung gesorgt. Ein gro\u00dfes Kompliment gilt dabei den zahlreichen ehrenamtlichen Betreuern!!!! H\u00f6chste Achtung f\u00fcr Euer Engagement f\u00fcr die Kinder im OSV. In erster Linie ist hierbei Ida Koldehoff zu nennen, die f\u00fcr die Planung und Betreuung federf\u00fchrend ist. Spezielle Betreuungsehreng\u00e4ste sind dieses Mal unsere EX-FSJ-Raketen Arne Vink und Hanna Glandorf, die sich freiwillig in ihren Ferien um die Kinder k\u00fcmmern!!!!<\/strong><\/p>\n<p><strong>Und das alles gibt es nur beim Sportverein SW Osterfeine ohne eine feste Teilnahmegeb\u00fchr. W\u00e4hrend mittlerweile 3 kurze Fu\u00dfballtage schon deutlich \u00fcber 100 Euro kosten, geht der OSV einen Kinder und Familien freundlichen Weg!!!!!! Am Ende k\u00f6nnen die Eltern freiwillig die OSV-Spendenbox auff\u00fcllen, so wie jeder kann und m\u00f6chte. Gerade an dieser Regelung zeigt sich der Grundgedanke des OSV; Jeder soll die M\u00f6glichkeit haben eine Woche Sport nach Lust und Laune zu treiben. ( Wir wissen, dass diese Ma\u00dfnahme uns Geld kostet, aber das sind uns unsere Kinder allemal wert) Diese Einzigartigkeit bietet der OSV j\u00e4hrlich drei Mal an. In den Osterferien, im Sommer und im Herbst. Neben dem Spa\u00df f\u00fcr die Kinder bietet diese Ferienma\u00dfnahme sicherlich vielen Eltern in Osterfeine und Umgebung eine enorme Flexibilit\u00e4t in der Kinderbetreuungsfrage in der Ferienzeit und bei der Urlaubsplanung. <\/strong><\/p>\n<p><strong>Wer sich mal ein Bild von dieser tollen Vereinsma\u00dfnahme machen m\u00f6chte, sollte in der Woche ab dem 7.8.23 mal ganz unverbl\u00fcmt einen Blick in die Halle werfen. Sp\u00e4testens dann sollte jegliche etwaige schlechte Stimmung wie weggewischt sein, sp\u00e4testens dann sollten alle Ewig-N\u00f6rgeler und <\/strong><strong>Besserwisser mal \u00fcber das Ehrenamt, \u00fcber die Verantwortlichen und die Leistung eines Sportvereines nachdenken\u2026\u2026.<\/strong><\/p>\n<p><strong>Der OSV freut sich schon jetzt wieder auf den gro\u00dfen morgendlichen Ansturm der Kinder zur gr\u00f6\u00dften Ferienbetreuung in der weiteren Umgebung und wir sind alle gespannt, wie hoch der Teilnahmerekord noch nach oben gesteigert werden kann\u2026\u2026 <\/strong><\/p>\n<p><a href=\"https:\/\/sw-osterfeine.de\/wp-content\/uploads\/2023\/07\/tag4.jpg\" data-rel=\"lightbox-image-0\" data-rl_title=\"\" data-rl_caption=\"\" title=\"\"><img loading=\"lazy\" decoding=\"async\" class=\"alignleft size-large wp-image-32390\" src=\"https:\/\/sw-osterfeine.de\/wp-content\/uploads\/2023\/07\/tag4-1024x768.jpg\" alt=\"\" width=\"1024\" height=\"768\" srcset=\"https:\/\/sw-osterfeine.de\/wp-content\/uploads\/2023\/07\/tag4-1024x768.jpg 1024w, https:\/\/sw-osterfeine.de\/wp-content\/uploads\/2023\/07\/tag4-300x225.jpg 300w, https:\/\/sw-osterfeine.de\/wp-content\/uploads\/2023\/07\/tag4-768x576.jpg 768w, https:\/\/sw-osterfeine.de\/wp-content\/uploads\/2023\/07\/tag4-1536x1152.jpg 1536w, https:\/\/sw-osterfeine.de\/wp-content\/uploads\/2023\/07\/tag4.jpg 2048w\" sizes=\"(max-width: 1024px) 100vw, 1024px\" \/><\/a><\/p>\n<p><strong>\u00a0<\/strong><\/p>\n","protected":false},"excerpt":{"rendered":"<p>Schon 10 Tage vor dem Start hat die seit 10 Jahren bestehende Ferienbetreuung des Sportvereines SW Osterfeine einen neuen Rekord an Anmeldungen erreicht. Deutlich \u00fcber 100 Kinder (Stand 27.7.23: 121 Kinder) im Grundschulalter haben sich f\u00fcr diese Ferienma\u00dfnahme vom 7.8.2023 bis zum 11.8.2023 bereits angemeldet. T\u00e4glich von 8.00 bis 16.00 Uhr k\u00f6nnen sich die Kinder [&hellip;]<\/p>\n","protected":false},"author":3,"featured_media":0,"comment_status":"closed","ping_status":"closed","sticky":false,"template":"","format":"standard","meta":{"footnotes":""},"categories":[37],"tags":[],"_links":{"self":[{"href":"https:\/\/sw-osterfeine.de\/index.php?rest_route=\/wp\/v2\/posts\/32389"}],"collection":[{"href":"https:\/\/sw-osterfeine.de\/index.php?rest_route=\/wp\/v2\/posts"}],"about":[{"href":"https:\/\/sw-osterfeine.de\/index.php?rest_route=\/wp\/v2\/types\/post"}],"author":[{"embeddable":true,"href":"https:\/\/sw-osterfeine.de\/index.php?rest_route=\/wp\/v2\/users\/3"}],"replies":[{"embeddable":true,"href":"https:\/\/sw-osterfeine.de\/index.php?rest_route=%2Fwp%2Fv2%2Fcomments&post=32389"}],"version-history":[{"count":2,"href":"https:\/\/sw-osterfeine.de\/index.php?rest_route=\/wp\/v2\/posts\/32389\/revisions"}],"predecessor-version":[{"id":34213,"href":"https:\/\/sw-osterfeine.de\/index.php?rest_route=\/wp\/v2\/posts\/32389\/revisions\/34213"}],"wp:attachment":[{"href":"https:\/\/sw-osterfeine.de\/index.php?rest_route=%2Fwp%2Fv2%2Fmedia&parent=32389"}],"wp:term":[{"taxonomy":"category","embeddable":true,"href":"https:\/\/sw-osterfeine.de\/index.php?rest_route=%2Fwp%2Fv2%2Fcategories&post=32389"},{"taxonomy":"post_tag","embeddable":true,"href":"https:\/\/sw-osterfeine.de\/index.php?rest_route=%2Fwp%2Fv2%2Ftags&post=32389"}],"curies":[{"name":"wp","href":"https:\/\/api.w.org\/{rel}","templated":true}]}}