{"id":32392,"date":"2023-07-27T19:19:49","date_gmt":"2023-07-27T17:19:49","guid":{"rendered":"https:\/\/sw-osterfeine.de\/?p=32392"},"modified":"2023-07-27T19:19:49","modified_gmt":"2023-07-27T17:19:49","slug":"platz-iii-erstrahlt-im-hellen-licht","status":"publish","type":"post","link":"https:\/\/sw-osterfeine.de\/?p=32392","title":{"rendered":"<strong>Platz III erstrahlt im hellen Licht<\/strong>"},"content":{"rendered":"\n\n\n<p><strong>Gl\u00fccklicherweise viele Sportler und viele Zuschauer konnten in den vergangenen Tagen interessante Fu\u00dfballspiele parallel auf 3 Pl\u00e4tzen verfolgen. Von der Landesliga bis zur Kreisklasse, 12 Mannschaften zeigten, dass der Seniorenfu\u00dfball im S\u00fcdkreis Vechta in Quantit\u00e4t und Qualit\u00e4t noch lebt und Beachtung findet. <\/strong><\/p>\n<p><strong>Es zeigte sich, dass der Fu\u00dfball in der Breite gerade im Sportverein SW Osterfeine noch gelebt wird. So konnte unsere IV-Herrenmannschaft leider mangels Platzkapazit\u00e4ten nicht mitmachen.<\/strong><\/p>\n<p><strong>Dabei ist es noch gar nicht so lange her, dass der OSV \u00fcber 3 Rasenpl\u00e4tze verf\u00fcgt, auch wenn f\u00fcr Viele das mittlerweile selbstverst\u00e4ndlich ist. Exakt vor 10 Jahren wurde im Juni 2013 zum 1. Mal auf Platz III trainiert und gespielt. Der Kauf und die Fertigstellung des Platzes war f\u00fcr unseren Verein eine gro\u00dfe finanzielle und arbeitsm\u00e4\u00dfige Herausforderung. Doch mit vereinten Kr\u00e4ften konnte der Platzmangel unserer Fu\u00dfballer behoben werden.<\/strong><\/p>\n<p><strong>Doch in den vergangenen Jahren fehlte unseren Fu\u00dfballern in der dunklen Jahreszeit das erl\u00f6sende Flutlicht, aber das Geld in der Vereinskasse reichte nicht um den Platz sofort mit Licht auszustatten. Doch p\u00fcnktlich zum Beginn der Sportwoche konnte nun auch dieses Vakuum geschlossen werden. Platz III hat nun eine tolle LED-Beleuchtung!!! Ebenso konnten in den letzten Monaten die gr\u00f6\u00dften Spuren der gr\u00e4tschenden Zunft auf Platz III und den anderen Pl\u00e4tzen wieder ausgeglichen werden. Die herausragende ehrenamtliche Arbeit einiger weniger Kr\u00e4fte (J\u00f6rg Lange und Frank B\u00f6ckmann: Ein riesiges pers\u00f6nliches Danke f\u00fcr Eure Megaarbeit \u2013 ich denke die anderen Sportler haben sich alle schon mehrfach bedankt bei Euch? Kompliment f\u00fcr Euer Anpacken: Machen und das kontinuierlich und nicht rumjammern). Nur so haben unsere Fu\u00dfballer bei den Senioren und in der Jugend tolle Platzverh\u00e4ltnisse, wie sie der Sportverein SW Osterfeine noch nie hatte. <\/strong><!--more--><\/p>\n<p><strong>Wie bereits erw\u00e4hnt, kostete die Neuerstellung von Platz III vor 10 Jahren einen enormen Finanzeinsatz unseres Vereines und auch der Kommune. Ein riesiges Danke an die jeweiligen damaligen\u00a0 Vorstandsmitglieder sowie den damaligen Stadtverantwortlichen und die damaligen Ratsherren und Ratsfrauen diesen Weg mit dem OSV gemeinsam zu gehen. <\/strong><\/p>\n<p><strong>In diesen Monaten ist nun das Darlehen f\u00fcr den Erwerb und die Fertigstellung von Platz III getilgt und auch das Flutlicht auf Platz III ist durch unsere sparsame Kassenf\u00fchrung und R\u00fccklagenbildung und durch die 50prozentige Unterst\u00fctzung der Stadt Damme (auch hier den hieran beteiligten Vertretern der Stadt und den Ratsherren\/frauen ein herzliches Danke) bezahlt. Trotz der \u00fcberall steigenden Kosten konnte diese Bauma\u00dfnahme finanziell mit einer Punktlandung abgeschlossen werden und der kalkulierte Kostenrahmen wurde exakt eingehalten.<\/strong><\/p>\n<p><strong>Komplett mit eigenen Finanzmitteln wurde bereits im vergangenen Jahr eine PV-Anlage auf dem Dach der OSV-Umkleidekabine installiert und in Betrieb genommen und spart dem Verein aktuell und perspektivisch eine Menge an Kosten. Diese vorausschauende Entscheidung zeigt u.a. welchen Wert der OSV schon l\u00e4nger auf eine Nachhaltigkeit legt. Dies wird ferner dadurch dokumentiert, dass auch eine Wallbox an der Umkleidekabine installiert wurde.<\/strong><\/p>\n<p><strong>2 Jahre vor seinem 100j\u00e4hrigen Bestehen kann der Sportverein SW Osterfeine auf eine tollte Sportanlage mit einer vereinseigenen Sporthalle und zahlreichen Nebengeb\u00e4uden mit einer guten Innenausstattung z\u00e4hlen. Der OSV ist trotz dieser zahlreichen Investitionen aktuell schuldenfrei und ist den beteiligten Personen, die sich in der vergangenen Zeit selbstlos f\u00fcr den OSV in verschiedener Form eingebracht haben zu gr\u00f6\u00dftem Dank verpflichtet!!!!<\/strong><\/p>\n<p><strong>Es w\u00e4re sch\u00f6n aber auch \u00fcberlebenswichtig, wenn auch zuk\u00fcnftig dieser gemeinsame Gedanke im OSV bewahrt werden k\u00f6nnte, denn nur dann kann auch in Zukunft nicht nur das Flutlicht im OSV hell erleuchten\u2026..!<\/strong><\/p>\n","protected":false},"excerpt":{"rendered":"<p>Gl\u00fccklicherweise viele Sportler und viele Zuschauer konnten in den vergangenen Tagen interessante Fu\u00dfballspiele parallel auf 3 Pl\u00e4tzen verfolgen. Von der Landesliga bis zur Kreisklasse, 12 Mannschaften zeigten, dass der Seniorenfu\u00dfball im S\u00fcdkreis Vechta in Quantit\u00e4t und Qualit\u00e4t noch lebt und Beachtung findet. Es zeigte sich, dass der Fu\u00dfball in der Breite gerade im Sportverein SW [&hellip;]<\/p>\n","protected":false},"author":3,"featured_media":0,"comment_status":"closed","ping_status":"closed","sticky":false,"template":"","format":"standard","meta":{"footnotes":""},"categories":[3],"tags":[],"_links":{"self":[{"href":"https:\/\/sw-osterfeine.de\/index.php?rest_route=\/wp\/v2\/posts\/32392"}],"collection":[{"href":"https:\/\/sw-osterfeine.de\/index.php?rest_route=\/wp\/v2\/posts"}],"about":[{"href":"https:\/\/sw-osterfeine.de\/index.php?rest_route=\/wp\/v2\/types\/post"}],"author":[{"embeddable":true,"href":"https:\/\/sw-osterfeine.de\/index.php?rest_route=\/wp\/v2\/users\/3"}],"replies":[{"embeddable":true,"href":"https:\/\/sw-osterfeine.de\/index.php?rest_route=%2Fwp%2Fv2%2Fcomments&post=32392"}],"version-history":[{"count":1,"href":"https:\/\/sw-osterfeine.de\/index.php?rest_route=\/wp\/v2\/posts\/32392\/revisions"}],"predecessor-version":[{"id":32393,"href":"https:\/\/sw-osterfeine.de\/index.php?rest_route=\/wp\/v2\/posts\/32392\/revisions\/32393"}],"wp:attachment":[{"href":"https:\/\/sw-osterfeine.de\/index.php?rest_route=%2Fwp%2Fv2%2Fmedia&parent=32392"}],"wp:term":[{"taxonomy":"category","embeddable":true,"href":"https:\/\/sw-osterfeine.de\/index.php?rest_route=%2Fwp%2Fv2%2Fcategories&post=32392"},{"taxonomy":"post_tag","embeddable":true,"href":"https:\/\/sw-osterfeine.de\/index.php?rest_route=%2Fwp%2Fv2%2Ftags&post=32392"}],"curies":[{"name":"wp","href":"https:\/\/api.w.org\/{rel}","templated":true}]}}