{"id":32394,"date":"2023-07-31T13:18:20","date_gmt":"2023-07-31T11:18:20","guid":{"rendered":"https:\/\/sw-osterfeine.de\/?p=32394"},"modified":"2023-07-31T13:18:20","modified_gmt":"2023-07-31T11:18:20","slug":"toller-bericht-ueber-petra-boeckerstette-im-om-wochenblatt","status":"publish","type":"post","link":"https:\/\/sw-osterfeine.de\/?p=32394","title":{"rendered":"Toller Bericht \u00fcber Petra B\u00f6ckerstette im OM-Wochenblatt!"},"content":{"rendered":"\n<p>Am Wochenende zierte unsere Gesch\u00e4ftsstellenleiterin Petra B\u00f6ckerstette die Titelseite des OM-Wochenblattes.<\/p>\n<p>Ein toller Bericht \u00fcber Petra, der ein wenig Einblick in ihre schwarz-wei\u00dfe DNA gibt.<\/p>\n<p>Selbstverst\u00e4ndlich reicht eine Seite lange nicht aus, um die Bedeutung von Petra f\u00fcr den Sportverein SW Osterfeine zu beschreiben, aber der Inhalt des Berichts spiegelt ganz gut wider, dass ohne Petra deutlich weniger im Sportverein laufen w\u00fcrde!!<\/p>\n<p>Danke f\u00fcr deinen nimmerm\u00fcden Einsatz, Petra.<\/p>\n<p><a href=\"https:\/\/sw-osterfeine.de\/wp-content\/uploads\/2023\/07\/Petra.jpg\" data-rel=\"lightbox-image-0\" data-rl_title=\"\" data-rl_caption=\"\" title=\"\"><img loading=\"lazy\" decoding=\"async\" class=\"alignleft size-full wp-image-32396\" src=\"https:\/\/sw-osterfeine.de\/wp-content\/uploads\/2023\/07\/Petra.jpg\" alt=\"\" width=\"450\" height=\"600\" srcset=\"https:\/\/sw-osterfeine.de\/wp-content\/uploads\/2023\/07\/Petra.jpg 450w, https:\/\/sw-osterfeine.de\/wp-content\/uploads\/2023\/07\/Petra-225x300.jpg 225w\" sizes=\"(max-width: 450px) 100vw, 450px\" \/><\/a><\/p>\n<p>\u00a0<\/p>\n<p>\u00a0<\/p>\n\n\n","protected":false},"excerpt":{"rendered":"<p>Am Wochenende zierte unsere Gesch\u00e4ftsstellenleiterin Petra B\u00f6ckerstette die Titelseite des OM-Wochenblattes. Ein toller Bericht \u00fcber Petra, der ein wenig Einblick in ihre schwarz-wei\u00dfe DNA gibt. Selbstverst\u00e4ndlich reicht eine Seite lange nicht aus, um die Bedeutung von Petra f\u00fcr den Sportverein SW Osterfeine zu beschreiben, aber der Inhalt des Berichts spiegelt ganz gut wider, dass ohne [&hellip;]<\/p>\n","protected":false},"author":3,"featured_media":0,"comment_status":"closed","ping_status":"closed","sticky":false,"template":"","format":"standard","meta":{"footnotes":""},"categories":[37],"tags":[],"_links":{"self":[{"href":"https:\/\/sw-osterfeine.de\/index.php?rest_route=\/wp\/v2\/posts\/32394"}],"collection":[{"href":"https:\/\/sw-osterfeine.de\/index.php?rest_route=\/wp\/v2\/posts"}],"about":[{"href":"https:\/\/sw-osterfeine.de\/index.php?rest_route=\/wp\/v2\/types\/post"}],"author":[{"embeddable":true,"href":"https:\/\/sw-osterfeine.de\/index.php?rest_route=\/wp\/v2\/users\/3"}],"replies":[{"embeddable":true,"href":"https:\/\/sw-osterfeine.de\/index.php?rest_route=%2Fwp%2Fv2%2Fcomments&post=32394"}],"version-history":[{"count":2,"href":"https:\/\/sw-osterfeine.de\/index.php?rest_route=\/wp\/v2\/posts\/32394\/revisions"}],"predecessor-version":[{"id":32398,"href":"https:\/\/sw-osterfeine.de\/index.php?rest_route=\/wp\/v2\/posts\/32394\/revisions\/32398"}],"wp:attachment":[{"href":"https:\/\/sw-osterfeine.de\/index.php?rest_route=%2Fwp%2Fv2%2Fmedia&parent=32394"}],"wp:term":[{"taxonomy":"category","embeddable":true,"href":"https:\/\/sw-osterfeine.de\/index.php?rest_route=%2Fwp%2Fv2%2Fcategories&post=32394"},{"taxonomy":"post_tag","embeddable":true,"href":"https:\/\/sw-osterfeine.de\/index.php?rest_route=%2Fwp%2Fv2%2Ftags&post=32394"}],"curies":[{"name":"wp","href":"https:\/\/api.w.org\/{rel}","templated":true}]}}