{"id":32395,"date":"2023-07-31T13:20:31","date_gmt":"2023-07-31T11:20:31","guid":{"rendered":"https:\/\/sw-osterfeine.de\/?p=32395"},"modified":"2023-07-31T13:24:07","modified_gmt":"2023-07-31T11:24:07","slug":"krise-des-amateurfussballs-schuld-sind-wir-selbst-nicht-der-dfb","status":"publish","type":"post","link":"https:\/\/sw-osterfeine.de\/?p=32395","title":{"rendered":"<strong>Krise des Amateurfu\u00dfballs: \u00bbSchuld sind wir selbst, nicht der DFB!\u00ab<\/strong>"},"content":{"rendered":"\n<p>Hartplatzhelden-Kolumne # 68: In vielen Vereinen wird gerne \u00fcber die da oben gejammert. Doch das passt nicht zusammen mit Punktpr\u00e4mien und Scheinvertr\u00e4gen in der Kreisliga! Von GERD THOMAS<\/p>\n<p>Das Mantra \u201eDer DFB ist schuld\u201c an den Problemen der Basis habe ich satt. Erstens ist das zu undifferenziert, zweitens sollten wir Amateure uns anders als die sich der Diskussion verweigernden Profis fragen, was unser Anteil ist. Alle wissen, dass die Messlatten auch im Breitensport stetig h\u00f6her gelegt werden, wenn es um die Bezahlung vermeintlicher Amateure geht. Sicher, es gibt auch in der Landesliga vereinzelt noch Ausnahmen. In Berlin zahlen neben dem FC Internationale noch zwei, drei Vereine ihren Spielern kein Geld.<\/p>\n<p>Aber in der Republik wirken jede Menge Funktion\u00e4re, die schon in der Kreisliga Punktpr\u00e4mien oder andere Zuwendungen anbieten, damit Spieler zu ihnen kommen. Oft sind das genau die Vereine, die durch schlechte oder fehlende Jugendarbeit auffallen, kaum Schiedsrichter stellen und sich auch sonst nicht positiv in die Entwicklung des Fu\u00dfballs einbringen. In den Verb\u00e4nden fragen sich die Verantwortlichen l\u00e4ngst, wie derart unsolidarisches Verhalten sanktioniert werden kann. Aber gerade gegen die kreative Buchhaltung zugunsten mittelm\u00e4\u00dfiger Kicker ist noch kein Kraut gewachsen.<\/p>\n<p>Wer das ruin\u00f6se Spiel nicht mitspielt, verliert jedes Jahr gute Spieler an Vereine, die oft keinen besseren Sport anbieten, aber eben viel Geld zahlen. Wie soll ein Spieler Nein sagen, wenn er ohne ein bisheriges Spiel in der Verbandsliga nun von einem Verein dort 800 Euro im Monat (in der 6.Liga!!!) angeboten bekommt, aber eben auch seine Miete f\u00fcr immer teurer werdende Wohnungen zahlen muss?<\/p>\n<p>Dass viele Vereine es mit der Abrechnung nicht so genau nehmen, ist nicht neu. Sie spielen mit dem Feuer, wie Durchsuchungen des Finanzamts oder Zolls in Amateurvereinen zeigen. Die weit verbreiteten Scheinvertr\u00e4ge oder &#8222;schwarzen Kassen&#8220; f\u00fchren schon mal zu Verurteilungen. Es gibt eine Art unheilvollen Herdentrieb (schlie\u00dflich zahlen die meisten anderen auch), die Angst vor Bedeutungsverlust und oft auch fehlende Fantasie, wie man es ges\u00fcnder anstellen k\u00f6nnte. Die Hartplatzhelden Michi Franke und Tim Frohwein haben mehrfach darauf hingewiesen, wohin die allsommerlichen Wechselarien f\u00fchren. Leider finden sie sich vermehrt schon bei kleinen Kindern, bei Jugendlichen ohnehin schon seit vielen Jahren, inzwischen auch bei Spielerinnen. Auch da flie\u00dft Geld, nur mag niemand dar\u00fcber reden oder gar dagegen vorgehen.<!--more--><\/p>\n<p>Das willk\u00fcrliche Abwerben hat sogar weitaus schwerere Folgen. Viele Trainer und Jugendleiter sehen nicht mehr ein, sich leidenschaftlich in die F\u00f6rderung von jungen Fu\u00dfballern einzubringen, wenn andere die Fr\u00fcchte der Arbeit ernten. Denn je erfolgreicher ihr Engagement ist, desto mehr Spieler werden abgeworben. Wenn aber immer weniger Menschen bereit sind, sich den Strukturen des Kinderfu\u00dfballs, einer Jugendleitung oder der Organisation von Spiel- und Trainingsbetrieb zu verschreiben, dann finden immer weniger junge Menschen in die Vereine.<\/p>\n<p>In Berlin drehen nicht nur die kritisierten Nachwuchsleistungszentren, sondern sogar DFB-St\u00fctzpunkttrainer am Transferkarussell mit. Sie widersetzen sich offensichtlich wissenschaftlichen Erkenntnissen wie von Professor Arne G\u00fcllich (\u201eIm Fu\u00dfball gibt es keine M\u00f6glichkeit, Talente schon im fr\u00fchen Alter zu erkennen!\u201c), nicht selten zugunsten ihres eigenen Vereins, bei dem sie den Rest der Woche verbringen. Vom DFB bezahlte St\u00fctzpunktchefs finden nichts dabei.<\/p>\n<p>Geht es hier wirklich um die Ausbildung k\u00fcnftiger Talente? Eher wirken die St\u00fctzpunkte wie Abenteuerspielpl\u00e4tze und Pr\u00e4sentierteller f\u00fcr Scouts, oder die sich f\u00fcr solche halten. Nicht wenige dienen sich ahnungslosen Eltern als Berater an, wollen also nur das Beste f\u00fcr die Stars von morgen. Vielleicht liegt in diesem zunehmend kranken System eine der vielen Ursachen f\u00fcr die abnehmende Qualit\u00e4t des deutschen Fu\u00dfballs.<\/p>\n<p>Das nicht gerade kollegiale Klima, vor allem in den Ballungsr\u00e4umen, f\u00fchrt zu mehr Rivalit\u00e4t. Viele Akteure begegnen sich in tiefer gegenseitiger Abneigung, stilisieren Spiele gegeneinander zu Prestigeduellen. Wieder andere schrecken nicht vor Manipulationen zur\u00fcck, indem Spieler eingesetzt werden, die gar nicht auf dem Spielbericht stehen. Vor dem Sportgericht versucht mancher, das Strafma\u00df der Beschuldigten durch kreative Behauptungen zu mindern.<\/p>\n<p>Und manchmal pfeift der Vorsitzende des Vereins das Spiel f\u00fcr den fehlenden Schiedsrichter \u2013 es gibt einfach viel zu wenige Unparteiische \u2013, dann entstehen komische Ergebnisse. Wen wundert da noch die zunehmende Aggressivit\u00e4t auf den Pl\u00e4tzen? Kann sein, dass die schweren Straftaten gar nicht stark zugenommen haben, wobei der tragische Tod eines Berliner Spielers bei einem Turnier in Frankfurt eine besondere Dramatik darstellt.<\/p>\n<p>Was aber eindeutig festzustellen ist: Der gegenseitige Respekt l\u00e4sst zunehmend nach. Erfahrene Trainer beklagen den &#8222;Trash Talk&#8220; beim Training, zunehmende Diskriminierungen und schwindende Verantwortung. Das alles auf die Pandemie zu schieben, w\u00e4re zu einfach. Auch vor Corona waren behindertenfeindliche Spr\u00fcche im Repertoire vieler Kids, um ein Beispiel zu nennen.<\/p>\n<p>Gleichzeitig ist der Anspruch vieler Eltern bemerkenswert. Viele erwarten, dass Trainer sich mit Gewalt- und Diskriminierungspr\u00e4vention top auskennen, p\u00e4dagogische H\u00f6chstleistungen erbringen, total freundlich und verst\u00e4ndnisvoll sind, eine gute bis sehr gute Trainerlizenz haben, aber nat\u00fcrlich alles ehrenamtlich machen. Schon mal nachgedacht? Auf die Krise des Ehrenamts in Zeiten des Fachkr\u00e4ftemangels bin ich in meiner Kolumne mehrfach eingegangen. Das Thema wird uns leider erhalten bleiben.<\/p>\n<p>\u00a0<\/p>\n<p>\u00a0<\/p>\n<p>\u00a0<\/p>\n","protected":false},"excerpt":{"rendered":"<p>Hartplatzhelden-Kolumne # 68: In vielen Vereinen wird gerne \u00fcber die da oben gejammert. Doch das passt nicht zusammen mit Punktpr\u00e4mien und Scheinvertr\u00e4gen in der Kreisliga! Von GERD THOMAS Das Mantra \u201eDer DFB ist schuld\u201c an den Problemen der Basis habe ich satt. Erstens ist das zu undifferenziert, zweitens sollten wir Amateure uns anders als die [&hellip;]<\/p>\n","protected":false},"author":3,"featured_media":0,"comment_status":"closed","ping_status":"closed","sticky":false,"template":"","format":"standard","meta":{"footnotes":""},"categories":[3],"tags":[],"_links":{"self":[{"href":"https:\/\/sw-osterfeine.de\/index.php?rest_route=\/wp\/v2\/posts\/32395"}],"collection":[{"href":"https:\/\/sw-osterfeine.de\/index.php?rest_route=\/wp\/v2\/posts"}],"about":[{"href":"https:\/\/sw-osterfeine.de\/index.php?rest_route=\/wp\/v2\/types\/post"}],"author":[{"embeddable":true,"href":"https:\/\/sw-osterfeine.de\/index.php?rest_route=\/wp\/v2\/users\/3"}],"replies":[{"embeddable":true,"href":"https:\/\/sw-osterfeine.de\/index.php?rest_route=%2Fwp%2Fv2%2Fcomments&post=32395"}],"version-history":[{"count":3,"href":"https:\/\/sw-osterfeine.de\/index.php?rest_route=\/wp\/v2\/posts\/32395\/revisions"}],"predecessor-version":[{"id":32401,"href":"https:\/\/sw-osterfeine.de\/index.php?rest_route=\/wp\/v2\/posts\/32395\/revisions\/32401"}],"wp:attachment":[{"href":"https:\/\/sw-osterfeine.de\/index.php?rest_route=%2Fwp%2Fv2%2Fmedia&parent=32395"}],"wp:term":[{"taxonomy":"category","embeddable":true,"href":"https:\/\/sw-osterfeine.de\/index.php?rest_route=%2Fwp%2Fv2%2Fcategories&post=32395"},{"taxonomy":"post_tag","embeddable":true,"href":"https:\/\/sw-osterfeine.de\/index.php?rest_route=%2Fwp%2Fv2%2Ftags&post=32395"}],"curies":[{"name":"wp","href":"https:\/\/api.w.org\/{rel}","templated":true}]}}