{"id":32402,"date":"2023-08-01T10:49:19","date_gmt":"2023-08-01T08:49:19","guid":{"rendered":"https:\/\/sw-osterfeine.de\/?p=32402"},"modified":"2023-08-01T10:49:19","modified_gmt":"2023-08-01T08:49:19","slug":"vorbereitungsbericht-iii-herren","status":"publish","type":"post","link":"https:\/\/sw-osterfeine.de\/?p=32402","title":{"rendered":"<strong>Vorbereitungsbericht III. Herren<\/strong>"},"content":{"rendered":"\n<p>Kaum ist die abgelaufene Saison vorbei, schon fangen wir mit der Neuen an. Am 22.06.2023 trainierte die 3. Herren das erste Mal f\u00fcr die neue Saison. Mit dabei viele alte Gesichter da wir als Mannschaft zusammengeblieben sind. Hinzu kamen mit Jannes B\u00fcnker (Steinfeld) und Michel Stuckenberg (Damme) auch zwei neue Spieler in unseren Kader. Ziel unserer Vorbereitung war es, dass wir uns taktisch und im Spiel gegen den Ball verbessern. Nach einer ersten lockeren Einheit auf dem in der Sommerpause hervorragend hergerichteten Platz 3 (hier ein Lob an Loko und seine Helfer), steigerten wir die Intensit\u00e4t von Einheit zu Einheit. Damit jeder unserer Spieler in den Genuss dieser Trainingseinheiten kommen durfte, legten wir unsere Trainingseinheiten etwas um und trainieren nun jeden Mittwoch und Freitag in Osterfeine (jeder ist herzlich eingeladen dort mitzumachen). Das erste Testspiel der Saison erfolgte zwei Wochen nach Trainingsauftakt gegen Holdorf 3. Holdorf spielte in der letzten Saison noch in unserer Liga musste aber den schweren Gang eine Liga tiefer angehen. In dem Spiel waren Sie zu Beginn jedoch etwas wacher und spielten sich in der 5. Minute eine gute Torchance heraus die jedoch durch Anwalt vereitelt werden konnte. Diese Chance f\u00fcr Holdorf haben wir gebraucht, um wach zu werden. Von nun an waren wir spielbestimmend und lie\u00dfen Holdorf keine Chance. Der erste Treffer erfolgte in der 9. Spielminute durch unseren Top-St\u00fcrmer aus der letzten Saison (12 Tore in 8 Spielen), Luci Meyer. Trotz unserer schwachen Chancenverwertung und einiger fragw\u00fcrdiger Abseitspfiffe trafen wir noch einmal vor der ersten Unterbrechung (es wurden 3x 30Min gespielt) und wieder war es Luci. Den dritten Treffer f\u00fcr ihn selbst und f\u00fcr das Team machte Luci dann in der 32. Minute. Das 4:0 an diesem Tag war dann Jan Borchers, einem Spieler der 4. Herren, verg\u00f6nnt. Der Schlusspunkt im Spiel wurde dann in der 68. Minute von Mika gesetzt. Alles in Allem war das ein sehr gelungener Auftakt f\u00fcr uns mit einem Wehrmutstropfen, denn Christian ,,Anwalt\u201c Meyer bekam w\u00e4hrend des Spiels nach einer Ecke gegen uns einen Fu\u00df ins Gesicht, wodurch er nicht weiterspielen konnte (Ausfallzeit ca. 4 Wochen). Nach diesem ersten Testspiel ging es dann wieder in die Trainingseinheiten, um weiter an unseren Schwachstellen zu arbeiten. Das n\u00e4chste Testspiel lie\u00df nicht lange auf sich warten. Zum allj\u00e4hrlichen Volksbank-Cup bekamen wir es mit der dritten Mannschaft von Falke Steinfeld zu tun. Dies ist ein Gegner, mit dem wir uns seit mehreren Jahren in der Liga messen m\u00fcssen und wo die Spiele immer hei\u00df umk\u00e4mpft sind. Da Anwalt nicht ins Tor gehen konnte mussten wir auf dieser Position Ersatz finden. Mit Kevin Grafemeyer ging dann der Torwart der 1. B-Jugend bei uns ins Tor. Danke an dieser Stelle an Kevin und auch an die B-Jugend daf\u00fcr. Zudem m\u00fcssen wir auch Danke an Berthold Klatte <!--more-->sagen, der uns f\u00fcr die neue Saison mit einem neuen Ausw\u00e4rtstrikotsatz versorgte (n\u00e4chstes Mal mehr gro\u00dfe Trikots, sind nicht alle so schm\u00e4chtig wie du \ud83d\ude09). Aber nun zum Spiel. Wie wir es schon erwartet hatten, war es wieder einmal sehr ausgeglichen zu Beginn. Dennoch hatten wir besseren Zugriff im Mittelfeld, wodurch wir die meisten Situationen schon fr\u00fch entsch\u00e4rfen bzw. in Chancen auf unserer Seite umm\u00fcnzen konnten. Eine dieser Chancen verwandelte dann Luci zum 1:0 f\u00fcr uns. In der zweiten Halbzeit brachte Steinfeld dann eine komplett neue Mannschaft auf den Rasen und wir verloren unsere komplette Zuordnung. Einzig und allein durch unsere tadellos agierende Abwehr und den herausragend haltenden Torwart konnten wir das 1:0 \u00fcber die Zeit bringen und so das Finalticket l\u00f6sen. Nachdem Spiel gegen Steinfeld, hie\u00df unser n\u00e4chster Gegner TuS Eversen S\u00fclze (Kreisliga Celle). Diese Mannschaft sollte uns unsere Grenzen aufzeigen. Bereits in der 7. Minuten mussten wir den ersten Gegentreffer hinnehmen. Wir spielten dennoch diszipliniert weiter und erspielten uns selbst auch einige Chancen. In der 34. Minute und 41. Minute traf Eversen S\u00fclze zum 0:2 und 0:3. In Halbzeit zwei lie\u00dfen wir dann etwas nach und kassierten weitere 4 Gegentreffer. In der 82. Minute war dann Linus f\u00fcr uns zur Stelle und erzielte das 1:7. Nach einem weiteren Gegentreffer war es dann \u00dc der zum 2:8 Endstand einnetzte. Angesichts dessen das unser Gegner 2 Ligen h\u00f6her spielt, waren wir mit dem Spiel trotzdem zufrieden. Ein Dankesch\u00f6n geht an dieser Stelle an die Firma S+W Alubau aus Bersenbr\u00fcck, die uns einen neuen Heimtrikotsatz zur Verf\u00fcgung stellte. Eine Woche nach dem Sieg gegen Steinfeld beim Volksbank-Cup, durften wir uns mit dem Vorjahressieger, unserer Leistungsklasse, RW Damme 3 im Finale messen. In einem sehr umk\u00e4mpften Spiel brachte uns in der 27. Minute Flo Niehues mit einem Kopfballtor in F\u00fchrung. In der zweiten Halbzeit war Mika f\u00fcr uns zur Stelle und baute die F\u00fchrung auf 2:0 aus. In der Schlussviertelstunde gelang Damme noch der Anschlusstreffer, welcher unseren Sieg aber nicht verhindern konnte. Nach unserem Sieg auf heimischen Rasen trafen sich beide Mannschaften am 29.07 nochmal auf dem Kunstrasen in Damme. Diesmal ging Damme jedoch in F\u00fchrung. Welche wir jedoch nur f\u00fcnf Minuten sp\u00e4ter egalisieren konnten. In der Halbzeit wechselten wir mehrfach durch. Leider haben wir die zweite Halbzeit katastrophal begonnen und bekamen innerhalb von 3 Minuten drei Gegentore. Es fehlte nun die komplette Ordnung auf dem Platz und wir ben\u00f6tigten einige Minuten, um diese wiederzufinden. Ein weiterer Treffer war uns auch nicht verg\u00f6nnt, wohl aber Damme die in der 80. Minute zum 5:1 Endstand trafen. Nachdem Spiel hie\u00df es f\u00fcr uns bei einigen Gerstenkaltschalen und Pizza das Spiel abzuhaken (besonders Minute 48. \u2013 50.) und bei guter Stimmung auf dem Dammer Sch\u00fctzenfest zu feiern. Ein Dankesch\u00f6n geht an alle Spieler, die bei den Testspielen ausgeholfen haben. Wir hoffen das es euch Spa\u00df gemacht hat und wir euch in Zukunft bei Bedarf wieder fragen k\u00f6nnen. Am Mittwoch den 09.08 starten wir dann mit einem Heimspiel gegen Brockdorf IV in den Ligabetrieb und w\u00fcrden uns w\u00fcnschen das wir dort zahlreiche Zuschauer begr\u00fc\u00dfen d\u00fcrfen.<\/p>\n<p>Bis dahin sportliche Gr\u00fc\u00dfe<\/p>\n<p>Die 3. Herren<\/p>\n","protected":false},"excerpt":{"rendered":"<p>Kaum ist die abgelaufene Saison vorbei, schon fangen wir mit der Neuen an. Am 22.06.2023 trainierte die 3. Herren das erste Mal f\u00fcr die neue Saison. Mit dabei viele alte Gesichter da wir als Mannschaft zusammengeblieben sind. Hinzu kamen mit Jannes B\u00fcnker (Steinfeld) und Michel Stuckenberg (Damme) auch zwei neue Spieler in unseren Kader. Ziel [&hellip;]<\/p>\n","protected":false},"author":3,"featured_media":0,"comment_status":"closed","ping_status":"closed","sticky":false,"template":"","format":"standard","meta":{"footnotes":""},"categories":[3],"tags":[],"_links":{"self":[{"href":"https:\/\/sw-osterfeine.de\/index.php?rest_route=\/wp\/v2\/posts\/32402"}],"collection":[{"href":"https:\/\/sw-osterfeine.de\/index.php?rest_route=\/wp\/v2\/posts"}],"about":[{"href":"https:\/\/sw-osterfeine.de\/index.php?rest_route=\/wp\/v2\/types\/post"}],"author":[{"embeddable":true,"href":"https:\/\/sw-osterfeine.de\/index.php?rest_route=\/wp\/v2\/users\/3"}],"replies":[{"embeddable":true,"href":"https:\/\/sw-osterfeine.de\/index.php?rest_route=%2Fwp%2Fv2%2Fcomments&post=32402"}],"version-history":[{"count":1,"href":"https:\/\/sw-osterfeine.de\/index.php?rest_route=\/wp\/v2\/posts\/32402\/revisions"}],"predecessor-version":[{"id":32403,"href":"https:\/\/sw-osterfeine.de\/index.php?rest_route=\/wp\/v2\/posts\/32402\/revisions\/32403"}],"wp:attachment":[{"href":"https:\/\/sw-osterfeine.de\/index.php?rest_route=%2Fwp%2Fv2%2Fmedia&parent=32402"}],"wp:term":[{"taxonomy":"category","embeddable":true,"href":"https:\/\/sw-osterfeine.de\/index.php?rest_route=%2Fwp%2Fv2%2Fcategories&post=32402"},{"taxonomy":"post_tag","embeddable":true,"href":"https:\/\/sw-osterfeine.de\/index.php?rest_route=%2Fwp%2Fv2%2Ftags&post=32402"}],"curies":[{"name":"wp","href":"https:\/\/api.w.org\/{rel}","templated":true}]}}