{"id":32427,"date":"2023-08-07T13:45:00","date_gmt":"2023-08-07T11:45:00","guid":{"rendered":"https:\/\/sw-osterfeine.de\/?p=32427"},"modified":"2023-08-07T13:45:00","modified_gmt":"2023-08-07T11:45:00","slug":"bericht-sw-osterfeine-ii-spieltag-1","status":"publish","type":"post","link":"https:\/\/sw-osterfeine.de\/?p=32427","title":{"rendered":"<strong>Bericht SW Osterfeine II: Spieltag 1<\/strong>"},"content":{"rendered":"\n<p>Die Saison ist gestartet. Nach dem Pokalspiel gegen Steinfeld II begr\u00fc\u00dfte die II. Herren deren Gemeindenachbarn auf das Herzlichste. Als Austragungsst\u00e4tte dienten die heimischen Grashalme von Platz 2.<\/p>\n<p>Aufstellung:<\/p>\n<ol start=\"46\">\n<li>B\u00f6rger (46. J. Bergmann) \u2013 J.-B. Griefing (52. J. Gehling), H. Bley, T. R\u00f6mer, M. M\u00fcnch \u2013 A. St\u00e4rk \u2013 F. Deters (M. Meyer), H. St\u00fchrenberg (63. J. L\u00fcbbehusen), L. Decker (85. J. Enneking), C.-B. St\u00e4rk \u2013 F. gr. Hackmann <\/li>\n<\/ol>\n<p>Tore:<\/p>\n<p>0:1 Nummer 7 (3.), 1:1 L. Decker (16.), 2:1 A. St\u00e4rk (63.), 3:1 F. gr. Hackmann (70.), 3:2 Nummer 5 (76.), 4:2 L. Decker (81.)<\/p>\n<p>Zum Geburtstag vom Leistungstr\u00e4ger Maxime M\u00fcnch durfte GW M\u00fchlen III das erste Saisontor erzielen. Danach fielen 3 Tore zu Gunsten von OSV II. Ein weiteres Gegentor und ein weiterer Treffer f\u00fcr das Heimspiel, dann Schlusspfiff. Viele Erkenntnisse und besondere H\u00f6hepunkte sind bei diesem Spiel nicht zu berichten. Das Spiel h\u00e4tte auch 7:2 oder 3:3 ausgehen k\u00f6nnen. Viel wichtiger war jedoch die Saison mit einem Erfolgserlebnis zu starten und das hat sich diese Truppe auf jeden Fall verdient. Besonders sch\u00f6n ist derweil, dass sich die neuen, jungen, frischen und gutaussehenden Gesichter sofort ins Spiel eingefunden haben. W\u00e4hrend Mark Lamping bei der 1. Herren aushalf, bedanken wir uns gerne bei Sven B\u00f6rger und Lukas Decker f\u00fcr deren herausragenden Unterst\u00fctzung. Weiter geht es mit einem Ausflug am kommenden Mittwoch zu RW Visbek III.<\/p>\n<p>PS: Den gr\u00f6\u00dften Jubel bekam Maxime bei seiner Torvorlage zum 4:2 zu sp\u00fcren. Nochmal alles Gute zum Geburtstag von deiner Mannschaft! \/\/OSV II<\/p>\n<p><strong>Felix Grosse Hackmann<\/strong><br \/><br \/><\/p>\n","protected":false},"excerpt":{"rendered":"<p>Die Saison ist gestartet. Nach dem Pokalspiel gegen Steinfeld II begr\u00fc\u00dfte die II. Herren deren Gemeindenachbarn auf das Herzlichste. Als Austragungsst\u00e4tte dienten die heimischen Grashalme von Platz 2. Aufstellung: B\u00f6rger (46. J. Bergmann) \u2013 J.-B. Griefing (52. J. Gehling), H. Bley, T. R\u00f6mer, M. M\u00fcnch \u2013 A. St\u00e4rk \u2013 F. Deters (M. Meyer), H. St\u00fchrenberg [&hellip;]<\/p>\n","protected":false},"author":3,"featured_media":0,"comment_status":"closed","ping_status":"closed","sticky":false,"template":"","format":"standard","meta":{"footnotes":""},"categories":[3],"tags":[],"_links":{"self":[{"href":"https:\/\/sw-osterfeine.de\/index.php?rest_route=\/wp\/v2\/posts\/32427"}],"collection":[{"href":"https:\/\/sw-osterfeine.de\/index.php?rest_route=\/wp\/v2\/posts"}],"about":[{"href":"https:\/\/sw-osterfeine.de\/index.php?rest_route=\/wp\/v2\/types\/post"}],"author":[{"embeddable":true,"href":"https:\/\/sw-osterfeine.de\/index.php?rest_route=\/wp\/v2\/users\/3"}],"replies":[{"embeddable":true,"href":"https:\/\/sw-osterfeine.de\/index.php?rest_route=%2Fwp%2Fv2%2Fcomments&post=32427"}],"version-history":[{"count":1,"href":"https:\/\/sw-osterfeine.de\/index.php?rest_route=\/wp\/v2\/posts\/32427\/revisions"}],"predecessor-version":[{"id":32428,"href":"https:\/\/sw-osterfeine.de\/index.php?rest_route=\/wp\/v2\/posts\/32427\/revisions\/32428"}],"wp:attachment":[{"href":"https:\/\/sw-osterfeine.de\/index.php?rest_route=%2Fwp%2Fv2%2Fmedia&parent=32427"}],"wp:term":[{"taxonomy":"category","embeddable":true,"href":"https:\/\/sw-osterfeine.de\/index.php?rest_route=%2Fwp%2Fv2%2Fcategories&post=32427"},{"taxonomy":"post_tag","embeddable":true,"href":"https:\/\/sw-osterfeine.de\/index.php?rest_route=%2Fwp%2Fv2%2Ftags&post=32427"}],"curies":[{"name":"wp","href":"https:\/\/api.w.org\/{rel}","templated":true}]}}