{"id":32453,"date":"2023-08-10T17:16:41","date_gmt":"2023-08-10T15:16:41","guid":{"rendered":"https:\/\/sw-osterfeine.de\/?p=32453"},"modified":"2023-08-10T17:16:41","modified_gmt":"2023-08-10T15:16:41","slug":"sw-osterfeine-iii-vs-gw-brockdorf-iv-33","status":"publish","type":"post","link":"https:\/\/sw-osterfeine.de\/?p=32453","title":{"rendered":"<strong>SW Osterfeine III vs GW Brockdorf IV (3:3)<\/strong>"},"content":{"rendered":"\n\n\n<p>Nach einer 6-w\u00f6chigen Vorbereitung war es am Mittwoch nun so weit, die III. Herren startete in Ihre Pflichtspielsaison. Wir durften auf heimischen Rasen unsere F\u00e4higkeiten mit GW Brockdorf IV messen. Brockdorf schloss die abgelaufene Spielzeit auf dem vierten Platz ab. In den zwei Spielen gewannen einmal wir (5:2) und einmal unser Gegner (4:1). Unser Ziel war klar wir wollten mit einem Sieg in die neue Saison starten. Leider mussten wir direkt nach 20 Sekunden den ersten Treffer einstecken und so hie\u00df es erst einmal einen R\u00fcckstand aufholen. Das Spiel gestaltete sich f\u00fcr uns schwierig. Anders als in unseren Testspielen hatten wir im kompletten Team keine Zuordnung. Alles, was wir \u00fcber die R\u00fcckrunde der letzten Saison bis zu diesem Spiel gemacht hatten, schien bedeutungslos. Bis auf eine gro\u00dfe Torchance durch Leo Pieper (den kann man mal machen) kamen wir zu keinen wirklichen Chancen. Erst in der 30. Minute machten wir das Spiel mal schnell. Proppen holte sich hinten den Ball ab, lie\u00df auf Rolli prallen, der weiter per direktem Pass auf Flo und dieser spielte einen langen Ball auf Pawel, der durch die gegnerische Defensive nur per Foulspiel im 16er gestoppt werden konnte. Den folgenden Elfmeter verwandelte Proppen dann eiskalt zum 1:1. Nach diesem Tor kamen wir etwas besser ins Spiel und erspielten uns kleinere Chancen, die jedoch nicht von uns genutzt werden konnten. In der 42. Minute bekamen wir dann einen Freisto\u00df im gegnerischen Halbfeld zugesprochen. Die daraus resultierende Flanke verwandelte unser Innenverteidiger Flo zum 2:1 und so ging es dann in die Halbzeitpause. In der Pause mussten wir uns erst einmal sammeln, denn niemand wusste genau, warum wir unsere Leistung nicht auf den Platz brachten. Pawel versuchte die richtigen Worte zu w\u00e4hlen und die Mannschaft neu einzustellen. Zu Beginn der zweiten H\u00e4lfte war unser Spiel auch etwas besser. Dennoch dauerte es bis zur 64. Minute, bis Linus stark einen Ball an der Mittellinie eroberte und gleich auf \u00dc durchsteckte. Nun<!--more--> konnte \u00dc auf der rechten Au\u00dfenbahn mal seinen Turbo z\u00fcnden und an allen Verteidigern vorbeilaufen. Im 16er behielt er das Auge f\u00fcr den Mitspieler und legte quer zu unserem mitgelaufenen Torj\u00e4ger Luci, der den Ball sicher im Tor unterbrachte. Leider lief es danach nicht mehr bei uns. Nur drei Minuten nach unserem 3:1 erzielte Brockdorf den Anschlusstreffer. Etwas sp\u00e4ter mussten wir zweimal verletzungsbedingt wechseln. Nun wurde unser Spiel wieder fahrig. Wir verhinderten keine Flanken mehr und lie\u00dfen dem Gegner viel zu viel Zeit und Raum am und mit Ball. So kam es wie es kommen musste. Brockdorf bekam in der letzten Minute der Nachspielzeit einen Freisto\u00df und die Flanke segelte auf den zweiten Pfosten, wo der Gegner den Ball nochmal in die Mitte legte und das 3:3 erzielte. Direkt nach diesem Gegentreffer war dann Schluss. Der Jubel auf Brockdorfer Seite war nat\u00fcrlich riesig und die Stimmung bei uns bekam einen kleinen D\u00e4mpfer. Auch wenn wir hier die Punkte bei uns behalten wollten, muss man am Ende sagen, dass das Unentschieden gerecht war. Nun hei\u00dft es Mund abwischen und auf das n\u00e4chste Spiel vorbereiten. Dieses findet am 20.08.23 erneut auf heimischen Rasen statt und wieder hei\u00dft der Gegner Brockdorf. Wir hoffen auch da auf zahlreiche Unterst\u00fctzung und werden alles daf\u00fcr tun das wir dort keine Punkte abgeben.<\/p>\n<p>Sportliche Gr\u00fc\u00dfe<\/p>\n<p>Die Dritte<\/p>\n<p><a href=\"https:\/\/sw-osterfeine.de\/wp-content\/uploads\/2023\/08\/Mannschaftsfoto.jpg\" data-rel=\"lightbox-image-0\" data-rl_title=\"\" data-rl_caption=\"\" title=\"\"><img loading=\"lazy\" decoding=\"async\" class=\"alignleft size-large wp-image-32454\" src=\"https:\/\/sw-osterfeine.de\/wp-content\/uploads\/2023\/08\/Mannschaftsfoto-1024x768.jpg\" alt=\"\" width=\"1024\" height=\"768\" srcset=\"https:\/\/sw-osterfeine.de\/wp-content\/uploads\/2023\/08\/Mannschaftsfoto-1024x768.jpg 1024w, https:\/\/sw-osterfeine.de\/wp-content\/uploads\/2023\/08\/Mannschaftsfoto-300x225.jpg 300w, https:\/\/sw-osterfeine.de\/wp-content\/uploads\/2023\/08\/Mannschaftsfoto-768x576.jpg 768w, https:\/\/sw-osterfeine.de\/wp-content\/uploads\/2023\/08\/Mannschaftsfoto-1536x1152.jpg 1536w, https:\/\/sw-osterfeine.de\/wp-content\/uploads\/2023\/08\/Mannschaftsfoto.jpg 1600w\" sizes=\"(max-width: 1024px) 100vw, 1024px\" \/><\/a><\/p>\n<p>\u00a0<\/p>\n","protected":false},"excerpt":{"rendered":"<p>Nach einer 6-w\u00f6chigen Vorbereitung war es am Mittwoch nun so weit, die III. Herren startete in Ihre Pflichtspielsaison. Wir durften auf heimischen Rasen unsere F\u00e4higkeiten mit GW Brockdorf IV messen. Brockdorf schloss die abgelaufene Spielzeit auf dem vierten Platz ab. In den zwei Spielen gewannen einmal wir (5:2) und einmal unser Gegner (4:1). Unser Ziel [&hellip;]<\/p>\n","protected":false},"author":3,"featured_media":0,"comment_status":"closed","ping_status":"closed","sticky":false,"template":"","format":"standard","meta":{"footnotes":""},"categories":[3],"tags":[],"_links":{"self":[{"href":"https:\/\/sw-osterfeine.de\/index.php?rest_route=\/wp\/v2\/posts\/32453"}],"collection":[{"href":"https:\/\/sw-osterfeine.de\/index.php?rest_route=\/wp\/v2\/posts"}],"about":[{"href":"https:\/\/sw-osterfeine.de\/index.php?rest_route=\/wp\/v2\/types\/post"}],"author":[{"embeddable":true,"href":"https:\/\/sw-osterfeine.de\/index.php?rest_route=\/wp\/v2\/users\/3"}],"replies":[{"embeddable":true,"href":"https:\/\/sw-osterfeine.de\/index.php?rest_route=%2Fwp%2Fv2%2Fcomments&post=32453"}],"version-history":[{"count":1,"href":"https:\/\/sw-osterfeine.de\/index.php?rest_route=\/wp\/v2\/posts\/32453\/revisions"}],"predecessor-version":[{"id":32455,"href":"https:\/\/sw-osterfeine.de\/index.php?rest_route=\/wp\/v2\/posts\/32453\/revisions\/32455"}],"wp:attachment":[{"href":"https:\/\/sw-osterfeine.de\/index.php?rest_route=%2Fwp%2Fv2%2Fmedia&parent=32453"}],"wp:term":[{"taxonomy":"category","embeddable":true,"href":"https:\/\/sw-osterfeine.de\/index.php?rest_route=%2Fwp%2Fv2%2Fcategories&post=32453"},{"taxonomy":"post_tag","embeddable":true,"href":"https:\/\/sw-osterfeine.de\/index.php?rest_route=%2Fwp%2Fv2%2Ftags&post=32453"}],"curies":[{"name":"wp","href":"https:\/\/api.w.org\/{rel}","templated":true}]}}