{"id":32472,"date":"2023-08-16T14:48:48","date_gmt":"2023-08-16T12:48:48","guid":{"rendered":"https:\/\/sw-osterfeine.de\/?p=32472"},"modified":"2023-08-17T12:02:26","modified_gmt":"2023-08-17T10:02:26","slug":"osv-sportler-aufgepasst","status":"publish","type":"post","link":"https:\/\/sw-osterfeine.de\/?p=32472","title":{"rendered":"OSV Sportler aufgepasst!!"},"content":{"rendered":"\n\n\n<p>Vor wenigen Wochen wurde unser neuer Kraftturm im Fitnessraum 2 aufgebaut. Du m\u00f6chtest gerne am Turm trainieren wei\u00dft aber nicht wie ?<\/p>\n<p>An folgenden Terminen erh\u00e4ltst du eine Einweisung:<\/p>\n<p><strong>Donnerstag 17.08. \/ 24.08 und am 07.09.23 &#8211; Uhrzeit: jeweils 20:00 Uhr.<br \/><\/strong><\/p>\n<p>Eine Anmeldung ist nicht n\u00f6tig.<\/p>\n<p><a href=\"https:\/\/sw-osterfeine.de\/wp-content\/uploads\/2023\/08\/Kraftraum-scaled.jpg\" data-rel=\"lightbox-image-0\" data-rl_title=\"\" data-rl_caption=\"\" title=\"\"><img loading=\"lazy\" decoding=\"async\" class=\"alignleft size-large wp-image-32473\" src=\"https:\/\/sw-osterfeine.de\/wp-content\/uploads\/2023\/08\/Kraftraum-768x1024.jpg\" alt=\"\" width=\"768\" height=\"1024\" srcset=\"https:\/\/sw-osterfeine.de\/wp-content\/uploads\/2023\/08\/Kraftraum-768x1024.jpg 768w, https:\/\/sw-osterfeine.de\/wp-content\/uploads\/2023\/08\/Kraftraum-225x300.jpg 225w, https:\/\/sw-osterfeine.de\/wp-content\/uploads\/2023\/08\/Kraftraum-1152x1536.jpg 1152w, https:\/\/sw-osterfeine.de\/wp-content\/uploads\/2023\/08\/Kraftraum-1536x2048.jpg 1536w, https:\/\/sw-osterfeine.de\/wp-content\/uploads\/2023\/08\/Kraftraum-scaled.jpg 1920w\" sizes=\"(max-width: 768px) 100vw, 768px\" \/><\/a><\/p>\n\n\n","protected":false},"excerpt":{"rendered":"<p>Vor wenigen Wochen wurde unser neuer Kraftturm im Fitnessraum 2 aufgebaut. Du m\u00f6chtest gerne am Turm trainieren wei\u00dft aber nicht wie ? An folgenden Terminen erh\u00e4ltst du eine Einweisung: Donnerstag 17.08. \/ 24.08 und am 07.09.23 &#8211; Uhrzeit: jeweils 20:00 Uhr. Eine Anmeldung ist nicht n\u00f6tig.<\/p>\n","protected":false},"author":3,"featured_media":0,"comment_status":"closed","ping_status":"closed","sticky":false,"template":"","format":"standard","meta":{"footnotes":""},"categories":[42],"tags":[],"_links":{"self":[{"href":"https:\/\/sw-osterfeine.de\/index.php?rest_route=\/wp\/v2\/posts\/32472"}],"collection":[{"href":"https:\/\/sw-osterfeine.de\/index.php?rest_route=\/wp\/v2\/posts"}],"about":[{"href":"https:\/\/sw-osterfeine.de\/index.php?rest_route=\/wp\/v2\/types\/post"}],"author":[{"embeddable":true,"href":"https:\/\/sw-osterfeine.de\/index.php?rest_route=\/wp\/v2\/users\/3"}],"replies":[{"embeddable":true,"href":"https:\/\/sw-osterfeine.de\/index.php?rest_route=%2Fwp%2Fv2%2Fcomments&post=32472"}],"version-history":[{"count":2,"href":"https:\/\/sw-osterfeine.de\/index.php?rest_route=\/wp\/v2\/posts\/32472\/revisions"}],"predecessor-version":[{"id":32483,"href":"https:\/\/sw-osterfeine.de\/index.php?rest_route=\/wp\/v2\/posts\/32472\/revisions\/32483"}],"wp:attachment":[{"href":"https:\/\/sw-osterfeine.de\/index.php?rest_route=%2Fwp%2Fv2%2Fmedia&parent=32472"}],"wp:term":[{"taxonomy":"category","embeddable":true,"href":"https:\/\/sw-osterfeine.de\/index.php?rest_route=%2Fwp%2Fv2%2Fcategories&post=32472"},{"taxonomy":"post_tag","embeddable":true,"href":"https:\/\/sw-osterfeine.de\/index.php?rest_route=%2Fwp%2Fv2%2Ftags&post=32472"}],"curies":[{"name":"wp","href":"https:\/\/api.w.org\/{rel}","templated":true}]}}