{"id":32484,"date":"2023-08-17T12:30:15","date_gmt":"2023-08-17T10:30:15","guid":{"rendered":"https:\/\/sw-osterfeine.de\/?p=32484"},"modified":"2023-08-17T12:30:15","modified_gmt":"2023-08-17T10:30:15","slug":"vorbereitung-ii-damen-sw-osterfeine","status":"publish","type":"post","link":"https:\/\/sw-osterfeine.de\/?p=32484","title":{"rendered":"<strong>Vorbereitung II. Damen \u2013 SW Osterfeine<\/strong>"},"content":{"rendered":"\n<p>\u00a0<\/p>\n<p>Die II. Damen blicken auf eine erfolgreiche Saison in der Regionsliga HR West Niedersachsen 2022 \/ 2023 zur\u00fcck. In 18 Begegnungen konnten wir uns unglaubliche 18 Mal als Sieger durchsetzen und uns ungeschlagen f\u00fcr die Regionsoberliga 2023 \/ 2024 qualifizieren. Die Saison hat unsere Erwartungen und auch Zielsetzungen zu Beginn bei Weitem \u00fcbertroffen. Vor einem \u00fcberragenden Publikum durften wir insbesondere in den Heimspielen gegen Goldenstedt II und M\u00fchlen II den Aufstieg feiern.<\/p>\n<p>Mit dem Aufstieg wird nun jedoch \u201eALLES auf ANFANG\u201c gesetzt. Die Vorbereitung hierzu l\u00e4uft bereits seit dem 20. Juni. Das Hauptaugenmerk der ersten Vorbereitungsphase lag im Fitnessbereich. Die Entwicklung der Ausdauer und der Kraft waren neben der K\u00f6rperstabilisation und \u2013Mobilisation der gr\u00f6\u00dfte Bestandteil der ersten Trainingseinheiten. Doch auch der Ball wurde fr\u00fchzeitig in die Hand genommen. Denn die letzte Saison offenbarte auch einige taktische und technische Elemente, an denen wir fr\u00fch und gezielt arbeiten wollten. Neben den \u00fcblichen Trainingstagen standen bereits zwei sehr intensive und anspruchsvolle Trainingswochenenden auf dem Trainingsplan. Auch unsere liebe Marion schwitzte und ackerte mit uns auf und neben der Platte. Und nebenbei versorgte sie uns so fantastisch, dass wir stets bei Laune und Kr\u00e4ften blieben. Hiermit m\u00f6chten wir uns ganz herzlich bei dir bedanken!<!--more--><\/p>\n<p>Mit Ablauf der letzten Saison verabschiedeten wir Ela und Boti. Damit klaffte eine weitere L\u00fccke auf den Positionen Kreis und R\u00fcckraum auf. Als seien die beiden Abg\u00e4nge nicht genug, mussten wir uns zu Beginn der Vorbereitung weiterhin mit einigen Verletzten und l\u00e4ngerfristig Abwesenden besch\u00e4ftigen: <em>Annika (R\u00fcckraum, Kreuzband, erneute OP), Caro (Tor, Knie), Lauri (Tor, Knie), Elisa (Au\u00dfen, Knie und Schulter), Jessi (Kreis, Achillessehne), Lisa (R\u00fcckraum, Knie), Sophie (Uni), Heiti (R\u00fcckraum, Schwangerschaft), Sophia (R\u00fcckraum)<\/em><\/p>\n<p>Dazu verletzten sich bei einem vereins\u00fcbergreifenden Spiel leider beide Denker und Lenker unseres Spiels, Hannah am Sprunggelenk und Uli an der Hand<em>.<\/em><\/p>\n<p>Aufgrund der zahlreichen Ausf\u00e4lle mussten und m\u00fcssen wir auf den betroffenen Positionen kreativ werden, sodass sich Anna, Sarah und Melissa bereits auf \u201eungewohnten\u201c Positionen wiederfanden, dies bislang aber sehr gut l\u00f6sen. Einen Lichtblick gaben die Trainingsbesuche von Franzi, K\u00e4the, Verena und Karin. Wir wissen, dass ihr nicht immer zum Training kommen k\u00f6nnt, aber wir sind sehr froh, dass ihr da seid!<\/p>\n<p>In den zwei verbleibenden Wochen werden wir nun weitere Elemente f\u00fcr unser Spiel erarbeiten und das Zusammenspiel verbessern. In der kommenden Saison m\u00f6chten wir uns in der Regionsoberliga halten, lernen und mit Eurer Hilfe und Unterst\u00fctzung m\u00f6glichst viele Punkte sammeln. Wir freuen uns auf die kommende Saison und auf Euch!<\/p>\n<p>Eure 2. Damen<\/p>\n<p>PS: \u00a0\u00a0\u00a0\u00a0\u00a0 Nachfolgend ein paar Impressionen aus der Vorbereitung!<\/p>\n\n\t\t<style type=\"text\/css\">\n\t\t\t#gallery-1 {\n\t\t\t\tmargin: auto;\n\t\t\t}\n\t\t\t#gallery-1 .gallery-item {\n\t\t\t\tfloat: left;\n\t\t\t\tmargin-top: 10px;\n\t\t\t\ttext-align: center;\n\t\t\t\twidth: 25%;\n\t\t\t}\n\t\t\t#gallery-1 img {\n\t\t\t\tborder: 2px solid #cfcfcf;\n\t\t\t}\n\t\t\t#gallery-1 .gallery-caption {\n\t\t\t\tmargin-left: 0;\n\t\t\t}\n\t\t\t\/* see gallery_shortcode() in wp-includes\/media.php *\/\n\t\t<\/style>\n\t\t<div id='gallery-1' class='gallery galleryid-32484 gallery-columns-4 gallery-size-thumbnail'><dl class='gallery-item'>\n\t\t\t<dt class='gallery-icon portrait'>\n\t\t\t\t<a href='https:\/\/sw-osterfeine.de\/wp-content\/uploads\/2023\/08\/2Da.jpg' title=\"\" data-rl_title=\"\" class=\"rl-gallery-link\" data-rl_caption=\"\" data-rel=\"lightbox-gallery-1\"><img loading=\"lazy\" decoding=\"async\" width=\"150\" height=\"150\" src=\"https:\/\/sw-osterfeine.de\/wp-content\/uploads\/2023\/08\/2Da-150x150.jpg\" class=\"attachment-thumbnail size-thumbnail\" alt=\"\" \/><\/a>\n\t\t\t<\/dt><\/dl><dl class='gallery-item'>\n\t\t\t<dt class='gallery-icon portrait'>\n\t\t\t\t<a href='https:\/\/sw-osterfeine.de\/wp-content\/uploads\/2023\/08\/2Da_1.jpg' title=\"\" data-rl_title=\"\" class=\"rl-gallery-link\" data-rl_caption=\"\" data-rel=\"lightbox-gallery-1\"><img loading=\"lazy\" decoding=\"async\" width=\"150\" height=\"150\" src=\"https:\/\/sw-osterfeine.de\/wp-content\/uploads\/2023\/08\/2Da_1-150x150.jpg\" class=\"attachment-thumbnail size-thumbnail\" alt=\"\" \/><\/a>\n\t\t\t<\/dt><\/dl><dl class='gallery-item'>\n\t\t\t<dt class='gallery-icon portrait'>\n\t\t\t\t<a href='https:\/\/sw-osterfeine.de\/wp-content\/uploads\/2023\/08\/2Da_3.jpg' title=\"\" data-rl_title=\"\" class=\"rl-gallery-link\" data-rl_caption=\"\" data-rel=\"lightbox-gallery-1\"><img loading=\"lazy\" decoding=\"async\" width=\"150\" height=\"150\" src=\"https:\/\/sw-osterfeine.de\/wp-content\/uploads\/2023\/08\/2Da_3-150x150.jpg\" class=\"attachment-thumbnail size-thumbnail\" alt=\"\" \/><\/a>\n\t\t\t<\/dt><\/dl><dl class='gallery-item'>\n\t\t\t<dt class='gallery-icon portrait'>\n\t\t\t\t<a href='https:\/\/sw-osterfeine.de\/wp-content\/uploads\/2023\/08\/2Da_2.jpg' title=\"\" data-rl_title=\"\" class=\"rl-gallery-link\" data-rl_caption=\"\" data-rel=\"lightbox-gallery-1\"><img loading=\"lazy\" decoding=\"async\" width=\"150\" height=\"150\" src=\"https:\/\/sw-osterfeine.de\/wp-content\/uploads\/2023\/08\/2Da_2-150x150.jpg\" class=\"attachment-thumbnail size-thumbnail\" alt=\"\" \/><\/a>\n\t\t\t<\/dt><\/dl><br style=\"clear: both\" \/>\n\t\t<\/div>\n\n\n\t\t<style type=\"text\/css\">\n\t\t\t#gallery-2 {\n\t\t\t\tmargin: auto;\n\t\t\t}\n\t\t\t#gallery-2 .gallery-item {\n\t\t\t\tfloat: left;\n\t\t\t\tmargin-top: 10px;\n\t\t\t\ttext-align: center;\n\t\t\t\twidth: 50%;\n\t\t\t}\n\t\t\t#gallery-2 img {\n\t\t\t\tborder: 2px solid #cfcfcf;\n\t\t\t}\n\t\t\t#gallery-2 .gallery-caption {\n\t\t\t\tmargin-left: 0;\n\t\t\t}\n\t\t\t\/* see gallery_shortcode() in wp-includes\/media.php *\/\n\t\t<\/style>\n\t\t<div id='gallery-2' class='gallery galleryid-32484 gallery-columns-2 gallery-size-thumbnail'><dl class='gallery-item'>\n\t\t\t<dt class='gallery-icon landscape'>\n\t\t\t\t<a href='https:\/\/sw-osterfeine.de\/wp-content\/uploads\/2023\/08\/2Da_4.jpg' title=\"\" data-rl_title=\"\" class=\"rl-gallery-link\" data-rl_caption=\"\" data-rel=\"lightbox-gallery-2\"><img loading=\"lazy\" decoding=\"async\" width=\"150\" height=\"150\" src=\"https:\/\/sw-osterfeine.de\/wp-content\/uploads\/2023\/08\/2Da_4-150x150.jpg\" class=\"attachment-thumbnail size-thumbnail\" alt=\"\" \/><\/a>\n\t\t\t<\/dt><\/dl><dl class='gallery-item'>\n\t\t\t<dt class='gallery-icon landscape'>\n\t\t\t\t<a href='https:\/\/sw-osterfeine.de\/wp-content\/uploads\/2023\/08\/2Da_6.jpg' title=\"\" data-rl_title=\"\" class=\"rl-gallery-link\" data-rl_caption=\"\" data-rel=\"lightbox-gallery-2\"><img loading=\"lazy\" decoding=\"async\" width=\"150\" height=\"150\" src=\"https:\/\/sw-osterfeine.de\/wp-content\/uploads\/2023\/08\/2Da_6-150x150.jpg\" class=\"attachment-thumbnail size-thumbnail\" alt=\"\" \/><\/a>\n\t\t\t<\/dt><\/dl><br style=\"clear: both\" \/>\n\t\t<\/div>\n\n","protected":false},"excerpt":{"rendered":"<p>\u00a0 Die II. Damen blicken auf eine erfolgreiche Saison in der Regionsliga HR West Niedersachsen 2022 \/ 2023 zur\u00fcck. In 18 Begegnungen konnten wir uns unglaubliche 18 Mal als Sieger durchsetzen und uns ungeschlagen f\u00fcr die Regionsoberliga 2023 \/ 2024 qualifizieren. Die Saison hat unsere Erwartungen und auch Zielsetzungen zu Beginn bei Weitem \u00fcbertroffen. Vor [&hellip;]<\/p>\n","protected":false},"author":3,"featured_media":0,"comment_status":"closed","ping_status":"closed","sticky":false,"template":"","format":"standard","meta":{"footnotes":""},"categories":[3],"tags":[],"_links":{"self":[{"href":"https:\/\/sw-osterfeine.de\/index.php?rest_route=\/wp\/v2\/posts\/32484"}],"collection":[{"href":"https:\/\/sw-osterfeine.de\/index.php?rest_route=\/wp\/v2\/posts"}],"about":[{"href":"https:\/\/sw-osterfeine.de\/index.php?rest_route=\/wp\/v2\/types\/post"}],"author":[{"embeddable":true,"href":"https:\/\/sw-osterfeine.de\/index.php?rest_route=\/wp\/v2\/users\/3"}],"replies":[{"embeddable":true,"href":"https:\/\/sw-osterfeine.de\/index.php?rest_route=%2Fwp%2Fv2%2Fcomments&post=32484"}],"version-history":[{"count":1,"href":"https:\/\/sw-osterfeine.de\/index.php?rest_route=\/wp\/v2\/posts\/32484\/revisions"}],"predecessor-version":[{"id":32491,"href":"https:\/\/sw-osterfeine.de\/index.php?rest_route=\/wp\/v2\/posts\/32484\/revisions\/32491"}],"wp:attachment":[{"href":"https:\/\/sw-osterfeine.de\/index.php?rest_route=%2Fwp%2Fv2%2Fmedia&parent=32484"}],"wp:term":[{"taxonomy":"category","embeddable":true,"href":"https:\/\/sw-osterfeine.de\/index.php?rest_route=%2Fwp%2Fv2%2Fcategories&post=32484"},{"taxonomy":"post_tag","embeddable":true,"href":"https:\/\/sw-osterfeine.de\/index.php?rest_route=%2Fwp%2Fv2%2Ftags&post=32484"}],"curies":[{"name":"wp","href":"https:\/\/api.w.org\/{rel}","templated":true}]}}