{"id":32545,"date":"2023-08-21T12:42:46","date_gmt":"2023-08-21T10:42:46","guid":{"rendered":"https:\/\/sw-osterfeine.de\/?p=32545"},"modified":"2023-08-21T12:42:46","modified_gmt":"2023-08-21T10:42:46","slug":"1-b-jugend-fussball-14","status":"publish","type":"post","link":"https:\/\/sw-osterfeine.de\/?p=32545","title":{"rendered":"1. B-Jugend Fu\u00dfball"},"content":{"rendered":"\n<p>SW Osterfeine \u2013 RW Damme 0:4<\/p>\n<p>Das lange warten hat ein Ende! Endlich wieder Pflichtspiele\u2026 und dann auch noch ein Derby auf heimischem Gel\u00e4uf direkt zu Beginn. Mantabude auf, Zuschauer da und bestes Wetter \u2013 es war alles angerichtet f\u00fcr einen tollen Pokalabend gegen unsere Rivalen aus Damme.<\/p>\n<p>Diese spielen zwar eine Liga h\u00f6her, aber dieser Umstand machte uns keine Angst, sondern lie\u00df uns eher mit dem Gef\u00fchl ins Spiel gehen nichts verlieren zu k\u00f6nnen. Alle Jungs hatten Bock sich zu zeigen (auch wenn nat\u00fcrlich nur begrenzt viele Spieler zum Einsatz kommen konnten) und fieberten, sofern sie nicht auf dem Feld standen, an der Seitenlinie mit.<\/p>\n<p>Dass es f\u00fcr uns \u00fcber weite Strecken des Spiels darum gehen w\u00fcrde das Tor zu verteidigen war uns durchaus bewusst, dennoch wollten wir diese Verteidigung aktiv gestalten und uns nicht zu tief in die eigene H\u00e4lfte dr\u00e4ngen lassen. Auch die dadurch entstehenden R\u00e4ume im R\u00fccken unserer Abwehr nahmen wir in Kauf, um daf\u00fcr bei h\u00f6herer Balleroberung eine gr\u00f6\u00dfere Chance auf einen Torerfolg zu haben.<\/p>\n<p>Chancen hatten die G\u00e4ste dadurch nat\u00fcrlich einige, Kevin \u201eKatze\u201c Gravemeyer und die Abschlussschw\u00e4che der Angreifer konnten jedoch lange Zeit das Tor sauber halten. Unsererseits konnten wir nur wenige Gegenangriffe starten, da der eine oder andere doch noch etwas zu viel Respekt vor dem Gegner hatte und h\u00e4ufig die Variante \u201ehoch und weit bringt Sicherheit\u201c w\u00e4hlte. In den wenigen Situationen, in denen wir die Ruhe bewahrten und das, was wir zuvor in der Vorbereitung trainiert haben, umsetzten, waren auch wir in der Lage ein bisschen Nervosit\u00e4t beim Stadtnachbarn hervorzurufen.<!--more--><\/p>\n<p>Den 0:2 Pausenr\u00fcckstand konnten wir dennoch leider nicht verhindern. In der 24. Minute gelang es zwar zun\u00e4chst Arne Jacob das defensive Laufduell f\u00fcr sich zu entscheiden, die Abwehraktion brachte den Ball jedoch genau vor die F\u00fc\u00dfe des Dammer Angreifers, dem der Ball so gl\u00fccklich \u00fcber den Fu\u00df rutschte, dass er seinen Weg ins Netz fand. Nur drei Minuten sp\u00e4ter trat Paul Kreymborg, der ansonsten an diesem Tag zusammen mit Hinrich Bosche ein starkes Innenverteidigerduo bildete, an einem langen Ball vorbei und erm\u00f6glichte dem gegnerischen St\u00fcrmer dadurch die freie Bahn auf unser Tor zu, die dieser zum 0:2 nutzte.<\/p>\n<p>In der zweiten H\u00e4lfte wollten wir bis auf ein paar kleinere Anpassungen m\u00f6glichst an unsere Leistung in der ersten Halbzeit ankn\u00fcpfen und noch einmal alles geben, um noch eine Chance auf die zweite Pokalrunde zu haben.<\/p>\n<p>Dies sollte uns auch grunds\u00e4tzlich gut gelingen. Die Chancenflut konnten wir etwas eind\u00e4mmen und selbst etwas aktiver am Spiel teilnehmen. An der dr\u00fcckenden \u00dcberlegenheit der G\u00e4ste \u00e4nderte das zwar wenig, die guten Aktionen nehmen wir aber nat\u00fcrlich gerne als Basis f\u00fcr unsere kommenden Aufgaben mit.<\/p>\n<p>Der n\u00e4chste Doppelschlag (64. Und 69. Minute) besiegelte unsere Niederlage dann aber endg\u00fcltig. Zun\u00e4chst bekamen wir im Mittelfeldzentrum keinen Druck auf den ballf\u00fchrenden Spieler, der musterg\u00fcltig auf seinen Mitspieler durchsteckte und so das 0:3 erm\u00f6glichte. Danach lie\u00df sich der zuvor eingewechselte Jarle Enneking zentral vor dem Strafraum auswackeln und der resultierende Torschuss schlug im langen Eck ein (0:4).<\/p>\n<p>Bis zum Spielende verteidigten wir leidenschaftlich das Tor uns holten alle Kr\u00e4fte aus uns raus. Mehr war leider einfach nicht drin und so ging das Pokalspiel mit 0:4 verloren. Mit unserer Leistung k\u00f6nnen wir trotzdem grunds\u00e4tzlich zufrieden sein. Und auch die Geschlossenheit der Mannschaft verdient allerh\u00f6chste Anerkennung. Nicht nur, dass die zahlreichen Spieler, die an diesem Tag leider nicht zum Einsatz kommen konnten (da wir als gesamte B-Jugend zusammen trainieren waren zum Pokalspiel auch alle angetreten) die Spieler bis zur letzten Minute an der Seitenlinie unterst\u00fctzten, es wurde auch jeder ausgewechselte Spieler ausgiebig beklatscht.<\/p>\n<p>Genau das ist es, was uns Trainer stolz macht und zuversichtlich auf die nun startende Saison in der Bezirksliga (1. B-Jugend) und 2. Kreisklasse (2. B-Jugend) blicken l\u00e4sst. Als <strong>eine <\/strong>B-Jugend sind wir stark! Durch die 2. B-Jugend k\u00f6nnen wir gew\u00e4hrleisten, dass jeder Spieler die Spielzeit bekommt, die er braucht, um in der Bezirksliga mithalten zu k\u00f6nnen. Wir lernen voneinander und miteinander, um zwei schlagkr\u00e4ftige Truppen auf den Rasen stellen zu k\u00f6nnen.<\/p>\n<p>Los geht es nun am Wochenende, wenn die 1. B-Jugend am Samstag ihr erstes Punktspiel in Ganderkesee bestreitet (15 Uhr Ansto\u00df) und die 2. B-Jugend am Sonntag um 10:30 Uhr auf dem Osterfeiner Rasen gegen den SV SW Kroge Ehrendorf II auf Punktejagd geht. Zahlreiche Zuschauer sind wie immer gerne gesehen. Wir freuen uns auf die Aufgaben!<\/p>\n<p>Mit freundlichen Gr\u00fc\u00dfen<\/p>\n<p>Coach P.<\/p>\n<p>Aufstellung: \u00a0\u00a0\u00a0\u00a0\u00a0\u00a0\u00a0\u00a0\u00a0\u00a0\u00a0\u00a0\u00a0\u00a0\u00a0\u00a0\u00a0\u00a0\u00a0\u00a0\u00a0\u00a0\u00a0\u00a0\u00a0\u00a0\u00a0\u00a0\u00a0\u00a0\u00a0\u00a0\u00a0\u00a0\u00a0\u00a0\u00a0\u00a0\u00a0\u00a0\u00a0\u00a0\u00a0\u00a0\u00a0\u00a0\u00a0\u00a0\u00a0\u00a0\u00a0\u00a0 K. Gravemeyer<\/p>\n<ol>\n<li>Kohake P. Kreymborg\u00a0\u00a0\u00a0 \u00a0\u00a0\u00a0\u00a0\u00a0\u00a0\u00a0\u00a0\u00a0\u00a0\u00a0\u00a0\u00a0\u00a0\u00a0 H. Bosche\u00a0\u00a0\u00a0\u00a0\u00a0\u00a0\u00a0\u00a0\u00a0\u00a0 D. Piening<\/li>\n<li>Joachimmeyer<\/li>\n<li>Jacob\u00a0\u00a0\u00a0\u00a0\u00a0\u00a0\u00a0\u00a0\u00a0\u00a0\u00a0\u00a0\u00a0\u00a0\u00a0\u00a0\u00a0\u00a0\u00a0\u00a0\u00a0\u00a0\u00a0\u00a0\u00a0\u00a0\u00a0\u00a0\u00a0\u00a0\u00a0\u00a0\u00a0\u00a0\u00a0\u00a0\u00a0\u00a0\u00a0\u00a0\u00a0\u00a0\u00a0\u00a0\u00a0 M. B\u00f6ckmann<\/li>\n<li>Pieper<\/li>\n<li>Lapke P. Kreinest<\/li>\n<\/ol>\n<p>\u00a0<\/p>\n<p>Bank: M. R\u00f6mer, J. Enneking, J. Otte, A. St\u00e4rk, M. Kamps, T. Deters, L. Hoppe, H. Meyer, H. Maue, M. Pohlschneider, B. Gravemeyer<\/p>\n<p>\u00a0<\/p>\n<p>Tore: \u00a0\u00a0\u00a0 0:1<\/p>\n<p>\u00a0\u00a0\u00a0\u00a0\u00a0\u00a0\u00a0\u00a0\u00a0\u00a0\u00a0\u00a0\u00a0\u00a0\u00a0 0:2<\/p>\n<p>\u00a0\u00a0\u00a0\u00a0\u00a0\u00a0\u00a0\u00a0\u00a0\u00a0\u00a0\u00a0\u00a0\u00a0\u00a0 0:3<\/p>\n<p>\u00a0\u00a0\u00a0\u00a0\u00a0\u00a0\u00a0\u00a0\u00a0\u00a0\u00a0\u00a0\u00a0\u00a0\u00a0 0:4<\/p>\n","protected":false},"excerpt":{"rendered":"<p>SW Osterfeine \u2013 RW Damme 0:4 Das lange warten hat ein Ende! Endlich wieder Pflichtspiele\u2026 und dann auch noch ein Derby auf heimischem Gel\u00e4uf direkt zu Beginn. Mantabude auf, Zuschauer da und bestes Wetter \u2013 es war alles angerichtet f\u00fcr einen tollen Pokalabend gegen unsere Rivalen aus Damme. Diese spielen zwar eine Liga h\u00f6her, aber [&hellip;]<\/p>\n","protected":false},"author":3,"featured_media":0,"comment_status":"closed","ping_status":"closed","sticky":false,"template":"","format":"standard","meta":{"footnotes":""},"categories":[3],"tags":[],"_links":{"self":[{"href":"https:\/\/sw-osterfeine.de\/index.php?rest_route=\/wp\/v2\/posts\/32545"}],"collection":[{"href":"https:\/\/sw-osterfeine.de\/index.php?rest_route=\/wp\/v2\/posts"}],"about":[{"href":"https:\/\/sw-osterfeine.de\/index.php?rest_route=\/wp\/v2\/types\/post"}],"author":[{"embeddable":true,"href":"https:\/\/sw-osterfeine.de\/index.php?rest_route=\/wp\/v2\/users\/3"}],"replies":[{"embeddable":true,"href":"https:\/\/sw-osterfeine.de\/index.php?rest_route=%2Fwp%2Fv2%2Fcomments&post=32545"}],"version-history":[{"count":1,"href":"https:\/\/sw-osterfeine.de\/index.php?rest_route=\/wp\/v2\/posts\/32545\/revisions"}],"predecessor-version":[{"id":32546,"href":"https:\/\/sw-osterfeine.de\/index.php?rest_route=\/wp\/v2\/posts\/32545\/revisions\/32546"}],"wp:attachment":[{"href":"https:\/\/sw-osterfeine.de\/index.php?rest_route=%2Fwp%2Fv2%2Fmedia&parent=32545"}],"wp:term":[{"taxonomy":"category","embeddable":true,"href":"https:\/\/sw-osterfeine.de\/index.php?rest_route=%2Fwp%2Fv2%2Fcategories&post=32545"},{"taxonomy":"post_tag","embeddable":true,"href":"https:\/\/sw-osterfeine.de\/index.php?rest_route=%2Fwp%2Fv2%2Ftags&post=32545"}],"curies":[{"name":"wp","href":"https:\/\/api.w.org\/{rel}","templated":true}]}}