{"id":32569,"date":"2023-08-23T16:35:06","date_gmt":"2023-08-23T14:35:06","guid":{"rendered":"https:\/\/sw-osterfeine.de\/?p=32569"},"modified":"2023-08-23T16:35:06","modified_gmt":"2023-08-23T14:35:06","slug":"spielbericht-iii-herren-3","status":"publish","type":"post","link":"https:\/\/sw-osterfeine.de\/?p=32569","title":{"rendered":"Spielbericht III. Herren"},"content":{"rendered":"\n<p><strong>SW Osterfeine III vs GW Brockdorf V (3:1)<\/strong><\/p>\n<p>Elf Tage nach dem entt\u00e4uschenden 3:3 gegen Brockdorf IV durften wir erneut Brockdorf bei uns begr\u00fc\u00dfen. Bei knackigen 29\u00b0C und herrlichstem Sonnenschein war heute die f\u00fcnfte Mannschaft zu Gast. Leider mussten wir bei diesem Spiel auf einige unserer Spieler verzichten, da die Verletztungsmisere des Vereins auch vor uns kein Halt machte. Mit einigen angeschlagenen Spielern und der hervorragenden Hilfe aus anderen Mannschaften (Lukas Decker 1. Herren und Berthold Klatte Altherren) war es uns dennoch m\u00f6glich, eine schlagkr\u00e4ftige Truppe auf den Platz zu bringen. Das Spiel begann f\u00fcr uns aber nicht so, wie wir es uns vorgestellt hatten. Bereits in der dritten Spielminute musste Anwalt hinter sich fassen, nachdem Brockdorf eine starke Ecke vor unser Tor schlug und den Ball aus drei Metern im Tor unterbringen konnte. Erst als wir unsere Formation wieder ins \u00fcbliche 4-4-2 \u00e4nderten, lief das Spiel f\u00fcr uns besser. Obwohl wir von nun an besser auftraten, ben\u00f6tigten wir bis zur 44. Minute, um den R\u00fcckstand zu egalisieren. Lukas Decker gewann den Ball vom gegnerischen Rechtsverteidiger und passte auf Luci. Der wiederum legte sehenswert per Hacke auf Mika ab, welcher die Kugel zum 1:1 Halbzeitstand unter den Querbalken nagelte. Nach einer motivierenden Ansprache von Coach Pawel in der Halbzeitpause warteten unsere Fans nicht allzu lange auf die F\u00fchrung. Bereits neun Minuten nach Wiederanpfiff revanchierte sich Mika bei Luci, indem er sich zun\u00e4chst durch die gesamte Hintermannschaft dribbelte und im Anschluss das Auge f\u00fcr seinen Mitspieler hatte. Dass diese beiden Spieler am heutigen Tage perfekt miteinander harmonierten, zeigte das 3:1 nur f\u00fcnf Minuten sp\u00e4ter, da es eine exakte Kopie des zweiten Treffers war. Von nun an gelang es uns, nur selten richtig gef\u00e4hrlich vor das Tor zu kommen. Die gr\u00f6\u00dfte Chance war \u00dc kurz vor dem Schlusspfiff verg\u00f6nnt, dem es jedoch nicht gelang, diese zu verwerten und somit blieb es bei dem 3:1 Endstand. Auf diesem Ergebnis wollen wir aufbauen und in den n\u00e4chsten Wochen und Monaten weiter erfolgreich Fu\u00dfball spielen. Das n\u00e4chste Spiel findet am 26.08. um 14:00 Uhr in Varenesch statt. Bis dahin allen eine sch\u00f6ne Zeit.<\/p>\n<p>Mit sportlichen Gr\u00fc\u00dfen<\/p>\n<p>Die Dritte<\/p>\n","protected":false},"excerpt":{"rendered":"<p>SW Osterfeine III vs GW Brockdorf V (3:1) Elf Tage nach dem entt\u00e4uschenden 3:3 gegen Brockdorf IV durften wir erneut Brockdorf bei uns begr\u00fc\u00dfen. Bei knackigen 29\u00b0C und herrlichstem Sonnenschein war heute die f\u00fcnfte Mannschaft zu Gast. Leider mussten wir bei diesem Spiel auf einige unserer Spieler verzichten, da die Verletztungsmisere des Vereins auch vor [&hellip;]<\/p>\n","protected":false},"author":3,"featured_media":0,"comment_status":"closed","ping_status":"closed","sticky":false,"template":"","format":"standard","meta":{"footnotes":""},"categories":[3],"tags":[],"_links":{"self":[{"href":"https:\/\/sw-osterfeine.de\/index.php?rest_route=\/wp\/v2\/posts\/32569"}],"collection":[{"href":"https:\/\/sw-osterfeine.de\/index.php?rest_route=\/wp\/v2\/posts"}],"about":[{"href":"https:\/\/sw-osterfeine.de\/index.php?rest_route=\/wp\/v2\/types\/post"}],"author":[{"embeddable":true,"href":"https:\/\/sw-osterfeine.de\/index.php?rest_route=\/wp\/v2\/users\/3"}],"replies":[{"embeddable":true,"href":"https:\/\/sw-osterfeine.de\/index.php?rest_route=%2Fwp%2Fv2%2Fcomments&post=32569"}],"version-history":[{"count":1,"href":"https:\/\/sw-osterfeine.de\/index.php?rest_route=\/wp\/v2\/posts\/32569\/revisions"}],"predecessor-version":[{"id":32570,"href":"https:\/\/sw-osterfeine.de\/index.php?rest_route=\/wp\/v2\/posts\/32569\/revisions\/32570"}],"wp:attachment":[{"href":"https:\/\/sw-osterfeine.de\/index.php?rest_route=%2Fwp%2Fv2%2Fmedia&parent=32569"}],"wp:term":[{"taxonomy":"category","embeddable":true,"href":"https:\/\/sw-osterfeine.de\/index.php?rest_route=%2Fwp%2Fv2%2Fcategories&post=32569"},{"taxonomy":"post_tag","embeddable":true,"href":"https:\/\/sw-osterfeine.de\/index.php?rest_route=%2Fwp%2Fv2%2Ftags&post=32569"}],"curies":[{"name":"wp","href":"https:\/\/api.w.org\/{rel}","templated":true}]}}