{"id":32621,"date":"2023-08-30T12:08:21","date_gmt":"2023-08-30T10:08:21","guid":{"rendered":"https:\/\/sw-osterfeine.de\/?p=32621"},"modified":"2023-08-30T12:08:21","modified_gmt":"2023-08-30T10:08:21","slug":"spielbericht-iii-herren-4","status":"publish","type":"post","link":"https:\/\/sw-osterfeine.de\/?p=32621","title":{"rendered":"<strong>Spielbericht III. Herren<\/strong>"},"content":{"rendered":"\n\n\n<p><strong>SG Varenesch\/Lutten 2 vs. SW Osterfeine III<\/strong><\/p>\n<p>Zu einer ungewohnten Spielzeit am Samstagnachmittag durften wir die erste Ausw\u00e4rtsfahrt dieser Saison nach Lutten antreten. Unsere Mannschaft war hochmotiviert, an den Erfolg aus dem letzten Spiel gegen Brockdorf anzukn\u00fcpfen. Aufgrund einiger Ausf\u00e4lle, sei es verletzungsbedingt oder wegen eines Urlaubs auf Malle, waren wir mit Unterst\u00fctzung aus der 4. Herren vierzehn, zum Teil angeschlagene Spieler. An dieser Stelle danke an Tim Krebeck f\u00fcr das Aushelfen. P\u00fcnktlich um 14:00 Uhr standen beide Mannschaften spielbereit auf dem Platz, einzig der Spielleiter war noch nicht da. Mit einer leichten Versp\u00e4tung von ca. 15 Min. pfiff der Schiedsrichter das Spiel an. Von Beginn an waren wir spielbestimmend und lie\u00dfen SG Varenesch\/Lutten 2 keinerlei Chance. Bereits nach neun Minuten setzte sich Mika im gegnerischen Sechzehner gegen drei Gegenspieler durch und legte hervorragend quer auf Aron. Dieser nahm den Ball an und schob ihn in das kurze Eck ein. Nur zwei Minuten sp\u00e4ter war es Luci, der seine Dribblingk\u00fcnste pr\u00e4sentieren wollte, jedoch durch ein rotverd\u00e4chtiges Foul gestoppt wurde. Der Unparteiische belie\u00df es bei einem gelben Karton. Dem folgenden Freisto\u00df nahm sich Pawel an und servierte perfekt f\u00fcr Luci, der sich f\u00fcr das vorherige Foul mit der besten Art und Weise r\u00e4chte und zum 2:0 traf. Ab diesem Zeitpunkt lief uns Varenesch\/Lutten h\u00f6her an um uns mehr unter Druck zu setzen. Dennoch h\u00e4tte es in der 20. Minute einen weiteren Treffer f\u00fcr uns geben k\u00f6nnen, allerdings bekam Mika ca. 50 cm vor dem Tor Muffensausen und legte den Ball am Tor vorbei (nimm Mal Torschusstraining bei Leo \ud83d\ude09). So waren wir gezwungen, weitere f\u00fcnfzehn Minuten auf den n\u00e4chsten Treffer zu warten. Dort war es wieder das Duo, bestehend aus Pawel und Luci, die die gesamte Hintermannschaft zum Zuschauen verdammten. Mit einem Pass in Toni-Kroos-Manier hebelte Pawel das Mittelfeld sowie die Verteidigung aus und Luci musste im Eins-gegen-Eins gegen den Torwart nur unten links einnetzen. Dass <!--more-->nicht nur Pawel solche P\u00e4sse kann, zeigte unser Innenverteidiger Linus, der eine L\u00fccke in der Defensive nutze und Luci perfekt in den Lauf spielte. So hie\u00df es in der 45. Minute 4:0 und lupenreiner Hattrick von unserer Nummer 9. Dies sollte aber nicht der Schlusspunkt der ersten H\u00e4lfte sein. In der Nachspielzeit bekam unser Gegner noch einen fragw\u00fcrdigen Elfmeter zugesprochen. Lemmy echauffierte sich so sehr dar\u00fcber, dass der Schiedsrichter keine andere M\u00f6glichkeit sah und ihn vom Gel\u00e4nde verwies (Lemmys Worte zum Elfmeter: \u201eDas ist doch l\u00e4cherlich\u201c). Bei uns im Tor war aber, in Form von Anwalt, der personifizierte Elfmeterkiller und so ging es mit einer Vier-Tore-F\u00fchrung in die Pause. In der zweiten Halbzeit schalteten wir 1-2 G\u00e4nge zur\u00fcck, weshalb wir nur hin und wieder ein paar Nadelstiche setzen konnten. Erst in der 80. Minute war es ein Eckball von Pawel, der wieder Luci gefunden hat, welcher sein viertes Tor in diesem Spiel erzielen konnte. Mit sieben Toren nach drei Spielen f\u00fchrt unser Torj\u00e4ger nun die Torj\u00e4gerliste der Liga an. Zu einer unsch\u00f6nen Sache kam es in der letzten regul\u00e4ren Spielminute. Nachdem der Gegner immer wieder auf die Knochen unserer Spieler ging, verlor der ansonsten stark spielende Aron die Nerven und foulte seinen Gegenspieler, wof\u00fcr er seine zweite gelbe Karte an diesem Tag sah und mit der Ampelkarte den Platz verlassen musste. Kurz darauf war dann auch Abpfiff und wir holten den zweiten Sieg im dritten Spiel, womit wir in der Tabelle auf den dritten Platz vorr\u00fcckten. Zusammenfassend kann man sagen, dass wir das Spiel auch mit ein paar Toren mehr h\u00e4tten beenden k\u00f6nnen, aber in der einen oder anderen Situation die letzte Pr\u00e4zision fehlte. Das n\u00e4chste Spiel bestreiten wir am kommenden Sonntag um 13:00 Uhr in Osterfeine. Dort empfangen wir die zweite Mannschaft von BS V\u00f6rden. Unser Ziel ist nat\u00fcrlich, dort den n\u00e4chsten Sieg einzufahren und wir hoffen, dass wir wieder auf zahlreiche Unterst\u00fctzung z\u00e4hlen k\u00f6nnen. Bis dahin w\u00fcnschen wir allen eine sch\u00f6ne und erfolgreiche Zeit.<\/p>\n<p>Mit sportlichen Gr\u00fc\u00dfen<\/p>\n<p>Die Dritte<\/p>\n","protected":false},"excerpt":{"rendered":"<p>SG Varenesch\/Lutten 2 vs. SW Osterfeine III Zu einer ungewohnten Spielzeit am Samstagnachmittag durften wir die erste Ausw\u00e4rtsfahrt dieser Saison nach Lutten antreten. Unsere Mannschaft war hochmotiviert, an den Erfolg aus dem letzten Spiel gegen Brockdorf anzukn\u00fcpfen. Aufgrund einiger Ausf\u00e4lle, sei es verletzungsbedingt oder wegen eines Urlaubs auf Malle, waren wir mit Unterst\u00fctzung aus der [&hellip;]<\/p>\n","protected":false},"author":3,"featured_media":0,"comment_status":"closed","ping_status":"closed","sticky":false,"template":"","format":"standard","meta":{"footnotes":""},"categories":[3],"tags":[],"_links":{"self":[{"href":"https:\/\/sw-osterfeine.de\/index.php?rest_route=\/wp\/v2\/posts\/32621"}],"collection":[{"href":"https:\/\/sw-osterfeine.de\/index.php?rest_route=\/wp\/v2\/posts"}],"about":[{"href":"https:\/\/sw-osterfeine.de\/index.php?rest_route=\/wp\/v2\/types\/post"}],"author":[{"embeddable":true,"href":"https:\/\/sw-osterfeine.de\/index.php?rest_route=\/wp\/v2\/users\/3"}],"replies":[{"embeddable":true,"href":"https:\/\/sw-osterfeine.de\/index.php?rest_route=%2Fwp%2Fv2%2Fcomments&post=32621"}],"version-history":[{"count":1,"href":"https:\/\/sw-osterfeine.de\/index.php?rest_route=\/wp\/v2\/posts\/32621\/revisions"}],"predecessor-version":[{"id":32622,"href":"https:\/\/sw-osterfeine.de\/index.php?rest_route=\/wp\/v2\/posts\/32621\/revisions\/32622"}],"wp:attachment":[{"href":"https:\/\/sw-osterfeine.de\/index.php?rest_route=%2Fwp%2Fv2%2Fmedia&parent=32621"}],"wp:term":[{"taxonomy":"category","embeddable":true,"href":"https:\/\/sw-osterfeine.de\/index.php?rest_route=%2Fwp%2Fv2%2Fcategories&post=32621"},{"taxonomy":"post_tag","embeddable":true,"href":"https:\/\/sw-osterfeine.de\/index.php?rest_route=%2Fwp%2Fv2%2Ftags&post=32621"}],"curies":[{"name":"wp","href":"https:\/\/api.w.org\/{rel}","templated":true}]}}