{"id":32623,"date":"2023-08-30T12:37:43","date_gmt":"2023-08-30T10:37:43","guid":{"rendered":"https:\/\/sw-osterfeine.de\/?p=32623"},"modified":"2023-08-30T12:37:43","modified_gmt":"2023-08-30T10:37:43","slug":"fan-bus-zum-auswaertsspiel-nach-thuele","status":"publish","type":"post","link":"https:\/\/sw-osterfeine.de\/?p=32623","title":{"rendered":"Fan Bus zum Ausw\u00e4rtsspiel nach Th\u00fcle"},"content":{"rendered":"\n<p>Zu dem Ausw\u00e4rtsspiel gegen <strong>SV Th\u00fcle<\/strong> am <strong>Sonntag (03.09.2023)<\/strong> setzt SV SW Osterfeine einen Fan Bus ein. Die Anmeldung ist ab sofort bei Petra B\u00f6ckerstette unter Mobil <strong>0170\/9965320<\/strong> m\u00f6glich. <strong>Abfahrt: 13:30 Uhr<\/strong> an der Sporthalle in Osterfeine, Kl\u00fcnenberg 11. Seid dabei und unterst\u00fctzt \u00a0tatkr\u00e4ftig unsere Mannschaft. Sollten noch Fanartikel wie Schal oder Cappy ben\u00f6tigt werden, sind diese am Freitag von 15.00-17:00 Uhr (oder nach Absprache) \u00a0in der Gesch\u00e4ftsstelle \u00a0erh\u00e4ltlich.<\/p>\n<p>\u00a0<\/p>\n","protected":false},"excerpt":{"rendered":"<p>Zu dem Ausw\u00e4rtsspiel gegen SV Th\u00fcle am Sonntag (03.09.2023) setzt SV SW Osterfeine einen Fan Bus ein. Die Anmeldung ist ab sofort bei Petra B\u00f6ckerstette unter Mobil 0170\/9965320 m\u00f6glich. Abfahrt: 13:30 Uhr an der Sporthalle in Osterfeine, Kl\u00fcnenberg 11. Seid dabei und unterst\u00fctzt \u00a0tatkr\u00e4ftig unsere Mannschaft. Sollten noch Fanartikel wie Schal oder Cappy ben\u00f6tigt werden, [&hellip;]<\/p>\n","protected":false},"author":3,"featured_media":0,"comment_status":"closed","ping_status":"closed","sticky":false,"template":"","format":"standard","meta":{"footnotes":""},"categories":[3],"tags":[],"_links":{"self":[{"href":"https:\/\/sw-osterfeine.de\/index.php?rest_route=\/wp\/v2\/posts\/32623"}],"collection":[{"href":"https:\/\/sw-osterfeine.de\/index.php?rest_route=\/wp\/v2\/posts"}],"about":[{"href":"https:\/\/sw-osterfeine.de\/index.php?rest_route=\/wp\/v2\/types\/post"}],"author":[{"embeddable":true,"href":"https:\/\/sw-osterfeine.de\/index.php?rest_route=\/wp\/v2\/users\/3"}],"replies":[{"embeddable":true,"href":"https:\/\/sw-osterfeine.de\/index.php?rest_route=%2Fwp%2Fv2%2Fcomments&post=32623"}],"version-history":[{"count":1,"href":"https:\/\/sw-osterfeine.de\/index.php?rest_route=\/wp\/v2\/posts\/32623\/revisions"}],"predecessor-version":[{"id":32624,"href":"https:\/\/sw-osterfeine.de\/index.php?rest_route=\/wp\/v2\/posts\/32623\/revisions\/32624"}],"wp:attachment":[{"href":"https:\/\/sw-osterfeine.de\/index.php?rest_route=%2Fwp%2Fv2%2Fmedia&parent=32623"}],"wp:term":[{"taxonomy":"category","embeddable":true,"href":"https:\/\/sw-osterfeine.de\/index.php?rest_route=%2Fwp%2Fv2%2Fcategories&post=32623"},{"taxonomy":"post_tag","embeddable":true,"href":"https:\/\/sw-osterfeine.de\/index.php?rest_route=%2Fwp%2Fv2%2Ftags&post=32623"}],"curies":[{"name":"wp","href":"https:\/\/api.w.org\/{rel}","templated":true}]}}