{"id":32665,"date":"2023-09-08T16:06:46","date_gmt":"2023-09-08T14:06:46","guid":{"rendered":"https:\/\/sw-osterfeine.de\/?p=32665"},"modified":"2023-09-08T16:06:46","modified_gmt":"2023-09-08T14:06:46","slug":"saisonauftakt-der-1-c-jugend","status":"publish","type":"post","link":"https:\/\/sw-osterfeine.de\/?p=32665","title":{"rendered":"<strong>Saisonauftakt der 1. C-Jugend<\/strong>"},"content":{"rendered":"\n<p>Die Vorbereitung ist durch, die ersten Pflichtspiele sind bestritten\u2026 die Saison 2023 \/ 24 ist im vollen Gange. Durch f\u00fcnf aus der D-Jugend hochgezogene Spieler war es m\u00f6glich, neben der C1 in der Kreisliga auch eine C2 in der 3. Kreisklasse anzumelden. So kommt jeder unserer C-Jugendlichen auf seine Spielzeiten!<\/p>\n<p>Den ersten Test nach intensiven Trainingseinheiten absolvierten wir beim Sport-B\u00f6ckmann-Cup in Holdorf. Zwar verloren wir die drei 30-Minuten-Spiele, jedoch haben sich die 14 Jungs so reingeh\u00e4ngt, dass allen bewusst wurde, selbst gegen Bezirksligisten gut mithalten zu k\u00f6nnen. Nicht nur lange weite B\u00e4lle, sondern auch sch\u00f6ne Kombinationen brachten uns bis in den gegnerischen Strafraum. Hier waren unsere Offensivkr\u00e4fte noch nicht abgezockt genug, um Torerfolge zu erzielen \u2013 was sich jedoch in den darauffolgenden Testspielen \u00e4nderte: Schon zwei Tage sp\u00e4ter stand die Null dann nicht mehr auf unserer Seite, sondern auf der von Holdorf \/ Langenberg. W\u00e4hrend unser Keeper Maxi Zurwellen hinten das Tor sauber hielt, auch durch die starke Unterst\u00fctzung unserer Defensive, konnten wir uns f\u00fcr unsere Ans\u00e4tze mit einem 4:0-Sieg belohnen. Im letzten Testspiel \u2013 ein Derby gegen RW Damme II \u2013 schlossen wir direkt an unsere Leistung aus dem vorherigen Testspiel an und gewannen deutlich mit 5:1. In der Vorbereitung trafen Tom Lamping viermal, Johann Balster doppelt sowie Hannes Kuhlmann, Niklas Herfert und Rayen Mahdouani jeweils einmal.<\/p>\n<p>Mit diesen durchaus zufriedenstellenden Ergebnissen \u2013 und besonders der Erkenntnis, dass die Jungs in der Vorbereitung sich schon so gut zusammengefunden haben \u2013 sind wir in unser erstes Pflichtspiel gegangen: die 1. Runde des Kreispokals. Die Gegner aus Steinfeld \/ M\u00fchlen kannten uns zwar schon vom Sport-B\u00f6ckmann-Cup, aber waren nicht auf unsere Aggressivit\u00e4t eingestellt. So gelang Leo Lampe kurz vor der Halbzeit der F\u00fchrungstreffer zum 1:0. Der Druck auf unsere Defensive wurde in den folgenden 35 Minuten selbstverst\u00e4ndlich deutlich erh\u00f6ht, welchem wir bis zur 60. Minute auch standhalten konnten. In den letzten zehn Minuten des Spiels lie\u00dfen wir dann jedoch immer mehr Chancen zu, weshalb das Gegentor in der 68. Minute die logische Konsequenz war. Nach dem Schlusspfiff ging es also ins Elfmeterschie\u00dfen, bei dem wir nach dem siebten Sch\u00fctzen leider das Nachsehen hatten. Trotzdem l\u00e4sst sich sagen, dass wir ein gutes Spiel gemacht haben, das durchaus auch einen anderen Sieger verdient h\u00e4tte.<!--more--><\/p>\n<p>Mit diesem Wissen stand eine Woche sp\u00e4ter das erste Ligaspiel gegen Neuenkirchen-V\u00f6rden an. Die Motivation war bei den Jungs sehr hoch und stieg nochmal, als die Nachricht die Runde machte, dass wir auf Platz 1 spielen d\u00fcrfen. In der ersten Halbzeit waren wir Schwarz-Wei\u00dfen auch die Mannschaft mit den klareren Chancen, gingen aber torlos in die Halbzeitpause. In der zweiten Halbzeit konnten wir schnell an die Chancen der ersten Halbzeit ankn\u00fcpfen, und so konnte Ben Markus in der 40. Minute das 1:0 erzielen. Diese F\u00fchrung konnten wir allerdings nicht lange halten. Innerhalb von elf Minuten bekamen wir durch individuelle Fehler drei Gegentore. So lagen wir bis zum Ende der regul\u00e4ren Spielzeit mit 3:1 hinten, hatten aber immer noch Hoffnung, die Gegner nicht mit drei Punkten abreisen zu lassen. Unsere Hoffnung wurde nochmal gr\u00f6\u00dfer, als Johann Balster in der ersten Minute der Nachspielzeit einen Schuss von der Strafraumkante ins linke Eck verwandelte. Nur noch ein Tor R\u00fcckstand, und genau dieses Tor versuchten wir mit allen Mitteln zu erzielen. Der Schiri hatte schon die Pfeife im Mund, da gelang uns noch ein langer Ball in die Spitze, den Niklas Herfert in allerletzter Sekunde zum 3:3-Ausgleich verwandelte. Einen Punkt, den man nach diesem Spielverlauf sicher gerne mitnimmt.<\/p>\n<p>Am darauffolgenden Montag stand die gro\u00dfe Revanche an, es wartete unser Pokalgegner aus Steinfeld \/ M\u00fchlen zum Ligaspiel. Mit Hilfe von Ismael Saleem und Paul Gieskemeyer aus der C2, die f\u00fcr die verletzten Moritz Lamping, Hannes Kuhlmann und Carl Hillmann aushalfen, wollten wir bei bestem Wetter unseren ersten Pflichtspielsieg verbuchen. Wir agierten in der ersten Halbzeit sehr bissig und haben wirklich sch\u00f6ne M\u00f6glichkeiten herausgespielt. Eine davon konnte Felix Lange zur 1:0-Pausenf\u00fchrung verwandeln. Abgesehen davon, dass wir auch deutlich h\u00f6her h\u00e4tten f\u00fchren k\u00f6nnen \/ m\u00fcssen, haben die Jungs ihre bislang beste Mannschaftsleistung gezeigt. Auch zu Beginn der zweiten Halbzeit konnten Angriffe der gegnerischen Offensive bei unserem Sechserduo Johann Balster und Ben Markus, sp\u00e4testens aber bei den Innenverteidigern Paul Bornhorst und Tom Lamping abgefangen werden. Fast schon parallel zum Pokalspiel bekamen wir in den letzten 10 Minuten immer mehr Druck: In der 68. Minute konnten wir dann eine Ecke der Gegner nicht mehr verteidigen. Ob die Ecke jetzt eine Ecke war oder nicht, da scheiden sich noch heute die Geister\u2026 so konnten wir trotz der wirklich sehr starken Leistungen leider nur einen Punkt mitnehmen.<\/p>\n<p>Wenn wir aber in den n\u00e4chsten Spielen gegen Lohne III und Lohne II genau diese Leistungen wieder zeigen, wird unser Ehrgeiz auch bald mit drei Punkten belohnt. Schon nach kurzer Zeit ist in der Mannschaft ein sehr gro\u00dfer Zusammenhalt gewachsen, den man auch auf dem Platz von Spiel zu Spiel immer mehr erkennen kann. Es macht uns Trainer sehr stolz, zu sehen, dass jeder Einzelne sich weiterentwickelt und immer noch viel Freude am Fu\u00dfball hat!<\/p>\n","protected":false},"excerpt":{"rendered":"<p>Die Vorbereitung ist durch, die ersten Pflichtspiele sind bestritten\u2026 die Saison 2023 \/ 24 ist im vollen Gange. Durch f\u00fcnf aus der D-Jugend hochgezogene Spieler war es m\u00f6glich, neben der C1 in der Kreisliga auch eine C2 in der 3. Kreisklasse anzumelden. So kommt jeder unserer C-Jugendlichen auf seine Spielzeiten! Den ersten Test nach intensiven [&hellip;]<\/p>\n","protected":false},"author":3,"featured_media":0,"comment_status":"closed","ping_status":"closed","sticky":false,"template":"","format":"standard","meta":{"footnotes":""},"categories":[3],"tags":[],"_links":{"self":[{"href":"https:\/\/sw-osterfeine.de\/index.php?rest_route=\/wp\/v2\/posts\/32665"}],"collection":[{"href":"https:\/\/sw-osterfeine.de\/index.php?rest_route=\/wp\/v2\/posts"}],"about":[{"href":"https:\/\/sw-osterfeine.de\/index.php?rest_route=\/wp\/v2\/types\/post"}],"author":[{"embeddable":true,"href":"https:\/\/sw-osterfeine.de\/index.php?rest_route=\/wp\/v2\/users\/3"}],"replies":[{"embeddable":true,"href":"https:\/\/sw-osterfeine.de\/index.php?rest_route=%2Fwp%2Fv2%2Fcomments&post=32665"}],"version-history":[{"count":1,"href":"https:\/\/sw-osterfeine.de\/index.php?rest_route=\/wp\/v2\/posts\/32665\/revisions"}],"predecessor-version":[{"id":32666,"href":"https:\/\/sw-osterfeine.de\/index.php?rest_route=\/wp\/v2\/posts\/32665\/revisions\/32666"}],"wp:attachment":[{"href":"https:\/\/sw-osterfeine.de\/index.php?rest_route=%2Fwp%2Fv2%2Fmedia&parent=32665"}],"wp:term":[{"taxonomy":"category","embeddable":true,"href":"https:\/\/sw-osterfeine.de\/index.php?rest_route=%2Fwp%2Fv2%2Fcategories&post=32665"},{"taxonomy":"post_tag","embeddable":true,"href":"https:\/\/sw-osterfeine.de\/index.php?rest_route=%2Fwp%2Fv2%2Ftags&post=32665"}],"curies":[{"name":"wp","href":"https:\/\/api.w.org\/{rel}","templated":true}]}}