{"id":32698,"date":"2023-09-19T11:21:15","date_gmt":"2023-09-19T09:21:15","guid":{"rendered":"https:\/\/sw-osterfeine.de\/?p=32698"},"modified":"2023-09-19T11:21:15","modified_gmt":"2023-09-19T09:21:15","slug":"spielbericht-a-jugend-sfn-vechta-swo","status":"publish","type":"post","link":"https:\/\/sw-osterfeine.de\/?p=32698","title":{"rendered":"Spielbericht A-Jugend SFN Vechta \u2013 SWO"},"content":{"rendered":"\n\n\n<p>Der Saisonstart unserer A-Jugend h\u00e4tte ergebnistechnisch nicht besser laufen k\u00f6nnen. 3 Spiele, 3 Siege, in jedem Spiel mit unserer Beteiligung fallen 9 Tore. Was will man mehr. Spielerisch ist wie in den vorigen Berichten bereits erw\u00e4hnt, Luft nach oben. Alles in allen l\u00e4sst sich aber sagen, dass der Saisonstart ordentlich verlaufen ist. Am vierten Spieltag mussten unsere Jungs zur neu formierten Mannschaft aus Vechta reisen mussten. Der Kader f\u00fcr dieses Spiel umfasste 17 Spieler und bis auf die Langzeitverletzten Bene und Anton, waren alle Spieler Einsatzf\u00e4hig. Von der ersten Mannschaft bekamen wir in Person von Max Maue Unterst\u00fctzung. Einen herzlichen Dank f\u00fcr deine Unterst\u00fctzung!<\/p>\n<p>In Vechta angekommen, schweifte der Blick \u00fcber die neue Sportanlage mit perfekten Pl\u00e4tzen und neu gebauten Umkleidekabinen. Hier sollten wir allerdings nicht spielen. Da die Pl\u00e4tze erst n\u00e4chste Woche er\u00f6ffnet werden, musste sich in provisorischen Baucontainern umgezogen werden und im angrenzenden Reiter-Waldstadion wurde gespielt. Schon vor Anpfiff bot sich ein Bild was nicht unterschiedlicher sein konnte. W\u00e4hrend wir uns konzentriert und fast schon routiniert warm gemacht haben, wurden auf der anderen Seite Spielz\u00fcge trainiert. Auch hier zeigt sich, dass die Truppe aus Vechta in der Findungsphase ist und das Trainerteam jede freie Sekunde nutzt, um eine Mannschaft aus den vielen Einzelspielern zu formen. Mit dem Anpfiff war dann aber klar, wer dieses Spiel gewinnen will. W\u00e4hrend Vechta sich auf nadelstichartige Konter beschr\u00e4nkte versuchten wir das Spiel zu machen. In der 15. Minute war es dann schlie\u00dflich ein lang getretener Freisto\u00df von Moritz, der auf Tom durchrutschte, welcher den Ball dann ungehindert in die Maschen dr\u00fccken konnte. Kurze Zeit sp\u00e4ter war f\u00fcr Benny schon Schluss, da er \u00fcber st\u00e4rker werdende Schmerzen im Fu\u00df klagte. F\u00fcr ihn kam Victor in die Partie und dieser Wechsel sollte schon bald Fr\u00fcchte tragen. In der 38. Minute war es eben Victor, der am eigenen Strafraum den Ball erk\u00e4mpfte und einen Vollsprint \u00fcber den ganzen Platz hinlegte. \u00dcber einen Doppelpass mit Tim K spielte er sich in den gegnerischen 16er frei und konnte dort 3 Spieler aussteigen lassen, ehe er zum 2:0 einschoss. Ein perfekt vorgetragener Konter zur richtigen Zeit, denn das Spiel h\u00e4tte zu diesem Zeitpunkt auch kippen <!--more-->k\u00f6nnen. Drei Minuten sp\u00e4ter wurde Tom nahe der Grundlinie r\u00fcde zu Boden gebracht und den f\u00e4lligen Freisto\u00df f\u00fchrte Harry nach mehreren Zurufen von au\u00dfen aus. Die Entscheidung sollte richtig sein, denn seinen flach getretenen Freisto\u00df musste Moritz nur \u00fcber die Linie dr\u00fccken, sodass mit 3:0 in die Halbzeit gegangen werden konnte. Zur Halbzeit gab es noch einige Aufreger, da sowohl das Trainerteam als auch die Spieler des Gastgebers den Fairnessgedanken nicht wie gew\u00fcnscht lebten. Doch Fouls und Unsportlichkeiten konnten uns an diesem Samstagnachmittag nicht stoppen. In der 49. Minute war es ein Diagonalball von Moritz den Tim K. artistisch \u00fcber die Linie bringen konnte. In der 60. Minute war es wieder mal ein Foul knapp 20 Meter vor dem Tor, welches mit Freisto\u00df geahndet wurde. Diesen Freisto\u00df schoss Maue direkt aufs Tor und der sonst gut aufgelegte Torwart der Vechtaer lie\u00df den Ball nach vorne klatschen, sodass Luca den Ball nur noch \u00fcber die Linie dr\u00fccken musste. Die n\u00e4chste Situation die diskutabel war folgte keine 5 Minuten sp\u00e4ter, als Tom auf au\u00dfen perfekt in Szene gesetzt wurde und in vollem Lauf r\u00fcde zu Boden gerissen wurde. Doch ein Pfiff des Schiedsrichters blieb aus. Ein \u00e4hnlicher Spielzug brachte dann in der 70. Minute doch den gew\u00fcnschten Torerfolg. Maue steckte perfekt auf Tom durch, der dann einen traumhaften Heber \u00fcber den Torh\u00fcter zum 6:0 einnetzen durfte. Ab diesem Zeitpunkt pl\u00e4tscherte das Spiel dann vor sich hin. Erw\u00e4hnenswert ist noch das 7:0 bei dem Luca wundersch\u00f6n auf Harry querlegte und dieser nur noch einschieben musste.<\/p>\n<p>Mit dem Ergebnis sind wir sehr zufrieden und auch damit, dass sich kein weiterer Spieler verletzt hat, ebenso konnte Tim Fischer sein Comeback nach Au\u00dfenbandriss feiern.<\/p>\n<p>Am kommenden Samstag kommt es dann um 16:30 Uhr zum Stadtderby in Damme. Auch hier soll im besten Fall ein Sieg eingefahren werden und Tore sind bei uns ja bisher garantiert, sodass sich vielleicht der ein oder andere Interessierte in den Dersa-Sportpark verirrt und uns unterst\u00fctzt.<\/p>\n<p>Sportliche Gr\u00fc\u00dfe<\/p>\n<p>Eure A-Jugend<\/p>\n","protected":false},"excerpt":{"rendered":"<p>Der Saisonstart unserer A-Jugend h\u00e4tte ergebnistechnisch nicht besser laufen k\u00f6nnen. 3 Spiele, 3 Siege, in jedem Spiel mit unserer Beteiligung fallen 9 Tore. Was will man mehr. Spielerisch ist wie in den vorigen Berichten bereits erw\u00e4hnt, Luft nach oben. Alles in allen l\u00e4sst sich aber sagen, dass der Saisonstart ordentlich verlaufen ist. Am vierten Spieltag [&hellip;]<\/p>\n","protected":false},"author":3,"featured_media":0,"comment_status":"closed","ping_status":"closed","sticky":false,"template":"","format":"standard","meta":{"footnotes":""},"categories":[3],"tags":[],"_links":{"self":[{"href":"https:\/\/sw-osterfeine.de\/index.php?rest_route=\/wp\/v2\/posts\/32698"}],"collection":[{"href":"https:\/\/sw-osterfeine.de\/index.php?rest_route=\/wp\/v2\/posts"}],"about":[{"href":"https:\/\/sw-osterfeine.de\/index.php?rest_route=\/wp\/v2\/types\/post"}],"author":[{"embeddable":true,"href":"https:\/\/sw-osterfeine.de\/index.php?rest_route=\/wp\/v2\/users\/3"}],"replies":[{"embeddable":true,"href":"https:\/\/sw-osterfeine.de\/index.php?rest_route=%2Fwp%2Fv2%2Fcomments&post=32698"}],"version-history":[{"count":1,"href":"https:\/\/sw-osterfeine.de\/index.php?rest_route=\/wp\/v2\/posts\/32698\/revisions"}],"predecessor-version":[{"id":32699,"href":"https:\/\/sw-osterfeine.de\/index.php?rest_route=\/wp\/v2\/posts\/32698\/revisions\/32699"}],"wp:attachment":[{"href":"https:\/\/sw-osterfeine.de\/index.php?rest_route=%2Fwp%2Fv2%2Fmedia&parent=32698"}],"wp:term":[{"taxonomy":"category","embeddable":true,"href":"https:\/\/sw-osterfeine.de\/index.php?rest_route=%2Fwp%2Fv2%2Fcategories&post=32698"},{"taxonomy":"post_tag","embeddable":true,"href":"https:\/\/sw-osterfeine.de\/index.php?rest_route=%2Fwp%2Fv2%2Ftags&post=32698"}],"curies":[{"name":"wp","href":"https:\/\/api.w.org\/{rel}","templated":true}]}}