{"id":32700,"date":"2023-09-19T11:24:37","date_gmt":"2023-09-19T09:24:37","guid":{"rendered":"https:\/\/sw-osterfeine.de\/?p=32700"},"modified":"2023-09-19T11:24:37","modified_gmt":"2023-09-19T09:24:37","slug":"spielberichte-iii-herren","status":"publish","type":"post","link":"https:\/\/sw-osterfeine.de\/?p=32700","title":{"rendered":"<strong>Spielberichte III. Herren<\/strong>"},"content":{"rendered":"\n<p><strong>SW Osterfeine III vs SFN Vechta III (3:4)<\/strong><\/p>\n<p>Am 10.09.2023 durften wir bei herrlichstem Wetter einen der vermutlich st\u00e4rksten Gegner der Liga empfangen. Mit SFN Vechta III kam eine Mannschaft, die uns im Vorjahr vernichtend geschlagen hatte. Wir wussten daher, dass es kein leichtes Unterfangen wird und wir von Beginn an hellwach agieren mussten. Dies sollte uns auch tadellos gelingen. Bereits in der 4. Minute bekamen wir einen Freisto\u00df zugesprochen, den Interims-Coach Proppen perfekt in den Sechzehner schlug, wo Mika eiskalt zum 1:0 versenkte. Wir dominierten von Beginn an das Spiel und konnten unsere F\u00fchrung in der 35. Minute ausbauen. Wieder war es ein Freisto\u00df von Proppen, den er dieses Mal aber direkt aufs Tor brachte. Der Vechtaraner Schlussmann zeigte sich von dem Schuss so beeindruckt, dass er den Ball genau vor die F\u00fc\u00dfe von 2. Herren Leihgabe Justus Krebeck abprallen lie\u00df, sodass er nur noch einschieben musste. Nun ging es f\u00fcr uns ganz schnell. Eine Minute nach dem 2:0 konnte \u00dc seine Geschwindigkeitsvorteile nutzen und an den Verteidigern vorbei gehen. Seine Flanke landete bei Mika, der den Ball auf Justus legte, der wiederum das 3:0 erzielte. Leider war es nun so, dass sich unsere Fehler der gesamten Saison einschlichen. Bei komfortablen F\u00fchrungen geben wir das Spiel zu sehr aus der Hand. Wir bekamen im Mittelfeld keinen Zugriff mehr und lie\u00dfen unserem Gegner viel zu viele R\u00e4ume. Noch vor der Halbzeit erzielte Vechta das 3:1. Nach der Halbzeit war es unser Ziel, wieder wie zu Beginn zu agieren, doch dies gelang uns nicht. Wir konnten uns keine richtigen Chancen mehr herausspielen und Vechta schaffte es das Spiel zu drehe (Treffer: 3:2 57. Minute, 3:3 78. Minute und 3:4 91. Minute). In der 88. Minute musste dann auch noch Flo Niehues den Platz verlassen, nachdem er die Ampelkarte kassierte. Somit mussten wir in 2023 unsere zweite Niederlage einstecken. Wir werden alles M\u00f6gliche daf\u00fcr tun, diese schnell abzuhaken, um im n\u00e4chsten Spiel gegen M\u00fchlen wieder volle drei Punkte einzufahren. <!--more--><\/p>\n<p><strong>SW Osterfeine III vs GW M\u00fchlen III (5:0)<\/strong><\/p>\n<p>Eine Woche nach unserer ersten Saisonniederlage wollten wir nach zwei sieglosen Spielen endlich wieder drei Punkte. Aufgrund dessen, dass Pawel noch immer seinen Urlaub genie\u00dft, war es wieder Proppen, der die Rolle des Coaches \u00fcbernahm. Seine Vorgaben waren klar: Von Beginn an den Gegner unter Druck setzen und wenn wir f\u00fchren, nicht wieder zwei G\u00e4nge zur\u00fcckschalten. Es sollte uns auch gelingen, den Gegner st\u00e4ndig unter Druck zu setzen. M\u00fchlen kam gar nicht hinten heraus und unsere Offensive konnte zaubern. Leider blieb uns eine schnelle F\u00fchrung verwehrt, da wir immer wieder an dem hervorragend haltenden Keeper von den G\u00e4sten scheiterten. Erst in der 24. Minute brachte uns Mika in Front. Nur eine Minute sp\u00e4ter wollte Luci sein K\u00f6nnen unter Beweis stellen und dribbelte an f\u00fcnf nur staunenden Verteidigern vorbei und netzte ein. Ab jetzt gab es f\u00fcr uns Chancen im Minutentakt, doch blieben die meisten davon ungenutzt. Doch in der 32. Minute z\u00fcndete \u00dc seinen Turbo und legte auf Mika quer, der dann das 3:0 erzielte. Kurz vor dem Halbzeitpfiff war es dann Luci, der nur durch ein Foul im Sechzehner gestoppt werden konnte. Den folgenden Elfmeter \u00fcberlie\u00df er jedoch Mika, welcher ganz locker vom Punkt aus traf. Nach der Halbzeit waren wir wieder etwas fahrig und brachten unsere P\u00e4sse nicht mehr an den Mann. Dennoch gelang es M\u00fchlen nicht gef\u00e4hrlich vor das Tor zu kommen, was wohl an der guten Defensivarbeit unserer Verteidiger lag. Unsere Offensive lie\u00df auf der anderen Seite zahlreiche Chancen liegen, was sich bis Freitag definitiv \u00e4ndern muss. Erst in der 82. Minute gelang es King Grote durch einen Schuss aus 20m in den Winkel das 5:0 zu erzielen. Im Anschluss daran hatten wir noch ein paar Chanen, unter anderem einen Lattentreffer von Tobi, aber konnten kein Tor mehr machen, weshalb dies auch der Endstand war. Alles in Allem kann man sagen, dass wir heute hochverdient gewonnen haben, auch wenn unsere Chancenverwertung zu w\u00fcnschen lie\u00df. Da wir am Freitag mit Visbek III. auf den aktuellen Tabellenf\u00fchrer treffen, m\u00fcssen wir weiter an uns arbeiten und die Chancen vorne effizient nutzen. Wir hoffen, dass wir auf gro\u00dfe Unterst\u00fctzung in Visbek z\u00e4hlen k\u00f6nnen, um dort als Sieger vom Platz zu gehen. <strong>Des Weiteren kann sich jeder schonmal den 29.09.2023 rot im Kalender markieren, da es dann um 19:30 Uhr zum Aufeinandertreffen der II. und III. Herren unseres Vereins kommt. <\/strong><\/p>\n<p>Bis dahin sportliche Gr\u00fc\u00dfe<\/p>\n<p>Die Dritte<\/p>\n","protected":false},"excerpt":{"rendered":"<p>SW Osterfeine III vs SFN Vechta III (3:4) Am 10.09.2023 durften wir bei herrlichstem Wetter einen der vermutlich st\u00e4rksten Gegner der Liga empfangen. Mit SFN Vechta III kam eine Mannschaft, die uns im Vorjahr vernichtend geschlagen hatte. Wir wussten daher, dass es kein leichtes Unterfangen wird und wir von Beginn an hellwach agieren mussten. Dies [&hellip;]<\/p>\n","protected":false},"author":3,"featured_media":0,"comment_status":"closed","ping_status":"closed","sticky":false,"template":"","format":"standard","meta":{"footnotes":""},"categories":[3],"tags":[],"_links":{"self":[{"href":"https:\/\/sw-osterfeine.de\/index.php?rest_route=\/wp\/v2\/posts\/32700"}],"collection":[{"href":"https:\/\/sw-osterfeine.de\/index.php?rest_route=\/wp\/v2\/posts"}],"about":[{"href":"https:\/\/sw-osterfeine.de\/index.php?rest_route=\/wp\/v2\/types\/post"}],"author":[{"embeddable":true,"href":"https:\/\/sw-osterfeine.de\/index.php?rest_route=\/wp\/v2\/users\/3"}],"replies":[{"embeddable":true,"href":"https:\/\/sw-osterfeine.de\/index.php?rest_route=%2Fwp%2Fv2%2Fcomments&post=32700"}],"version-history":[{"count":1,"href":"https:\/\/sw-osterfeine.de\/index.php?rest_route=\/wp\/v2\/posts\/32700\/revisions"}],"predecessor-version":[{"id":32701,"href":"https:\/\/sw-osterfeine.de\/index.php?rest_route=\/wp\/v2\/posts\/32700\/revisions\/32701"}],"wp:attachment":[{"href":"https:\/\/sw-osterfeine.de\/index.php?rest_route=%2Fwp%2Fv2%2Fmedia&parent=32700"}],"wp:term":[{"taxonomy":"category","embeddable":true,"href":"https:\/\/sw-osterfeine.de\/index.php?rest_route=%2Fwp%2Fv2%2Fcategories&post=32700"},{"taxonomy":"post_tag","embeddable":true,"href":"https:\/\/sw-osterfeine.de\/index.php?rest_route=%2Fwp%2Fv2%2Ftags&post=32700"}],"curies":[{"name":"wp","href":"https:\/\/api.w.org\/{rel}","templated":true}]}}