{"id":32703,"date":"2023-09-20T17:47:44","date_gmt":"2023-09-20T15:47:44","guid":{"rendered":"https:\/\/sw-osterfeine.de\/?p=32703"},"modified":"2023-09-20T17:47:44","modified_gmt":"2023-09-20T15:47:44","slug":"spielbericht-b-jugend-handball","status":"publish","type":"post","link":"https:\/\/sw-osterfeine.de\/?p=32703","title":{"rendered":"Spielbericht B-Jugend Handball"},"content":{"rendered":"\n<p>Am Samstag, den 09.09.2023 bestritten wir unser erstes Punktspiel und empfingen den TV Dinklage bei uns zu Hause. Von Anfang an wurde klar gemacht, das wir dieses Spiel unbedingt gewinnen wollen, um gut in die Saison zu starten. Vorm Anpfiff in der Kabine, wurde besprochen, dass wir von Anfang an Wach sein m\u00fcssen, undtrotz der Hitze uns konzentrieren sollen. Leider k\u00f6nnten wir das zu Beginn des Spiels \u00fcberhaupt nicht umsetzen. Im Angriff lief es \u00fcberhaupt nicht, wir haben nicht richtig als Team zusammengespielt und kamen nie richtig zum Abschluss, und wenn doch wurden die Chancen nicht genutzt und die Tore konnten nicht gemacht werden. In der Abwehr lief es nicht schlecht und wir Schoben gut mit, aber trotz der nicht genutzten Chancen im Angriff, stand es zur Halbzeit verdient 5:8 f\u00fcr Dinklage.<br \/>In der Halbzeit wurde uns dann genau das besprochen was in den ersten 25 Minuten falsch gemacht wurde. Wir wussten genau das wir noch eine Chance haben, und wir die zwei Punkte auf jeden Fall zu Hause lassen wollen.In der zweiten H\u00e4lfte des Spiels lief es wesentlich besser und wir kamen gut ins Spiel rein, es vielen eine Menge Tore und nach 37 Minuten gingen wir das erste mal mit 14:13 in F\u00fchrung. Durch eine konsequente Abwehr die super zusammen gearbeitet hat und einem noch st\u00e4rkerem Angriff, in dem viele der neuen Spielz\u00fcge benutzt wurden konnten wir unseren Vorsprung immer weiter ausbauen, sodass es wir uns am Ende mit 21:15 die zwei Punkte sicher n konnten.<br \/>Abschlie\u00dfend kann man sagen, das wir das Spiel am Ende verdient gewonnen haben, wir allerdings in der ersten Halbzeit viel wacher h\u00e4tten sein m\u00fcssen, und es uns einfacher h\u00e4tten machen k\u00f6nnen. Wir bedanken uns bei allen Zuschauern, die uns von der Trib\u00fcne aus unterst\u00fctzt haben.<!--more--><\/p>\n<p>Am Sonntag den 17.09.23 waren wir dann zu Gast beim GW M\u00fchlen. Uns war von Anfang an bewusst, dass das kein einfaches Spiel wird, da M\u00fchlen schon immer ein sehr aggressivesSpiel gemacht hat und uns das auch direkt am Anfang des Spiels gezeigt hat. M\u00fchlen ging direkt zu Anfang in F\u00fchrung, welchen wir aber nach einer Auszeit gut wieder ausbauen konnten und wir somit zur Halbzeit 8:10 in F\u00fchrung gehen konnten. In der zweiten Halbzeit war es dann ein reines hin und her und es war bis zur letzten Sekunde knapp, allerdings stand es leider nach Ablauf der Spielzeit 22:21 f\u00fcr M\u00fchlen. Wir hatten allerdings noch einen noch nicht<br \/>ausgef\u00fchrten neun Meter, doch leider war das Gl\u00fcck nicht mit uns und der Ball war trotz eines guten Wurfs an die Latte, und wir verloren das Spiel knapp mit einem Tor.<\/p>\n<p><br \/>Am 23.09.23 empfangen wir die Mannschaft des HSG Hunte\u2014Aue L\u00f6wen um 16:30 Uhr bei uns in der Halle, wir freuen uns wenn ihr vorbei kommt und uns anfeuert.<br \/>Bis dahin eure B\u2014Jugend<\/p>\n","protected":false},"excerpt":{"rendered":"<p>Am Samstag, den 09.09.2023 bestritten wir unser erstes Punktspiel und empfingen den TV Dinklage bei uns zu Hause. Von Anfang an wurde klar gemacht, das wir dieses Spiel unbedingt gewinnen wollen, um gut in die Saison zu starten. Vorm Anpfiff in der Kabine, wurde besprochen, dass wir von Anfang an Wach sein m\u00fcssen, undtrotz der [&hellip;]<\/p>\n","protected":false},"author":3,"featured_media":0,"comment_status":"closed","ping_status":"closed","sticky":false,"template":"","format":"standard","meta":{"footnotes":""},"categories":[3],"tags":[],"_links":{"self":[{"href":"https:\/\/sw-osterfeine.de\/index.php?rest_route=\/wp\/v2\/posts\/32703"}],"collection":[{"href":"https:\/\/sw-osterfeine.de\/index.php?rest_route=\/wp\/v2\/posts"}],"about":[{"href":"https:\/\/sw-osterfeine.de\/index.php?rest_route=\/wp\/v2\/types\/post"}],"author":[{"embeddable":true,"href":"https:\/\/sw-osterfeine.de\/index.php?rest_route=\/wp\/v2\/users\/3"}],"replies":[{"embeddable":true,"href":"https:\/\/sw-osterfeine.de\/index.php?rest_route=%2Fwp%2Fv2%2Fcomments&post=32703"}],"version-history":[{"count":1,"href":"https:\/\/sw-osterfeine.de\/index.php?rest_route=\/wp\/v2\/posts\/32703\/revisions"}],"predecessor-version":[{"id":32704,"href":"https:\/\/sw-osterfeine.de\/index.php?rest_route=\/wp\/v2\/posts\/32703\/revisions\/32704"}],"wp:attachment":[{"href":"https:\/\/sw-osterfeine.de\/index.php?rest_route=%2Fwp%2Fv2%2Fmedia&parent=32703"}],"wp:term":[{"taxonomy":"category","embeddable":true,"href":"https:\/\/sw-osterfeine.de\/index.php?rest_route=%2Fwp%2Fv2%2Fcategories&post=32703"},{"taxonomy":"post_tag","embeddable":true,"href":"https:\/\/sw-osterfeine.de\/index.php?rest_route=%2Fwp%2Fv2%2Ftags&post=32703"}],"curies":[{"name":"wp","href":"https:\/\/api.w.org\/{rel}","templated":true}]}}