{"id":32707,"date":"2023-09-20T17:52:26","date_gmt":"2023-09-20T15:52:26","guid":{"rendered":"https:\/\/sw-osterfeine.de\/?p=32707"},"modified":"2023-09-20T17:52:59","modified_gmt":"2023-09-20T15:52:59","slug":"b-jugend-fussball-4","status":"publish","type":"post","link":"https:\/\/sw-osterfeine.de\/?p=32707","title":{"rendered":"1. B-Jugend &#8211; Fu\u00dfball"},"content":{"rendered":"\n<p>SW Osterfeine \u2013 GW Brockdorf 2:4<\/p>\n<p>Wenige Tage nach unserem dritten Ausw\u00e4rtsspiel in Folge durften wir uns nun endlich auch auf dem heimischen Rasen unseren Zuschauern pr\u00e4sentieren. Mit GW Brockdorf erwartete uns ein Gegner, gegen den wir uns durchaus Chancen ausrechneten.<\/p>\n<p>Der Start verlief jedoch denkbar schlecht. Bereits in der f\u00fcnften Minute wirkte es so, als sei Paul \u201eBagge\u201c Kreymborg gedanklich in der Kabine geblieben, sodass sein Gegenspieler mehr oder weniger ungest\u00f6rt an ihm vorbeiziehen und auf das Tor abschlie\u00dfen konnte. Der Ball wurde zu allem \u00dcberfluss auch noch von ihm ins Tor abgef\u00e4lscht. Ein absolut gebrauchter Tag f\u00fcr unseren ansonsten von Spiel zu Spiel st\u00e4rker werdenden Innenverteidiger.<\/p>\n<p>Von diesem Gegentreffer lie\u00dfen wir uns in den Folgeminuten nicht beirren und versuchten unser Spiel aufzuziehen. Eine Viertelstunde sp\u00e4ter wurden wir f\u00fcr unsere Bem\u00fchungen belohnt, als Maxi den Ball auf Leo durchsteckte, dieser den Ball querlegte und Paul Kreinest aus spitzem Winkel den Ausgleich erzielte (20. Minute). Alles wieder auf Anfang also.<\/p>\n<p>Lange sollte unsere Euphorie jedoch leider nicht halten, denn in der 25. Minute brachte uns der n\u00e4chste individuelle Fehler wieder in R\u00fcckstand. Henrik fehlte beim R\u00fcckpass zu Maxi etwas die K\u00f6rperspannung, wodurch dieser den Ball nicht mehr kontrollieren konnte und an den Brockdorfer St\u00fcrmer verlor. Dieser blieb vor dem Tor ruhig und stellte auf 1:2.<\/p>\n<p>Wir spielten eigentlich gut mit und verteidigten in den meisten Situationen konzentriert und konsequent, aber die individuellen Fehler brachen uns das Genick. N\u00e4chste Situation in der 34. Minute: Zwei unserer Spieler behindern sich beim Kl\u00e4rungsversuch gegenseitig, Brockdorf profitiert und es steht 1:3. Dritter Bock, drittes Gegentor.<\/p>\n<p>Wir steckten dennoch nicht auf und kamen noch vor der Pause wieder auf ein Tor heran. Eine Ecke von Jannis rutschte dem Torh\u00fcter durch die Finger und Arne Jacob stand goldrichtig, um den Ball \u00fcber die Linie zu dr\u00fccken und uns die Hoffnung auf Punkte zur\u00fcckzugeben.<!--more--><\/p>\n<p>In der Halbzeit nahmen wir uns vor unser Offensivspiel weiterhin geduldig aufzuziehen und auf der Gegenseite die Konzentration hochzuhalten, um die Fehler zu minimieren. Ungl\u00fccklicherweise musste Abwehrchef Hinrich Bosche mit einer Armverletzung in der zweiten Halbzeit ersetzt werden, was die Aufgabe sicherlich nicht vereinfachte.<\/p>\n<p>\u00dcber weite Strecken konnten wir nun Druck aufbauen, allerdings ohne regelm\u00e4\u00dfig die ganz gro\u00dfe Gefahr auszustrahlen. Dennoch lag der Ausgleich in dieser Phase in der Luft\u2026 bis zur 71. Minute. Nun hatte sich auch Bosche-Ersatz Jarle Enneking von den Unsicherheiten der ersten H\u00e4lfte anstecken lassen, orientierte sich nach einem langen Ball ausschlie\u00dflich am Gegenspieler, anstatt zur Kugel zu schauen, verlor den Zweikampf und nachdem der Brockdorfer St\u00fcrmer auch noch vier weitere Osterfeiner Verteidiger wie Slalomstangen aussehen lassen hatte war sein Viererpack perfekt.<\/p>\n<p>In den wenigen, verbleibenden Minuten rannten wir w\u00fctend gegen das Brockdorfer Tor an und w\u00e4ren beinahe erneut belohnt worden. Einen von Clemens herausgeholten Strafsto\u00df nagelte Kapit\u00e4n Paul Kreinest jedoch passend zu unserem gebrauchten Abend mit ordentlich Wut im Bauch \u00fcber die Querlatte bis in die 43. Reihe des angrenzenden Maisfeldes.<\/p>\n<p>Am Ende des Tages mussten wir uns eingestehen uns dieses Mal selbst um unseren Erfolg gebracht zu haben. Eine bittere Erkenntnis, die uns allerdings gleichzeitig Mut f\u00fcr die kommenden Wochen macht. Wir k\u00f6nnen spielerisch mithalten und m\u00fcssen uns vor keiner Mannschaft dieser Liga verstecken.<\/p>\n<p>Dies wollen wir auch im n\u00e4chsten Spiel unter Beweis stellen. Am kommenden Samstag (16.09. 16:30 Uhr) erwarten wir den bisher perfekt gestarteten JFuV Nordkreis. Alle Interessierten sind herzlich eingeladen sich selbst davon zu \u00fcberzeugen, dass in dieser Osterfeiner B-Jugend einiges an Potenzial steckt.<\/p>\n<p>Mit freundlichen Gr\u00fc\u00dfen<\/p>\n<p>Coach P.<\/p>\n<p>Aufstellung: \u00a0\u00a0\u00a0\u00a0\u00a0\u00a0\u00a0\u00a0\u00a0\u00a0\u00a0\u00a0\u00a0\u00a0\u00a0\u00a0\u00a0\u00a0\u00a0\u00a0\u00a0\u00a0\u00a0\u00a0\u00a0\u00a0\u00a0\u00a0\u00a0\u00a0\u00a0\u00a0\u00a0\u00a0\u00a0\u00a0\u00a0\u00a0\u00a0\u00a0\u00a0\u00a0\u00a0\u00a0\u00a0\u00a0\u00a0\u00a0\u00a0\u00a0\u00a0\u00a0 K. Gravemeyer<\/p>\n<ol>\n<li>Kohake P. Kreymborg\u00a0\u00a0\u00a0 \u00a0\u00a0\u00a0\u00a0\u00a0\u00a0\u00a0\u00a0\u00a0\u00a0\u00a0\u00a0\u00a0\u00a0\u00a0 H. Bosche\u00a0\u00a0\u00a0\u00a0\u00a0\u00a0\u00a0\u00a0\u00a0\u00a0 D. Piening<\/li>\n<li>B\u00f6ckmann<\/li>\n<li>Deters\u00a0\u00a0\u00a0\u00a0\u00a0\u00a0\u00a0\u00a0\u00a0\u00a0\u00a0\u00a0\u00a0\u00a0\u00a0\u00a0\u00a0\u00a0\u00a0\u00a0\u00a0\u00a0\u00a0\u00a0\u00a0\u00a0\u00a0\u00a0\u00a0\u00a0\u00a0\u00a0\u00a0\u00a0\u00a0\u00a0\u00a0\u00a0\u00a0\u00a0\u00a0\u00a0\u00a0 P. Kreinest<\/li>\n<li>Jacob<\/li>\n<li>Lapke L. Hoppe<\/li>\n<\/ol>\n<p>Bank: M. Pieper, J. Otte, M. R\u00f6mer, J. Enneking<\/p>\n<p>Tore: \u00a0\u00a0\u00a0 0:1<\/p>\n<p>\u00a0\u00a0\u00a0\u00a0\u00a0\u00a0\u00a0\u00a0\u00a0\u00a0\u00a0\u00a0\u00a0\u00a0\u00a0 1:1 Kreinest (Hoppe)<\/p>\n<p>\u00a0\u00a0\u00a0\u00a0\u00a0\u00a0\u00a0\u00a0\u00a0\u00a0\u00a0\u00a0\u00a0\u00a0\u00a0 1:2<\/p>\n<p>\u00a0\u00a0\u00a0\u00a0\u00a0\u00a0\u00a0\u00a0\u00a0\u00a0\u00a0\u00a0\u00a0\u00a0\u00a0 1:3<\/p>\n<p>\u00a0\u00a0\u00a0\u00a0\u00a0\u00a0\u00a0\u00a0\u00a0\u00a0\u00a0\u00a0\u00a0\u00a0\u00a0 2:3 Jacob (Otte)<\/p>\n<p>\u00a0\u00a0\u00a0\u00a0\u00a0\u00a0\u00a0\u00a0\u00a0\u00a0\u00a0\u00a0\u00a0\u00a0\u00a0 2:4<\/p>\n","protected":false},"excerpt":{"rendered":"<p>SW Osterfeine \u2013 GW Brockdorf 2:4 Wenige Tage nach unserem dritten Ausw\u00e4rtsspiel in Folge durften wir uns nun endlich auch auf dem heimischen Rasen unseren Zuschauern pr\u00e4sentieren. Mit GW Brockdorf erwartete uns ein Gegner, gegen den wir uns durchaus Chancen ausrechneten. Der Start verlief jedoch denkbar schlecht. Bereits in der f\u00fcnften Minute wirkte es so, [&hellip;]<\/p>\n","protected":false},"author":3,"featured_media":0,"comment_status":"closed","ping_status":"closed","sticky":false,"template":"","format":"standard","meta":{"footnotes":""},"categories":[3],"tags":[],"_links":{"self":[{"href":"https:\/\/sw-osterfeine.de\/index.php?rest_route=\/wp\/v2\/posts\/32707"}],"collection":[{"href":"https:\/\/sw-osterfeine.de\/index.php?rest_route=\/wp\/v2\/posts"}],"about":[{"href":"https:\/\/sw-osterfeine.de\/index.php?rest_route=\/wp\/v2\/types\/post"}],"author":[{"embeddable":true,"href":"https:\/\/sw-osterfeine.de\/index.php?rest_route=\/wp\/v2\/users\/3"}],"replies":[{"embeddable":true,"href":"https:\/\/sw-osterfeine.de\/index.php?rest_route=%2Fwp%2Fv2%2Fcomments&post=32707"}],"version-history":[{"count":2,"href":"https:\/\/sw-osterfeine.de\/index.php?rest_route=\/wp\/v2\/posts\/32707\/revisions"}],"predecessor-version":[{"id":32709,"href":"https:\/\/sw-osterfeine.de\/index.php?rest_route=\/wp\/v2\/posts\/32707\/revisions\/32709"}],"wp:attachment":[{"href":"https:\/\/sw-osterfeine.de\/index.php?rest_route=%2Fwp%2Fv2%2Fmedia&parent=32707"}],"wp:term":[{"taxonomy":"category","embeddable":true,"href":"https:\/\/sw-osterfeine.de\/index.php?rest_route=%2Fwp%2Fv2%2Fcategories&post=32707"},{"taxonomy":"post_tag","embeddable":true,"href":"https:\/\/sw-osterfeine.de\/index.php?rest_route=%2Fwp%2Fv2%2Ftags&post=32707"}],"curies":[{"name":"wp","href":"https:\/\/api.w.org\/{rel}","templated":true}]}}