{"id":32721,"date":"2023-09-27T13:35:16","date_gmt":"2023-09-27T11:35:16","guid":{"rendered":"https:\/\/sw-osterfeine.de\/?p=32721"},"modified":"2023-09-27T13:35:16","modified_gmt":"2023-09-27T11:35:16","slug":"wichtige-osv-termine","status":"publish","type":"post","link":"https:\/\/sw-osterfeine.de\/?p=32721","title":{"rendered":"WICHTIGE OSV-TERMINE!!"},"content":{"rendered":"\n\n\n<p>\u00a0<\/p>\n<p>Bitte vormerken:<\/p>\n<p>\u00a0<\/p>\n<p><strong>Sonntag, 18.2.2024 in der Sporthalle<\/strong><br \/><strong>50 Jahre OSV-Sporthalle<\/strong><br \/>1974 wurde die heutige OSV-Sporthalle in Eigenregie durch den Sportverein gebaut, damit auch die Bev\u00f6lkerung in Osterfeine und R\u00fcschendorf in einer Halle sporttreiben konnte. Diese gro\u00dfe Eigeninitiative brachte unseren Verein die heutige vereinseigene Sporthalle.<\/p>\n<p>Am 18.2.2024 soll nun zum Jubil\u00e4um eine gro\u00dfe OSV-Sportschau <strong>aller Abteilungen <\/strong>stattfinden. N\u00e4heres folgt rechtzeitig.<\/p>\n<p><br \/>&#8212;&#8212;&#8212;&#8212;&#8212;&#8212;&#8212;&#8212;&#8212;&#8212;&#8212;&#8212;&#8212;&#8212;&#8212;&#8212;&#8212;&#8212;&#8212;&#8212;&#8212;&#8212;&#8212;&#8212;&#8212;&#8212;&#8212;-<\/p>\n<p><strong>Freitag, 1.3.2024 um 20.00 Uhr Saal Fangmann<\/strong><br \/><strong>Generalversammlung<\/strong><\/p>\n<p><br \/>&#8212;&#8212;&#8212;&#8212;&#8212;&#8212;&#8212;&#8212;&#8212;&#8212;&#8212;&#8212;&#8212;&#8212;&#8212;&#8212;&#8212;&#8212;&#8212;&#8212;&#8212;&#8212;&#8212;&#8212;&#8212;&#8212;&#8212;-<\/p>\n<p>\u00a0<\/p>\n<p><strong>Mittwoch\/Donnerstag, 30.4.2025\/1.5.2025<\/strong><br \/><strong>SW Osterfeine 100 Jahre !!!!<br \/><\/strong><\/p>\n<p>\u00a0<\/p>\n<p>\u00a0<\/p>\n<p>\u00a0<\/p>\n<p>\u00a0<\/p>\n","protected":false},"excerpt":{"rendered":"<p>\u00a0 Bitte vormerken: \u00a0 Sonntag, 18.2.2024 in der Sporthalle50 Jahre OSV-Sporthalle1974 wurde die heutige OSV-Sporthalle in Eigenregie durch den Sportverein gebaut, damit auch die Bev\u00f6lkerung in Osterfeine und R\u00fcschendorf in einer Halle sporttreiben konnte. Diese gro\u00dfe Eigeninitiative brachte unseren Verein die heutige vereinseigene Sporthalle. Am 18.2.2024 soll nun zum Jubil\u00e4um eine gro\u00dfe OSV-Sportschau aller Abteilungen [&hellip;]<\/p>\n","protected":false},"author":3,"featured_media":0,"comment_status":"closed","ping_status":"closed","sticky":false,"template":"","format":"standard","meta":{"footnotes":""},"categories":[3],"tags":[],"_links":{"self":[{"href":"https:\/\/sw-osterfeine.de\/index.php?rest_route=\/wp\/v2\/posts\/32721"}],"collection":[{"href":"https:\/\/sw-osterfeine.de\/index.php?rest_route=\/wp\/v2\/posts"}],"about":[{"href":"https:\/\/sw-osterfeine.de\/index.php?rest_route=\/wp\/v2\/types\/post"}],"author":[{"embeddable":true,"href":"https:\/\/sw-osterfeine.de\/index.php?rest_route=\/wp\/v2\/users\/3"}],"replies":[{"embeddable":true,"href":"https:\/\/sw-osterfeine.de\/index.php?rest_route=%2Fwp%2Fv2%2Fcomments&post=32721"}],"version-history":[{"count":5,"href":"https:\/\/sw-osterfeine.de\/index.php?rest_route=\/wp\/v2\/posts\/32721\/revisions"}],"predecessor-version":[{"id":32726,"href":"https:\/\/sw-osterfeine.de\/index.php?rest_route=\/wp\/v2\/posts\/32721\/revisions\/32726"}],"wp:attachment":[{"href":"https:\/\/sw-osterfeine.de\/index.php?rest_route=%2Fwp%2Fv2%2Fmedia&parent=32721"}],"wp:term":[{"taxonomy":"category","embeddable":true,"href":"https:\/\/sw-osterfeine.de\/index.php?rest_route=%2Fwp%2Fv2%2Fcategories&post=32721"},{"taxonomy":"post_tag","embeddable":true,"href":"https:\/\/sw-osterfeine.de\/index.php?rest_route=%2Fwp%2Fv2%2Ftags&post=32721"}],"curies":[{"name":"wp","href":"https:\/\/api.w.org\/{rel}","templated":true}]}}