{"id":32729,"date":"2023-09-27T13:38:39","date_gmt":"2023-09-27T11:38:39","guid":{"rendered":"https:\/\/sw-osterfeine.de\/?p=32729"},"modified":"2023-09-27T13:38:39","modified_gmt":"2023-09-27T11:38:39","slug":"1-a-jugend-fussball-spielbericht-gegen-rw-damme-ii","status":"publish","type":"post","link":"https:\/\/sw-osterfeine.de\/?p=32729","title":{"rendered":"1. A-Jugend Fu\u00dfball &#8211; Spielbericht gegen RW Damme II"},"content":{"rendered":"\n\n\n<p>Spielbericht A-Jugend<br \/>RW Damme II \u2013 SW Osterfeine<\/p>\n<p>Vergangenen Samstag ging es f\u00fcr unsere A-Jugend zum Ausw\u00e4rtsspiel nach<br \/>Damme. Die Geschichten, die vor solchen Spielen laufen sollten jedem bekannt sein.<br \/>Die einen schlie\u00dfen Wetten ab, die anderen schie\u00dfen schon Wochen vor dem Spiel<br \/>Giftpfeile ab. Sicher ist nach dem Spiel, dass der Verlierer sich die n\u00e4chsten Wochen<br \/>den ein oder andere Spruch anh\u00f6ren darf und der Gewinner die n\u00e4chsten Wochen<br \/>auf einer Euphorie-Welle schwimmt. Es war also alles angerichtet f\u00fcr ein sch\u00f6nes<br \/>und intensives Spiel.<br \/>Die Kader-Situation bei diesem Spiel gestaltete sich wie folgt. Max Maue unterst\u00fctzte<br \/>uns eine Halbzeit und bei Tim Fischer konnte die Belastung weiter hochgeschraubt<br \/>werden. Mattes Glandorf viel aus beruflichen Gr\u00fcnden aus. Somit standen uns 16<br \/>Spieler zur Verf\u00fcgung.<br \/>Die Geschichte der ersten Halbzeit l\u00e4sst sich in relativ wenigen Worten<br \/>zusammenfassen. Keiner wollte einen entscheidenden Fehler machen und<br \/>andersrum wollte auch keiner den n\u00f6tigen Fehler provozieren. Sodass die ersten 45<br \/>Minuten so vor sich hinpl\u00e4tscherten. Im Fachjargon w\u00fcrde von einem \u201etaktisch<br \/>gepr\u00e4gten Spiel\u201c gesprochen. Das wir nicht ohne die 3 Punkte zur\u00fcck nach<br \/>Osterfeine fahren wollten, war allen anwesenden klar und in Halbzeit zwei sollte eine<br \/>Schippe draufgelegt werden. Aus dem Spiel heraus sollte es an diesem Tag aber zu<br \/>keinem Torerfolg kommen. So war es ein lang getretener Freisto\u00df in der 53. Minute,<br \/>der abgewehrt wurde und \u00fcber die Umwege Victor und Tim Fischer zu Tom gelangte,<br \/>der diesen rechts unten einschieben konnte. Die Erwartung, dass Damme nun<br \/>aufmacht und sich R\u00e4ume f\u00fcr Konter ergeben, wurde nicht best\u00e4tigt. So blieb<br \/>Damme in einer diszipliniert spielenden Defensiv-Formation, die einen Spielaufbau<br \/>unsererseits nicht erm\u00f6glichte. So sollte es in der 74. Minute erneut ein langer<br \/>Freisto\u00df sein, der erneut \u00fcber Tim Fischer zu Tom gelangte, der erneut nur noch<br \/>einschieben musste. Mit diesem Tor war das Spiel entschieden. Ein Tor von Luca<br \/>aus abseitsverd\u00e4chtiger Position wurde vermutlich korrekt zur\u00fcckgenommen. Somit<br \/>ging es mit einem 2:0 in der Tasche zur\u00fcck nach Osterfeine.<br \/>Welche Wetten gewonnen wurden und welche nicht ist nicht genau bekannt, aber<br \/>\u201eDerby-Sieger\u201c k\u00f6nnen wir uns trotzdem f\u00fcr die n\u00e4chsten Wochen voller Stolz<br \/>nennen. Am kommenden Samstag kommt es in Osterfeine zu einem richtigen<br \/>\u201eSchmankerl\u201c. Mit den Fusionierten aus Visbeck, Langf\u00f6rden und B\u00fcren, kurz<br \/>ViLaB\u00fc, kommt der aktuell Tabellenzweite vorbei. Beide Teams sind noch ohne<br \/>einen einzigen Torverlust und wir erwarten ein packendes Spiel. Also wer noch<br \/>nichts vor hat, kommt Samstag um 16:30 Uhr nach Osterfeine.<\/p>\n<p>Mit sportlichen Gr\u00fc\u00dfen<br \/>Eure A-Jugend<\/p>\n<p>\u00a0<\/p>\n<p>\u00a0<\/p>\n","protected":false},"excerpt":{"rendered":"<p>Spielbericht A-JugendRW Damme II \u2013 SW Osterfeine Vergangenen Samstag ging es f\u00fcr unsere A-Jugend zum Ausw\u00e4rtsspiel nachDamme. Die Geschichten, die vor solchen Spielen laufen sollten jedem bekannt sein.Die einen schlie\u00dfen Wetten ab, die anderen schie\u00dfen schon Wochen vor dem SpielGiftpfeile ab. Sicher ist nach dem Spiel, dass der Verlierer sich die n\u00e4chsten Wochenden ein oder [&hellip;]<\/p>\n","protected":false},"author":3,"featured_media":0,"comment_status":"closed","ping_status":"closed","sticky":false,"template":"","format":"standard","meta":{"footnotes":""},"categories":[3],"tags":[],"_links":{"self":[{"href":"https:\/\/sw-osterfeine.de\/index.php?rest_route=\/wp\/v2\/posts\/32729"}],"collection":[{"href":"https:\/\/sw-osterfeine.de\/index.php?rest_route=\/wp\/v2\/posts"}],"about":[{"href":"https:\/\/sw-osterfeine.de\/index.php?rest_route=\/wp\/v2\/types\/post"}],"author":[{"embeddable":true,"href":"https:\/\/sw-osterfeine.de\/index.php?rest_route=\/wp\/v2\/users\/3"}],"replies":[{"embeddable":true,"href":"https:\/\/sw-osterfeine.de\/index.php?rest_route=%2Fwp%2Fv2%2Fcomments&post=32729"}],"version-history":[{"count":1,"href":"https:\/\/sw-osterfeine.de\/index.php?rest_route=\/wp\/v2\/posts\/32729\/revisions"}],"predecessor-version":[{"id":32730,"href":"https:\/\/sw-osterfeine.de\/index.php?rest_route=\/wp\/v2\/posts\/32729\/revisions\/32730"}],"wp:attachment":[{"href":"https:\/\/sw-osterfeine.de\/index.php?rest_route=%2Fwp%2Fv2%2Fmedia&parent=32729"}],"wp:term":[{"taxonomy":"category","embeddable":true,"href":"https:\/\/sw-osterfeine.de\/index.php?rest_route=%2Fwp%2Fv2%2Fcategories&post=32729"},{"taxonomy":"post_tag","embeddable":true,"href":"https:\/\/sw-osterfeine.de\/index.php?rest_route=%2Fwp%2Fv2%2Ftags&post=32729"}],"curies":[{"name":"wp","href":"https:\/\/api.w.org\/{rel}","templated":true}]}}