{"id":32742,"date":"2023-10-04T11:34:44","date_gmt":"2023-10-04T09:34:44","guid":{"rendered":"https:\/\/sw-osterfeine.de\/?p=32742"},"modified":"2023-10-04T11:34:44","modified_gmt":"2023-10-04T09:34:44","slug":"danke-rueckenwind","status":"publish","type":"post","link":"https:\/\/sw-osterfeine.de\/?p=32742","title":{"rendered":"Danke \u201e R\u00fcckenwind \u201e"},"content":{"rendered":"\n<p>Acht Handballteams sagen Danke f\u00fcr die Unterst\u00fctzung durch die R\u00fcckenwind-Stiftung f\u00fcr Kinder u. Jugendliche in Damme<\/p>\n<p>In den Sommermonaten dieses Jahres nahmen acht Mannschaften unserer \u00e4u\u00dferst engagierten Handballabteilung an verschiedenen Beachhandballturnieren in Cuxhaven teil.<\/p>\n<p>Alle Jahrg\u00e4nge unserer M\u00e4dchen von der E bis zur A-Jugend bezogen an 3 verschiedenen Wochenenden in Cuxhaven Quartier, um in gro\u00dfen Turnieren ihre Handballkr\u00e4fte mit gr\u00f6\u00dftenteils unbekannten Gegnern aus Niedersachsen und umzu zu messen. Alle Mannschaften zogen sich dabei mehr oder weniger gut aus der Aff\u00e4re, sicherlich auch bedingt durch die guten Trainingsm\u00f6glichkeiten auf der Beachhandballanlage unserer Sportanlage am Kl\u00fcnenberg in Osterfeine.<\/p>\n<p>Doch neben den sportlichen Wettk\u00e4mpfen stand besonders das Miteinander \u2013 heute: Teambilding- in den jeweiligen Mannschaften, unter den Mannschaften und das Kennenlernen neuer Sportlerinnen im Vordergrund.<\/p>\n<p>Ob beim Zelten, ob in der Jugendherberge, ob Sonne mit Sonnenbrand, ob Wind und Regen, ob Sieg oder Niederlage, \u00fcber 100 Handballerinnen unseres Vereines konnten tolle Erfahrungen sammeln und kamen unisono mit Begeisterung wieder nach Hause.<\/p>\n<p>Damit unsere M\u00e4dchenhandballerinnen diese tollen Erfahrungen sammeln konnten, war eine organisatorische Meisterleistung der Handballabteilung erforderlich. Ein besonderes Danke geht an Petra B\u00f6ckerstette in unserer Gesch\u00e4ftsstelle, aber auch an alle Trainerinnen, Betreuerinnen, Eltern und Helfern.<\/p>\n<p>Damit die Kosten etwas reduziert werden konnten, beteiligte sich der Sportverein SW Osterfeine nach Kr\u00e4ften an den anfallenden Kosten f\u00fcr diese Unternehmung.<\/p>\n<p>Ein au\u00dferordentliches Dankesch\u00f6n f\u00fcr die Erm\u00f6glichung dieser Ferienaktion geht zum Schlu\u00df und zuvorderst an die R\u00fcckenwind-Stiftung f\u00fcr Kinder u. Jugendliche in Damme. Vielen, vielen Dank f\u00fcr Euer finanzielles Engagement f\u00fcr 100 gl\u00fcckliche Sportlerinnen unseres Vereines. Die angef\u00fcgten Bilder geben das tolle Erlebnis dieser Ma\u00dfnahmen eindrucksvoll wieder und zeigen die Sinnhaftigkeit der erfahrenen Unterst\u00fctzung durch <strong><em><u>R\u00fcckenwind. Danke!!!!<\/u><\/em><\/strong><\/p>\n\n\t\t<style type=\"text\/css\">\n\t\t\t#gallery-1 {\n\t\t\t\tmargin: auto;\n\t\t\t}\n\t\t\t#gallery-1 .gallery-item {\n\t\t\t\tfloat: left;\n\t\t\t\tmargin-top: 10px;\n\t\t\t\ttext-align: center;\n\t\t\t\twidth: 33%;\n\t\t\t}\n\t\t\t#gallery-1 img {\n\t\t\t\tborder: 2px solid #cfcfcf;\n\t\t\t}\n\t\t\t#gallery-1 .gallery-caption {\n\t\t\t\tmargin-left: 0;\n\t\t\t}\n\t\t\t\/* see gallery_shortcode() in wp-includes\/media.php *\/\n\t\t<\/style>\n\t\t<div id='gallery-1' class='gallery galleryid-32742 gallery-columns-3 gallery-size-thumbnail'><dl class='gallery-item'>\n\t\t\t<dt class='gallery-icon landscape'>\n\t\t\t\t<a href='https:\/\/sw-osterfeine.de\/wp-content\/uploads\/2023\/08\/Bild4.jpg' title=\"\" data-rl_title=\"\" class=\"rl-gallery-link\" data-rl_caption=\"\" data-rel=\"lightbox-gallery-1\"><img loading=\"lazy\" decoding=\"async\" width=\"150\" height=\"150\" src=\"https:\/\/sw-osterfeine.de\/wp-content\/uploads\/2023\/08\/Bild4-150x150.jpg\" class=\"attachment-thumbnail size-thumbnail\" alt=\"\" \/><\/a>\n\t\t\t<\/dt><\/dl><dl class='gallery-item'>\n\t\t\t<dt class='gallery-icon landscape'>\n\t\t\t\t<a href='https:\/\/sw-osterfeine.de\/wp-content\/uploads\/2023\/08\/Cux-A_2.jpg' title=\"\" data-rl_title=\"\" class=\"rl-gallery-link\" data-rl_caption=\"\" data-rel=\"lightbox-gallery-1\"><img loading=\"lazy\" decoding=\"async\" width=\"150\" height=\"150\" src=\"https:\/\/sw-osterfeine.de\/wp-content\/uploads\/2023\/08\/Cux-A_2-150x150.jpg\" class=\"attachment-thumbnail size-thumbnail\" alt=\"\" \/><\/a>\n\t\t\t<\/dt><\/dl><dl class='gallery-item'>\n\t\t\t<dt class='gallery-icon portrait'>\n\t\t\t\t<a href='https:\/\/sw-osterfeine.de\/wp-content\/uploads\/2023\/08\/Cux-A_1.jpg' title=\"\" data-rl_title=\"\" class=\"rl-gallery-link\" data-rl_caption=\"\" data-rel=\"lightbox-gallery-1\"><img loading=\"lazy\" decoding=\"async\" width=\"150\" height=\"150\" src=\"https:\/\/sw-osterfeine.de\/wp-content\/uploads\/2023\/08\/Cux-A_1-150x150.jpg\" class=\"attachment-thumbnail size-thumbnail\" alt=\"\" \/><\/a>\n\t\t\t<\/dt><\/dl><br style=\"clear: both\" \/>\n\t\t<\/div>\n\n","protected":false},"excerpt":{"rendered":"<p>Acht Handballteams sagen Danke f\u00fcr die Unterst\u00fctzung durch die R\u00fcckenwind-Stiftung f\u00fcr Kinder u. Jugendliche in Damme In den Sommermonaten dieses Jahres nahmen acht Mannschaften unserer \u00e4u\u00dferst engagierten Handballabteilung an verschiedenen Beachhandballturnieren in Cuxhaven teil. Alle Jahrg\u00e4nge unserer M\u00e4dchen von der E bis zur A-Jugend bezogen an 3 verschiedenen Wochenenden in Cuxhaven Quartier, um in gro\u00dfen [&hellip;]<\/p>\n","protected":false},"author":3,"featured_media":0,"comment_status":"closed","ping_status":"closed","sticky":false,"template":"","format":"standard","meta":{"footnotes":""},"categories":[1],"tags":[],"_links":{"self":[{"href":"https:\/\/sw-osterfeine.de\/index.php?rest_route=\/wp\/v2\/posts\/32742"}],"collection":[{"href":"https:\/\/sw-osterfeine.de\/index.php?rest_route=\/wp\/v2\/posts"}],"about":[{"href":"https:\/\/sw-osterfeine.de\/index.php?rest_route=\/wp\/v2\/types\/post"}],"author":[{"embeddable":true,"href":"https:\/\/sw-osterfeine.de\/index.php?rest_route=\/wp\/v2\/users\/3"}],"replies":[{"embeddable":true,"href":"https:\/\/sw-osterfeine.de\/index.php?rest_route=%2Fwp%2Fv2%2Fcomments&post=32742"}],"version-history":[{"count":1,"href":"https:\/\/sw-osterfeine.de\/index.php?rest_route=\/wp\/v2\/posts\/32742\/revisions"}],"predecessor-version":[{"id":32743,"href":"https:\/\/sw-osterfeine.de\/index.php?rest_route=\/wp\/v2\/posts\/32742\/revisions\/32743"}],"wp:attachment":[{"href":"https:\/\/sw-osterfeine.de\/index.php?rest_route=%2Fwp%2Fv2%2Fmedia&parent=32742"}],"wp:term":[{"taxonomy":"category","embeddable":true,"href":"https:\/\/sw-osterfeine.de\/index.php?rest_route=%2Fwp%2Fv2%2Fcategories&post=32742"},{"taxonomy":"post_tag","embeddable":true,"href":"https:\/\/sw-osterfeine.de\/index.php?rest_route=%2Fwp%2Fv2%2Ftags&post=32742"}],"curies":[{"name":"wp","href":"https:\/\/api.w.org\/{rel}","templated":true}]}}