{"id":32748,"date":"2023-10-06T15:55:52","date_gmt":"2023-10-06T13:55:52","guid":{"rendered":"https:\/\/sw-osterfeine.de\/?p=32748"},"modified":"2023-10-06T15:55:52","modified_gmt":"2023-10-06T13:55:52","slug":"spielberichte-fussball-a-jugend","status":"publish","type":"post","link":"https:\/\/sw-osterfeine.de\/?p=32748","title":{"rendered":"Spielberichte Fu\u00dfball A-Jugend"},"content":{"rendered":"\n\n\n<h2>SW Osterfeine \u2013 JSG VI\/LA\/B\u00dc<\/h2>\n<p>Am vergangenen Samstag kam es in Osterfeine zum Showdown. Erster gegen Zweiter, beide Teams noch ohne Punktverlust und zu alledem noch eine Neuauflage des Pokalendspiels der Vorsaison. Die Rahmenbedingungen passten also, doch die Kadersituation war, sagen wir mal, angespannt. Aufgrund der vorherrschenden Maisernte fehlten an diesem Samstag mit Lucky und Mattes zwei Stammkr\u00e4fte und Gero plagen seit Wochen Kn\u00f6chelprobleme. Trotzdem waren die 14 verf\u00fcgbaren Spieler top motiviert und bereit f\u00fcr ein spannendes Spiel.<\/p>\n<p>Mit dem Anpfiff war die Spannung dieser Partie zu merken. Die Anfangsphase war ein offener Schlagabtausch und ein qualitativ hochwertiges Spiel mit Chancen auf beiden Seiten. Die erste richtige Chance geh\u00f6rte allerdings uns. Einen Freisto\u00df von der Mittellinie konnte der gegnerische Torwart, behindert durch seinen Mitspieler, nicht richtig fassen, sodass der Ball vor Tim Fischer landete, der diesen nur noch \u00fcber die Linie dr\u00fccken musste. In Folge dieses Tores war zu sp\u00fcren, dass die Fusionierten dagegenhalten wollen. Der Druck auf unser Tor war immens, doch unser Dagegenhalten sorgte daf\u00fcr, dass zun\u00e4chst kein Schuss im Tor landen sollte. In der 42. Minute war es dann aber doch so weit. Der Ausgleich war absolut verdient und passte sehr gut zum bisherigen Saison- und Spielverlauf. Nach der Halbzeit konnten wir allerdings das Spiel in die Hand nehmen und kamen in der 51. Minute durch Tim Kreinest zur 2:1 F\u00fchrung. Harry wurde von Fischer perfekt in Szene gesetzt und konnte den Ball am Torwart vorbei legen. Der Ball sprang an den Pfosten und Tim K musste ihn nur noch einschieben. Der weitere Spielverlauf war an Spannung nicht zu \u00fcberbieten. Immer wieder versuchte ViLaB\u00fc anzulaufen und irgendwie zum Torerfolg zu kommen, aber entweder war es die starke Abwehr oder Moritz mit herausragenden Reflexen und Flugeinlagen, die daf\u00fcr sorgten, dass es beim 2:1 f\u00fcr uns blieb. Um die Spannung dieser Begegnung zu verbildlichen ist ein Auszug des Schrittz\u00e4hlers von Trainer Nils das beste Beispiel. W\u00e4hrend des Spiels standen 8500 Schritte zu Buche, welche nur die Linie hoch und runter abgeleistet wurden. Mit dem Abpfiff kannte der Jubel keine Grenzen mehr und die Tabellenf\u00fchrung wurde dankend angenommen.<\/p>\n<p>Die n\u00e4chste Partie sollte bereits am darauffolgenden Mittwoch gegen den Tabellendritten aus Rechterfeld und Goldenstedt folgen.<\/p>\n<h2>SW Osterfeine \u2013 Rechterfeld\/Goldenstedt<\/h2>\n<p>Nach der frisch errungenen Tabellenf\u00fchrung und der in der Liga immer noch makellosen Bilanz kam an diesem Mittwochabend der Tabellendritte aus Rechterfeld und Goldenstedt nach Osterfeine. Das Hinspiel war schon ein echter Kracher. 5:4 haben wir damals gewonnen und ein Spiel mit H\u00f6hen und Tiefen erlebt. Die Kader-Situation war erneut angespannt, da die Maisernte noch immer nicht abgeschlossen ist, die ersten Ausl\u00e4ufer einer Krankheitswelle zu sp\u00fcren sind und Tim Fischer in Braunschweig in der Schule weilte. Jannis Otte aus der B-Jugend erkl\u00e4rte sich bereit uns an diesem Abend zu unterst\u00fctzen, vielen Dank f\u00fcr deinen Einsatz.<!--more--><\/p>\n<p>\u201eEin 5:4 soll es bitte nicht wieder werden\u201c waren unter anderem die Worte die Nils in seiner Ansprache w\u00e4hlte, doch was am Ende des Abends f\u00fcr ein Ergebnis folgen sollte, konnte niemand erahnen.<\/p>\n<p>Aber der Reihe nach. Nach nicht mal 2 Minuten stand es 0:1. Rechtefeld machte sich die Unsortiertheit unserer Abwehr zugute und konnte nach einfacher Kombination einschieben. Sp\u00fcrbar war in der Anfangsphase bereits, dass die G\u00e4ste \u201ees viel mehr wollten\u201c als unsere Jungs. So kam es wie es kommen musste. Nach 22 Minuten stand es 0:2 nach 27 0:3. In vielen Bundesliga-Stadien w\u00fcrden die ersten erfolgsverw\u00f6hnten Fans bei diesem Spielstand die Heimreise vorbereiten und das Stadion verlassen. Das wir hier unsere erste Niederlage seit Monaten hinnehmen m\u00fcssen haben nicht wenige erwartet. Doch wie es so h\u00e4ufig passiert, wenn man oben steht, half das Gl\u00fcck uns ein wenig weiter. Nach 30 Minuten war es Harry, der aus einer Konfusen Situation vor dem Tor Ertrag sch\u00f6pfen und den Anschlusstreffer erzielen konnte. 5 Minuten sp\u00e4ter wurde es noch turbulenter, da Mattes wie gestochen nach vorne st\u00fcrmte und so passend angeschossen wurde, dass es ab diesem Zeitpunkt 2:3 stand. \u00dcberraschung gef\u00e4llig? Mit etwas mehr Gl\u00fcck h\u00e4tte es zur Halbzeit auch noch 3:3 stehen k\u00f6nnen, doch das w\u00e4re dann doch zu viel des Guten gewesen. In der Halbzeit schienen die richtigen Worte gefallen zu sein, denn alle waren motiviert und brannten darauf das Spiel zu drehen. Der Spielverlauf sah allerdings anders aus. Erneut waren es 2 Minuten, ehe die Fusionierten auf 2:4 stellen konnten. Auch jetzt erwarteten viele, dass unser Wille gebrochen war, doch in der 72. Minute versuchte der gegnerische Torwart nach einem Ballverlust Tim K schubsend nach au\u00dfen zu dr\u00e4ngen, was folglich und korrekterweise mit Strafsto\u00df geahndet wurde. Diesen verwandelte Moritz souver\u00e4n zum 3:4. Keine 4 Minuten sp\u00e4ter war es eine starke Einzelaktion von Moritz, der sich durch zahlreiche Verteidiger dribbelte und zu guter Letzt auf 4:4 stellen konnte. Schon jetzt vielen von au\u00dfen Worte wie \u201eWahnsinn\u201c, \u201eKrass\u201c und \u201eUnglaublich\u201c. Doch das Spiel war noch nicht vorbei. In der 85. Minute war es erneut ein Abwehrfehler, der das 4:5 und die vermutliche Entscheidung bedeutete. Doch an diesem Abend gab es nicht genug Superlativen, um dieses krasse Spiel zu beschreiben, denn nur Sekunden vor Ablauf der angek\u00fcndigten Nachspielzeit von 3 Minuten konnte Tim K eine Hereingabe von Tom zum 5:5 veredeln. Dieses Tor war eine reine Willensleistung, denn sowohl Tom als auch Tim konnten selbst nach dieser Spielzeit einen Vollsprint anziehen, den viele nicht mal zu Beginn eines Spiels absolvieren k\u00f6nnten. So bleiben wir nach diesem Spiel zwar nicht mehr makellos, aber weiter ungeschlagen und sind weiterhin Tabellenf\u00fchrer.<\/p>\n<p>Ein gro\u00dfes Lob gilt der Mannschaft und auch den Fans und Eltern, die uns trotz des schwachen Starts bis zum Ende unterst\u00fctzt haben.<\/p>\n<p>Wer wei\u00df wo uns dieses Ergebnis hinf\u00fchrt, aber fehlende Moral kann uns nicht vorgeworfen werden. Ebenso ist der Beweis erbracht, dass mit dieser Truppe immer zu rechnen ist, egal wie ausweglos eine Situation auch erscheint. Weiter geht es f\u00fcr unsere A-Jugend am Donnerstag den 12.10. um 19:30 Uhr in Langenberg, gegen die Zweitvertretung der JSG HoLaDi. Wer an diesem Abend noch nichts vor hat und Lust auf Spektakel hat, hat keine andere Wahl als diese Reise anzutreten! ;-)<\/p>\n<p>Sportliche Gr\u00fc\u00dfe<\/p>\n<p>Eure A-Jugend<\/p>\n","protected":false},"excerpt":{"rendered":"<p>SW Osterfeine \u2013 JSG VI\/LA\/B\u00dc Am vergangenen Samstag kam es in Osterfeine zum Showdown. Erster gegen Zweiter, beide Teams noch ohne Punktverlust und zu alledem noch eine Neuauflage des Pokalendspiels der Vorsaison. Die Rahmenbedingungen passten also, doch die Kadersituation war, sagen wir mal, angespannt. Aufgrund der vorherrschenden Maisernte fehlten an diesem Samstag mit Lucky und [&hellip;]<\/p>\n","protected":false},"author":3,"featured_media":0,"comment_status":"closed","ping_status":"closed","sticky":false,"template":"","format":"standard","meta":{"footnotes":""},"categories":[3],"tags":[],"_links":{"self":[{"href":"https:\/\/sw-osterfeine.de\/index.php?rest_route=\/wp\/v2\/posts\/32748"}],"collection":[{"href":"https:\/\/sw-osterfeine.de\/index.php?rest_route=\/wp\/v2\/posts"}],"about":[{"href":"https:\/\/sw-osterfeine.de\/index.php?rest_route=\/wp\/v2\/types\/post"}],"author":[{"embeddable":true,"href":"https:\/\/sw-osterfeine.de\/index.php?rest_route=\/wp\/v2\/users\/3"}],"replies":[{"embeddable":true,"href":"https:\/\/sw-osterfeine.de\/index.php?rest_route=%2Fwp%2Fv2%2Fcomments&post=32748"}],"version-history":[{"count":1,"href":"https:\/\/sw-osterfeine.de\/index.php?rest_route=\/wp\/v2\/posts\/32748\/revisions"}],"predecessor-version":[{"id":32749,"href":"https:\/\/sw-osterfeine.de\/index.php?rest_route=\/wp\/v2\/posts\/32748\/revisions\/32749"}],"wp:attachment":[{"href":"https:\/\/sw-osterfeine.de\/index.php?rest_route=%2Fwp%2Fv2%2Fmedia&parent=32748"}],"wp:term":[{"taxonomy":"category","embeddable":true,"href":"https:\/\/sw-osterfeine.de\/index.php?rest_route=%2Fwp%2Fv2%2Fcategories&post=32748"},{"taxonomy":"post_tag","embeddable":true,"href":"https:\/\/sw-osterfeine.de\/index.php?rest_route=%2Fwp%2Fv2%2Ftags&post=32748"}],"curies":[{"name":"wp","href":"https:\/\/api.w.org\/{rel}","templated":true}]}}