{"id":32751,"date":"2023-10-08T12:41:21","date_gmt":"2023-10-08T10:41:21","guid":{"rendered":"https:\/\/sw-osterfeine.de\/?p=32751"},"modified":"2023-10-08T12:41:21","modified_gmt":"2023-10-08T10:41:21","slug":"osv-news-osv-news-osv-news-10","status":"publish","type":"post","link":"https:\/\/sw-osterfeine.de\/?p=32751","title":{"rendered":"<strong>OSV-News \u2013 OSV-News \u2013 OSV News<\/strong>"},"content":{"rendered":"\n<p><strong>Gute Besserung I:<\/strong> Der Sportverein SW Osterfeine w\u00fcnscht dem St\u00fcrmer unserer I-Mannschaft, Moritz gr. Kl\u00f6nne, gute Besserung. Moritz verletzte sich am Wochenende beim Sammeln weiterer Spielpraxis nach l\u00e4ngerer Verletzungspause beim Spiel der III-Mannschaft.<\/p>\n<p><strong>Internationale G\u00e4ste<\/strong>: Zu einem interessanten Fu\u00dfballduell kam es am Donnerstagabend in Osterfeine: Die A-Jugendbundesligamannschaft vom VFL Osnabr\u00fcck bestritt auf Platz I ein Freundschaftsspiel gegen die U 17 Nationalmannschaft von Indonesien, die am Ende mit 2:1 die Nase vorne hatte. Die mit einem Tross von ca 60 Leuten angereisten Indonesier befinden sich f\u00fcr 4 Wochen in Deutschland, um sich mit Unterst\u00fctzung der DFL auf die im November 23 in Indonesien stattfindende U 17 Weltmeisterschaft vorzubereiten. Ein interessantes Spiel, dankbare und freundliche G\u00e4ste aus Indonesien und Osnabr\u00fcck und zahlreiche Zuschauer aus vielen Ecken des Regionalfu\u00dfballs auf einer von allen G\u00e4sten gelobten Sportanlage am Kl\u00fcnenberg.<\/p>\n<p><a href=\"https:\/\/sw-osterfeine.de\/wp-content\/uploads\/2023\/10\/KAmera.jpg\" data-rel=\"lightbox-image-0\" data-rl_title=\"\" data-rl_caption=\"\" title=\"\"><img loading=\"lazy\" decoding=\"async\" class=\"alignleft  wp-image-32752\" src=\"https:\/\/sw-osterfeine.de\/wp-content\/uploads\/2023\/10\/KAmera.jpg\" alt=\"\" width=\"263\" height=\"351\" srcset=\"https:\/\/sw-osterfeine.de\/wp-content\/uploads\/2023\/10\/KAmera.jpg 768w, https:\/\/sw-osterfeine.de\/wp-content\/uploads\/2023\/10\/KAmera-225x300.jpg 225w\" sizes=\"(max-width: 263px) 100vw, 263px\" \/><\/a> <a href=\"https:\/\/sw-osterfeine.de\/wp-content\/uploads\/2023\/10\/Bus.jpg\" data-rel=\"lightbox-image-1\" data-rl_title=\"\" data-rl_caption=\"\" title=\"\"><img loading=\"lazy\" decoding=\"async\" class=\"alignleft  wp-image-32753\" src=\"https:\/\/sw-osterfeine.de\/wp-content\/uploads\/2023\/10\/Bus.jpg\" alt=\"\" width=\"263\" height=\"351\" srcset=\"https:\/\/sw-osterfeine.de\/wp-content\/uploads\/2023\/10\/Bus.jpg 768w, https:\/\/sw-osterfeine.de\/wp-content\/uploads\/2023\/10\/Bus-225x300.jpg 225w\" sizes=\"(max-width: 263px) 100vw, 263px\" \/><\/a><\/p>\n<p>\u00a0<\/p>\n<p>\u00a0<\/p>\n<p>\u00a0<\/p>\n<p>\u00a0<\/p>\n<p>\u00a0<\/p>\n<p>\u00a0<\/p>\n<p>\u00a0<\/p>\n<p>\u00a0<\/p>\n<p>\u00a0<\/p>\n<p>\u00a0<\/p>\n<p>\u00a0<\/p>\n<p>\u00a0<\/p>\n<p>\u00a0<\/p>\n<p>\u00a0<\/p>\n<p><strong>Herzlichen Gl\u00fcckwunsch: <\/strong>Am Sonntag feiert unser Vereinsmitglied Maria Lehmkuhl ihren 90. Geburtstag. \u00dcber viele Jahrzehnte k\u00fcmmerte sich Maria mit Liebe und Akribie um die Ausr\u00fcstung unserer I-Herrenmannschaften mit einer heute nicht mehr m\u00f6glichen Zuverl\u00e4ssigkeit. Gl\u00fccklicherweise hat Maria in dieser Zeit im Schnitt mehr Siegerschwei\u00df als Niederlagentr\u00e4nen aus den Trikots unserer Fu\u00dfballer waschen d\u00fcrfen. Besonders die nach dem Spiel h\u00e4ufig schwarz und gr\u00fcn gewordenen Trikots der Gr\u00e4tschmaschinen und Bodenk\u00e4mpfer wie Bernhard Fangmann, J\u00f6rg Lange, Ansgar gr. Austing, Andreas H\u00f6lzl, Michael Harpenau und Christian Schiffb\u00e4nker haben Maria Lehmkuhl einige schlaflose N\u00e4chte gekostet. Weniger Arbeit hatte sie dagegen mit einigen nur minimal verschwitzten Trikots von Bernhard Kettler, Hubert Putthoff, Burkhard St\u00e4rk., Hansi Lapke, Andre L\u00fcdeke, Jan-Bernd St\u00e4rk, Wolfram Kloss, Stefan Kreymborg und Alket Zeqo.<\/p>\n<p>Und dann waren da noch die Torwarttrikots: Bobby Hellebusch \u2013 da aber nur die Sporthose, denn Bobby sa\u00df meistens schon vor dem Torschuss auf dem Hosenboden. Dann Norbert Schockem\u00f6hle \u2013 am Boden unschlagbar und 20 Jahre das Trikot von Marco Otte. Maria, Dir ein herzliches Danke von vielen OSV-Fu\u00dfballgenerationen und weiterhin viel Gesundheit und eine sch\u00f6ne Geburtstagsfeier.<\/p>\n<p><strong>Sporthalle wird 50!! <\/strong>Am 18.2.2024 feiert der Sportverein SW Osterfeine mit einer OSV-Sportschau das Bestehen seiner vereinseigenen Sporthalle. Der OSV l\u00e4dt schon heute alle ehemaligen und aktuellen Sportler und Freunde ein, die in ihrer Zeit von dem Bestehen der eigenen OSV-Halle profitiert haben. Schon heute sollten wir uns in Erinnerung rufen, ohne den Pioniergeist der OSVer vor 50 Jahren und ohne das Engagement der Nachfolger w\u00e4ren die Orte Osterfeine, R\u00fcschendorf und umzu nicht so wie sie jetzt sind. Viele Menschen h\u00e4tten Schulsport am Ort, Handball, Gymnastik und Fu\u00dfball in der Halle nicht kennengelernt. Viele Veranstaltungen, Jubil\u00e4en, Feste, Ferienbetreuungen, Turniere, Niederlagen, Freundschaften, Erfolge und Geselligkeiten h\u00e4tten nie stattgefunden. Die OSV-Verantwortlichen in den vergangenen 50 Jahren haben dazu beigetragen, gesellschaftliches Engagement einen Namen zu geben. Eigeninitiative, Anpacken, keine \u00fcberbordende B\u00fcrokratie, das ist die OSV-Sporthalle 1974 bis 2024: <strong>Und:<\/strong> Durch dieses Engagement ersparte der Sportverein der Kommune eine Menge an Arbeit, Entscheidungen und Kosten -wenn denn eine Halle in Osterfeine gekommen w\u00e4re. Wer sich mal etwas zum Thema Sporthallen in Verbindung mit Schulsport informieren m\u00f6chte, k\u00f6nnte sich in der ARD-Mediathek zum Thema Schulsportkrise bedienen. Das n\u00e4here Programm der OSV-Sportschau zum Jubil\u00e4um folgt rechtzeitig.<\/p>\n<p><strong>Gute Besserung II: \u00a0Der ganze Sportverein Schwarz-Wei\u00df Osterfeine w\u00fcnscht eine seiner langj\u00e4hrigsten und engagiertesten Handballerin und Sportlerin des Jahres 2019 die allerbesten Genesungsw\u00fcnsche!!! Als Schiedsrichterin, als Spielerin und als Trainerin ist Kerstin Lehmkuhl eine der allergr\u00f6\u00dften S\u00e4ulen unserer Handballabteilung. Kerstin, der ganze Sportverein denkt an Dich!!!!<\/strong><\/p>\n<p><strong>Sportlerball:<\/strong> Am Samstag, den 4.11.2023 feiern wir in eben unserer vereinseigenen Sporthalle den diesj\u00e4hrigen Sportlerball mit Kohlessen. Holt Euch Eure Karten am 20.10.23 von 15.00 \u2013 18.00 Uhr und am 21.10.23 von 10.00 bis 12.00 Uhr in der OSV-Gesch\u00e4ftsstelle ab.<\/p>\n<p>Neben der Ehrung verdienter Ehrenamtlicher und der Ehrung unserer Top-Sportler wartet wieder eine interessante Einlage auf alle Besucher. Reichlich best\u00fcckt wird auch wieder die gro\u00dfe OSV-Tombola sein. Der 1. Preis im Wert von 1000 Euro wird wieder von unserem Sportlerball- und Sporthallenpartner Fangmann Event gesponsort!!! Wohin die Reise geht, erfahrt ihr auf dem Sportlerball\u2026\u2026 \u00a0\u00a0\u00a0Vielen Dank an Jochen Fangmann, der sich wie sein Opa und Hallenbegr\u00fcnder Josef Fangmann und sein Vater Josef Fangmann jun.<\/p>\n<p>f\u00fcr unsere vereinseigene Sporthalle und den OSV au\u00dferordentlich stark einsetzt.<\/p>\n<p><strong>Jubil\u00e4um II: Offiziell am 1.5.1925 wurde unser Sportverein gegr\u00fcndet. Die Jubil\u00e4umsfeier wurde nun terminiert. Am 30.4.\/1.5.2025 feiert der OSV sein 100j\u00e4hriges Bestehen. N\u00e4heres folgt\u2026\u2026..<\/strong><\/p>\n<p><strong>Ferienbetreuung in den Herbstferien: <\/strong><u>W\u00e4hrend in den meisten kommunalen Sporthallen Deutschlands in den Herbstferien \u2013 wie auch in den anderen Ferien \u2013 die Sporthallen dicht bleiben und Kinder in der Zeit, wo sie am meisten Zeit haben, drau\u00dfen bleiben m\u00fcssen, macht der Sportverein wie auch sonst das ganze Jahr \u2013 auch wieder Heiligabend- wieder seine vereinseigene Sporthalle auf, f\u00fcr jung und alt, f\u00fcr die Mannschaftssportler und f\u00fcr die Individualsportler. So \u00f6ffnet der OSV auch in diesen Ferien wieder seine Hallent\u00fcren f\u00fcr ca 100 Kinder im Grundschulalter zur Ferienbetreuung von t\u00e4glich 8.00 bis 16.00 Uhr. Und das nur f\u00fcr eine freiwillige Spende. Vollverpflegung f\u00fcr unsere Kinder zum Nulltarif. Wie geht das?? Der OSV hat ganz tolle Jugendliche in seinen Reihen, die einen Gro\u00dfteil ihrer Ferienzeit oder ihres Urlaubes unentgeltlich f\u00fcr unsere Grundschulkinder opfern. Und: Der OSV sieht Jugendarbeit im K\u00fcmmern um die Kinder in Osterfeine und R\u00fcschendorf und umzu und nicht im Abwerben von guten Sportlern, um besser zu sein als man in der Jugendarbeit wirklich ist. Der OSV k\u00fcmmert sich um alle Kinder, egal wie gut sie sind und egal wo sie herkommen, und nicht nur um Kinder, die im Sport leistungsstark sind und wo dann der nicht so starke Sportler ignoriert wird. Und wir wollen allen Kindern eine Teilnahme erm\u00f6glichen, unabh\u00e4ngig vom Geldbeutel der Eltern\u2026.. Daher lassen wir uns diese Ma\u00dfnahme gerne etwas kosten. Dabei ist ein Blick in 100 zufriedene Kindergesichter f\u00fcr unseren Verein die beste Entsch\u00e4digung, die es auf dieser Welt gibt. Also; Danke an unsere freiwilligen Helfer und Kinder kommt jederzeit gerne und wenn die Halle aus den N\u00e4hten platzt. Petra und ihr Team findet immer eine L\u00f6sung.<\/u><\/p>\n\n\n","protected":false},"excerpt":{"rendered":"<p>Gute Besserung I: Der Sportverein SW Osterfeine w\u00fcnscht dem St\u00fcrmer unserer I-Mannschaft, Moritz gr. Kl\u00f6nne, gute Besserung. Moritz verletzte sich am Wochenende beim Sammeln weiterer Spielpraxis nach l\u00e4ngerer Verletzungspause beim Spiel der III-Mannschaft. Internationale G\u00e4ste: Zu einem interessanten Fu\u00dfballduell kam es am Donnerstagabend in Osterfeine: Die A-Jugendbundesligamannschaft vom VFL Osnabr\u00fcck bestritt auf Platz I ein [&hellip;]<\/p>\n","protected":false},"author":3,"featured_media":0,"comment_status":"closed","ping_status":"closed","sticky":false,"template":"","format":"standard","meta":{"footnotes":""},"categories":[37],"tags":[],"_links":{"self":[{"href":"https:\/\/sw-osterfeine.de\/index.php?rest_route=\/wp\/v2\/posts\/32751"}],"collection":[{"href":"https:\/\/sw-osterfeine.de\/index.php?rest_route=\/wp\/v2\/posts"}],"about":[{"href":"https:\/\/sw-osterfeine.de\/index.php?rest_route=\/wp\/v2\/types\/post"}],"author":[{"embeddable":true,"href":"https:\/\/sw-osterfeine.de\/index.php?rest_route=\/wp\/v2\/users\/3"}],"replies":[{"embeddable":true,"href":"https:\/\/sw-osterfeine.de\/index.php?rest_route=%2Fwp%2Fv2%2Fcomments&post=32751"}],"version-history":[{"count":3,"href":"https:\/\/sw-osterfeine.de\/index.php?rest_route=\/wp\/v2\/posts\/32751\/revisions"}],"predecessor-version":[{"id":32756,"href":"https:\/\/sw-osterfeine.de\/index.php?rest_route=\/wp\/v2\/posts\/32751\/revisions\/32756"}],"wp:attachment":[{"href":"https:\/\/sw-osterfeine.de\/index.php?rest_route=%2Fwp%2Fv2%2Fmedia&parent=32751"}],"wp:term":[{"taxonomy":"category","embeddable":true,"href":"https:\/\/sw-osterfeine.de\/index.php?rest_route=%2Fwp%2Fv2%2Fcategories&post=32751"},{"taxonomy":"post_tag","embeddable":true,"href":"https:\/\/sw-osterfeine.de\/index.php?rest_route=%2Fwp%2Fv2%2Ftags&post=32751"}],"curies":[{"name":"wp","href":"https:\/\/api.w.org\/{rel}","templated":true}]}}