{"id":32757,"date":"2023-10-08T12:57:36","date_gmt":"2023-10-08T10:57:36","guid":{"rendered":"https:\/\/sw-osterfeine.de\/?p=32757"},"modified":"2023-10-08T12:57:36","modified_gmt":"2023-10-08T10:57:36","slug":"i-herrenmannschaft-beim-bayrischen-fruehschoppen","status":"publish","type":"post","link":"https:\/\/sw-osterfeine.de\/?p=32757","title":{"rendered":"<strong>I-Herrenmannschaft beim bayrischen Fr\u00fchschoppen<\/strong>"},"content":{"rendered":"\n<p>Nicht alle OSV-Mannschaften konnten am Sonntag mit einem Sieg im R\u00fccken den bayrischen Fr\u00fchschoppen in der OSV-Sporthalle begehen. Nur unsere Handballdamen konnten mit dem gestrigen Sieg in Schortens\/Jever einen Sieg erringen. Gleiches gelang nur noch der Handball B-Jugend in Meppen. Gl\u00fcckwunsch beiden Teams. Dann reichte es nur noch f\u00fcr unsere II-Herren, nicht mit einer Niederlage in der Halle aufzulaufen, 0:0 gegen Brockdorf. Geschlagen geben mussten sich dagegen unsere Dritte und Vierte sowie die Handball A-Jugend und bereits am Freitag unsere I-Herrenmannschaft. Dass die Jungs nach der Heimniederlage jedoch nicht den Kopf in den Sand stecken, zeigt das folgende Foto: St\u00e4rkt Euch heute beim Fr\u00fchschoppen und dann geht es mit frischem Mut in die Vorbereitung f\u00fcr das schwere Ausw\u00e4rtsspiel am kommenden Sonntag in Molbergen.<\/p>\n\n\n\n<p><a href=\"https:\/\/sw-osterfeine.de\/wp-content\/uploads\/2023\/10\/Fruehschoppen.jpg\" data-rel=\"lightbox-image-0\" data-rl_title=\"\" data-rl_caption=\"\" title=\"\"><img loading=\"lazy\" decoding=\"async\" class=\"alignleft  wp-image-32758\" src=\"https:\/\/sw-osterfeine.de\/wp-content\/uploads\/2023\/10\/Fruehschoppen.jpg\" alt=\"\" width=\"396\" height=\"528\" srcset=\"https:\/\/sw-osterfeine.de\/wp-content\/uploads\/2023\/10\/Fruehschoppen.jpg 768w, https:\/\/sw-osterfeine.de\/wp-content\/uploads\/2023\/10\/Fruehschoppen-225x300.jpg 225w\" sizes=\"(max-width: 396px) 100vw, 396px\" \/><\/a><\/p>\n","protected":false},"excerpt":{"rendered":"<p>Nicht alle OSV-Mannschaften konnten am Sonntag mit einem Sieg im R\u00fccken den bayrischen Fr\u00fchschoppen in der OSV-Sporthalle begehen. Nur unsere Handballdamen konnten mit dem gestrigen Sieg in Schortens\/Jever einen Sieg erringen. Gleiches gelang nur noch der Handball B-Jugend in Meppen. Gl\u00fcckwunsch beiden Teams. Dann reichte es nur noch f\u00fcr unsere II-Herren, nicht mit einer Niederlage [&hellip;]<\/p>\n","protected":false},"author":3,"featured_media":0,"comment_status":"closed","ping_status":"closed","sticky":false,"template":"","format":"standard","meta":{"footnotes":""},"categories":[37],"tags":[],"_links":{"self":[{"href":"https:\/\/sw-osterfeine.de\/index.php?rest_route=\/wp\/v2\/posts\/32757"}],"collection":[{"href":"https:\/\/sw-osterfeine.de\/index.php?rest_route=\/wp\/v2\/posts"}],"about":[{"href":"https:\/\/sw-osterfeine.de\/index.php?rest_route=\/wp\/v2\/types\/post"}],"author":[{"embeddable":true,"href":"https:\/\/sw-osterfeine.de\/index.php?rest_route=\/wp\/v2\/users\/3"}],"replies":[{"embeddable":true,"href":"https:\/\/sw-osterfeine.de\/index.php?rest_route=%2Fwp%2Fv2%2Fcomments&post=32757"}],"version-history":[{"count":2,"href":"https:\/\/sw-osterfeine.de\/index.php?rest_route=\/wp\/v2\/posts\/32757\/revisions"}],"predecessor-version":[{"id":32760,"href":"https:\/\/sw-osterfeine.de\/index.php?rest_route=\/wp\/v2\/posts\/32757\/revisions\/32760"}],"wp:attachment":[{"href":"https:\/\/sw-osterfeine.de\/index.php?rest_route=%2Fwp%2Fv2%2Fmedia&parent=32757"}],"wp:term":[{"taxonomy":"category","embeddable":true,"href":"https:\/\/sw-osterfeine.de\/index.php?rest_route=%2Fwp%2Fv2%2Fcategories&post=32757"},{"taxonomy":"post_tag","embeddable":true,"href":"https:\/\/sw-osterfeine.de\/index.php?rest_route=%2Fwp%2Fv2%2Ftags&post=32757"}],"curies":[{"name":"wp","href":"https:\/\/api.w.org\/{rel}","templated":true}]}}