{"id":32783,"date":"2023-10-12T11:42:02","date_gmt":"2023-10-12T09:42:02","guid":{"rendered":"https:\/\/sw-osterfeine.de\/?p=32783"},"modified":"2023-10-12T11:42:02","modified_gmt":"2023-10-12T09:42:02","slug":"aktuelles-vom-osv-aktuelles-vom-osv","status":"publish","type":"post","link":"https:\/\/sw-osterfeine.de\/?p=32783","title":{"rendered":"<strong>Aktuelles vom OSV! Aktuelles vom OSV!<\/strong>"},"content":{"rendered":"\n\n\n<p><strong><u>Pechvogel:<\/u><\/strong><strong> Der Torj\u00e4ger unserer III-Herrenmannschaft Luca Meyer ist in den letzten Wochen vom Verletzungspech verfolgt. Der Zweite der Torj\u00e4gerliste in der 2.KK musste am Samstag bei einem erneuten Spielversuch nach kurzer Zeit wieder ausgewechselt werden. Nun steht erstmal Pause f\u00fcr Luca an und abwarten. F\u00fcr die Mannschaft von Pavel Kubik hei\u00dft es jetzt: Zusammenr\u00fccken und auch ohne Luca mit Schwung in die n\u00e4chsten Begegnungen. Und f\u00fcr Luca: Gute Besserung vom ganzen OSV!!!<\/strong><\/p>\n<p><strong><u>Mitgliederzahl:<\/u><\/strong><strong> Auch f\u00fcr das Jahr 2023 kann der Sportverein SW Osterfeine einen Anstieg seiner Mitgliederzahl vermelden. Schon im Herbst wurde die bisherige Mitgliederzahl von 1804 Mitgliedern gesteigert. Warten wir bis Ende des Jahres, wohin die Mitgliederentwicklung uns in 2023 hingetragen hat.<\/strong><\/p>\n<p><strong><u>Ferienbetreuung: <\/u><\/strong><strong>Bereits 10 Tage vor Beginn der Ferienbetreuung in den Herbstferien hat die Zahl der Anmeldung die Grenze von 100 Anmeldungen erreicht. Abwarten, was die n\u00e4chsten Tage noch bringen und dann kann es endlich wieder losgehen nach dem Motto: Spiel, Sport und Spa\u00df f\u00fcr die Kinder im Grundschulalter eine Woche lang in der vereinseigenen OSV-Sporthalle\u2026\u2026.<\/strong><\/p>\n<p><strong><u>Tombola: <\/u><\/strong><strong>Mit Schwung und Elan sind die Vorbereiter des Sportlerballes wieder dabei, eine tolle Preise f\u00fcr die Verlosung zusammenzustellen. F\u00fcr eine Unterst\u00fctzung durch weitere OSV-Mitglieder w\u00e4ren alle Beteiligten dankbar. Wer also Ideen oder Preise f\u00fcr die Tombola hat, melde sich bitte gerne bei allen m\u00f6glichen OSVern. Den Sponsoren der Tombola schon jetzt ein gro\u00dfes Danke!!!\u00a0 <u>\u00a0<\/u><\/strong><\/p>\n<p>\u00a0<\/p>\n<p><strong><u>\u00a0<\/u><\/strong><\/p>\n","protected":false},"excerpt":{"rendered":"<p>Pechvogel: Der Torj\u00e4ger unserer III-Herrenmannschaft Luca Meyer ist in den letzten Wochen vom Verletzungspech verfolgt. Der Zweite der Torj\u00e4gerliste in der 2.KK musste am Samstag bei einem erneuten Spielversuch nach kurzer Zeit wieder ausgewechselt werden. Nun steht erstmal Pause f\u00fcr Luca an und abwarten. F\u00fcr die Mannschaft von Pavel Kubik hei\u00dft es jetzt: Zusammenr\u00fccken und [&hellip;]<\/p>\n","protected":false},"author":3,"featured_media":0,"comment_status":"closed","ping_status":"closed","sticky":false,"template":"","format":"standard","meta":{"footnotes":""},"categories":[37],"tags":[],"_links":{"self":[{"href":"https:\/\/sw-osterfeine.de\/index.php?rest_route=\/wp\/v2\/posts\/32783"}],"collection":[{"href":"https:\/\/sw-osterfeine.de\/index.php?rest_route=\/wp\/v2\/posts"}],"about":[{"href":"https:\/\/sw-osterfeine.de\/index.php?rest_route=\/wp\/v2\/types\/post"}],"author":[{"embeddable":true,"href":"https:\/\/sw-osterfeine.de\/index.php?rest_route=\/wp\/v2\/users\/3"}],"replies":[{"embeddable":true,"href":"https:\/\/sw-osterfeine.de\/index.php?rest_route=%2Fwp%2Fv2%2Fcomments&post=32783"}],"version-history":[{"count":1,"href":"https:\/\/sw-osterfeine.de\/index.php?rest_route=\/wp\/v2\/posts\/32783\/revisions"}],"predecessor-version":[{"id":32784,"href":"https:\/\/sw-osterfeine.de\/index.php?rest_route=\/wp\/v2\/posts\/32783\/revisions\/32784"}],"wp:attachment":[{"href":"https:\/\/sw-osterfeine.de\/index.php?rest_route=%2Fwp%2Fv2%2Fmedia&parent=32783"}],"wp:term":[{"taxonomy":"category","embeddable":true,"href":"https:\/\/sw-osterfeine.de\/index.php?rest_route=%2Fwp%2Fv2%2Fcategories&post=32783"},{"taxonomy":"post_tag","embeddable":true,"href":"https:\/\/sw-osterfeine.de\/index.php?rest_route=%2Fwp%2Fv2%2Ftags&post=32783"}],"curies":[{"name":"wp","href":"https:\/\/api.w.org\/{rel}","templated":true}]}}