{"id":32788,"date":"2023-10-13T13:14:08","date_gmt":"2023-10-13T11:14:08","guid":{"rendered":"https:\/\/sw-osterfeine.de\/?p=32788"},"modified":"2023-10-13T13:14:08","modified_gmt":"2023-10-13T11:14:08","slug":"bericht-a-jugend-fussball-holadi-ii-swo","status":"publish","type":"post","link":"https:\/\/sw-osterfeine.de\/?p=32788","title":{"rendered":"Bericht A-Jugend Fu\u00dfball HoLaDi II \u2013 SWO"},"content":{"rendered":"\n<p>Nach den sehr erfolgreichen letzten Wochen mit einer wei\u00dfen Weste in der Liga, steht unsere A-Jugend mit nun 5 Siegen und einem Unentschieden an der Spitze der Tabelle. Einen weiteren Sieg wollten wir am vergangenen Donnerstag auch aus Langenberg mit nach Osterfeine nehmen. Die Kader-Situation entspannt sich nun etwas, aber mit Mattes (Arbeit) und Tim (Klassenfahrt) fehlten zwei St\u00fctzen unserer Mannschaft. Da Tom ebenfalls angeschlagen war und Luca sich zwar p\u00fcnktlich zum Spiel fit meldete aber noch nicht wieder bei 100% war, wurde Leonard Hoppe aus der B-Jugend in den Kader berufen. Vielen Dank f\u00fcr deine Unterst\u00fctzung und auch die Unterst\u00fctzung im Allgemeinen durch die B-Jugend.\u00a0<\/p>\n<p>Der Gegner aus den drei Orten Holdorf, Langenberg und Dinklage stand vor der Partie im Klassement bei nur einem Sieg im unteren Drittel und die vielen Undiszipliniertheiten spiegeln sich in der Fairness-Tabelle wider. Mit der ersten Minute sollte sich, wie erwartet, ein Spiel auf ein Tor einstellen. Wir konnten eine klare Platz\u00fcberlegenheit unser Eigen nennen, doch Torchancen kreierten sich eher selten. Trotzdem war es in der 8. Minute ein Ecksto\u00df von der rechten Seite, der durch Olbo vors Tor gezogen wurde und im Get\u00fcmmel verschwand. Aus der allgemeinen Verwirrung heraus konnte Tim Fischer den Ball in die Maschen schieben. So gl\u00fccklich die Entstehung auch war, so verdient war dieses Tor zugleich. In der 20. Minute kam Leonard f\u00fcr Luca und dieser Wechsel sollte direkt Fr\u00fcchte tragen. Mit seiner ersten Aktion, einem Vollsprint mit Ball auf der rechten Seite, fiel dem Holdorfer Verteidiger nichts anderes ein als ihn r\u00fcde zu Stoppen. Den resultierenden Freisto\u00df trat Olbo in den 16er und erneut konnte Tim Fischer den Ball in die Maschen schwei\u00dfen. Bis zur Halbzeit gab es keine nennenswerten Torraumszenen mehr, doch die Undiszipliniertheiten des Gastgebers nahmen zu, sodass sich das Spiel mit zunehmender Zeit mehr durch Fouls und <!--more-->Unterbrechungen als durch ansehnlichen Fu\u00dfball auszeichnete. Mit drei Wechseln auf unserer Seite ging es aus der Kabine. Gero, Max und Tom kamen f\u00fcr Jan, Lucky und Victor. Ein zwischenzeitliches Aufb\u00e4umen der Gastgeber konnten wir im Keim ersticken und die Angriffe wurden souver\u00e4n wegverteidigt. Trauriges Highlight dieser Drangphase der Holdorfer war ein Schuss aus 35 Metern, welcher in Richtung Eckfahne abdriftete und nicht einmal die Au\u00dfenlinie \u00fcberschritt. Als wir das Heft wieder in die Hand nahmen wurde das Spiel zunehmend unansehnlicher. Und dabei traten nicht nur die Spieler in den Mittelpunkt. Der Trainer verwickelte sich nach einer allt\u00e4glichen Aktion in ein Wortgefecht mit Nils, welches der Schiedsrichter versuchte zu schlichten. Als Ruhe auf unserer Seite einkehrte fuhr die andere Seite erst richtig hoch und die gelbe Karte war die korrekte Antwort darauf. Wenige Minuten sp\u00e4ter war es dann ein erneut hartes Foulspiel eines Holdorfers, welches zurecht mit eine 5 Minuten Strafe belegt wurde. Diese \u00dcberzahl nutzte Otte zu einem \u201eLucio\u201c-\u00e4hnlichen Lauf durch die gesamte Hintermannschaft der Gastgeber. Einen Doppelpass mit Harry vor dem Tor und dann ein perfekter Abschluss zum 3:0. Auf dieses Tor folgte dann die Gelb-Rote Karte f\u00fcr den gegnerischen Trainer. Was genau gerufen wurde ist nicht genau \u00fcbermittelt, aber es gen\u00fcgte f\u00fcr einen Platzverweis. Leider war dies noch nicht der H\u00f6hepunkt der Unsportlichkeiten. Nach einem Foul von Gero kam es zu einem Nachtreten des Gegners welches zurecht mit der Roten Karte geahndet wurde. Im R\u00fccken des Schiedsrichters musste Gero dann auch noch eine T\u00e4tlichkeit \u00fcber sich ergehen lassen. Zur\u00fcck zum Fu\u00dfball: In der 91. Minute konnte Harry auf Zuspiel von Lucky den weit vor dem Tor stehenden Torh\u00fcter \u00fcberspielen und auf 4:0 stellen. 2 Minuten sp\u00e4ter war es dann Lucky, der nach Freisto\u00df von Otte zum 5:0 abstauben konnte. Wenige Sekunden sp\u00e4ter pfiff der Schiedsrichter die Partie ab.<\/p>\n<p>R\u00fcckblickend sei zu sagen, dass dies ein verdienter Sieg f\u00fcr uns war. Das unsportliche Verhalten der Fusionierten sorgt aber f\u00fcr einen faden Beigeschmack. Aber auch so viel sei gesagt, den Geschmack des Burgers im naheliegenden Schnellrestaurant haben wir uns nicht vermiesen lassen. F\u00fcr unsere A-Jugend ist nun erstmal \u201eL\u00e4nderspielpause\u201c oder anders gesagt Ferien. Das n\u00e4chste Spiel findet am 28.10. gegen Vechta in Osterfeine statt und mal sehen, vielleicht bleibt die A-Jugend ja bis zum Sportlerball im Ligabetrieb ungeschlagen. Wir halten euch auf jeden Fall auf dem Laufenden.<\/p>\n<p>Sportliche Gr\u00fc\u00dfe<\/p>\n<p>Eure A-Jugend<\/p>\n","protected":false},"excerpt":{"rendered":"<p>Nach den sehr erfolgreichen letzten Wochen mit einer wei\u00dfen Weste in der Liga, steht unsere A-Jugend mit nun 5 Siegen und einem Unentschieden an der Spitze der Tabelle. Einen weiteren Sieg wollten wir am vergangenen Donnerstag auch aus Langenberg mit nach Osterfeine nehmen. Die Kader-Situation entspannt sich nun etwas, aber mit Mattes (Arbeit) und Tim [&hellip;]<\/p>\n","protected":false},"author":3,"featured_media":0,"comment_status":"closed","ping_status":"closed","sticky":false,"template":"","format":"standard","meta":{"footnotes":""},"categories":[3],"tags":[],"_links":{"self":[{"href":"https:\/\/sw-osterfeine.de\/index.php?rest_route=\/wp\/v2\/posts\/32788"}],"collection":[{"href":"https:\/\/sw-osterfeine.de\/index.php?rest_route=\/wp\/v2\/posts"}],"about":[{"href":"https:\/\/sw-osterfeine.de\/index.php?rest_route=\/wp\/v2\/types\/post"}],"author":[{"embeddable":true,"href":"https:\/\/sw-osterfeine.de\/index.php?rest_route=\/wp\/v2\/users\/3"}],"replies":[{"embeddable":true,"href":"https:\/\/sw-osterfeine.de\/index.php?rest_route=%2Fwp%2Fv2%2Fcomments&post=32788"}],"version-history":[{"count":1,"href":"https:\/\/sw-osterfeine.de\/index.php?rest_route=\/wp\/v2\/posts\/32788\/revisions"}],"predecessor-version":[{"id":32789,"href":"https:\/\/sw-osterfeine.de\/index.php?rest_route=\/wp\/v2\/posts\/32788\/revisions\/32789"}],"wp:attachment":[{"href":"https:\/\/sw-osterfeine.de\/index.php?rest_route=%2Fwp%2Fv2%2Fmedia&parent=32788"}],"wp:term":[{"taxonomy":"category","embeddable":true,"href":"https:\/\/sw-osterfeine.de\/index.php?rest_route=%2Fwp%2Fv2%2Fcategories&post=32788"},{"taxonomy":"post_tag","embeddable":true,"href":"https:\/\/sw-osterfeine.de\/index.php?rest_route=%2Fwp%2Fv2%2Ftags&post=32788"}],"curies":[{"name":"wp","href":"https:\/\/api.w.org\/{rel}","templated":true}]}}