{"id":32880,"date":"2023-11-05T14:35:08","date_gmt":"2023-11-05T13:35:08","guid":{"rendered":"https:\/\/sw-osterfeine.de\/?p=32880"},"modified":"2023-11-07T05:48:55","modified_gmt":"2023-11-07T04:48:55","slug":"sportlerball-2023","status":"publish","type":"post","link":"https:\/\/sw-osterfeine.de\/?p=32880","title":{"rendered":"Sportlerball 2023"},"content":{"rendered":"\n<p>Traditionell am ersten Wochenende im November feiert unser Sportverein seinen Sportlerball mit Gr\u00fcnkohlessen in der Sporthalle.<\/p>\n<p>F\u00fcr viele OSV-Mitglieder und -Sportler ist der Sportlerball ein absolutes Highlight im Jahreskalender.<\/p>\n<p>Gestern um 19:39 Uhr hatte das Hinfiebern auf den diesj\u00e4hrigen Sportlerball ein Ende, in dem der 1. Vorsitzende Bernard &#8222;Bubble&#8220; Piening die Er\u00f6ffnungsworte vor 650 erwartunsgfrohen G\u00e4sten sprach.<\/p>\n<p>Einigen G\u00e4ste geb\u00fchrte die Ehre, dass sie eine besondere Anerkennung in den Begr\u00fc\u00dfungsworten von Bubble fanden. So zum Beispiel die Ehrenmitglieder <strong>Hubert Putthoff, Wolfgang Jacob und Josef Gravemeyer<\/strong>. Die Teilnahme der drei Ehrenmitglieder symbolisiert den Charme des Osterfeiner Sportlerballs, dass Jung und Alt zusammen kommen und zusammen feiern.\u00a0<\/p>\n<p><a href=\"https:\/\/sw-osterfeine.de\/wp-content\/uploads\/2023\/11\/IMG_1914-scaled.jpg\" data-rel=\"lightbox-image-0\" data-rl_title=\"\" data-rl_caption=\"\" title=\"\"><img loading=\"lazy\" decoding=\"async\" class=\"alignleft size-large wp-image-32881\" src=\"https:\/\/sw-osterfeine.de\/wp-content\/uploads\/2023\/11\/IMG_1914-859x1024.jpg\" alt=\"\" width=\"859\" height=\"1024\" srcset=\"https:\/\/sw-osterfeine.de\/wp-content\/uploads\/2023\/11\/IMG_1914-859x1024.jpg 859w, https:\/\/sw-osterfeine.de\/wp-content\/uploads\/2023\/11\/IMG_1914-252x300.jpg 252w, https:\/\/sw-osterfeine.de\/wp-content\/uploads\/2023\/11\/IMG_1914-768x916.jpg 768w, https:\/\/sw-osterfeine.de\/wp-content\/uploads\/2023\/11\/IMG_1914-1288x1536.jpg 1288w, https:\/\/sw-osterfeine.de\/wp-content\/uploads\/2023\/11\/IMG_1914-1718x2048.jpg 1718w\" sizes=\"(max-width: 859px) 100vw, 859px\" \/><\/a><\/p>\n<p>\u00a0<\/p>\n<p>\u00a0<\/p>\n<p>\u00a0<\/p>\n<p>\u00a0<\/p>\n<p>\u00a0<\/p>\n<p>\u00a0<\/p>\n<p>\u00a0<\/p>\n<p>\u00a0<\/p>\n<p>\u00a0<\/p>\n<p>\u00a0<\/p>\n<p>\u00a0<\/p>\n<p>\u00a0<\/p>\n<p>\u00a0<\/p>\n<p>\u00a0<\/p>\n<p>\u00a0<\/p>\n<p>\u00a0<\/p>\n<p>\u00a0<\/p>\n<p>\u00a0<\/p>\n<p>\u00a0<\/p>\n<p>\u00a0<\/p>\n<p>\u00a0<\/p>\n<p>\u00a0<\/p>\n<p>\u00a0<\/p>\n<p>\u00a0<\/p>\n<p>\u00a0<\/p>\n<p>\u00a0<\/p>\n<p>\u00a0<\/p>\n<p>Die erste Ehrung des Abends spiegelte sinnbildlich den Charakter und den Weg des Sportvereins SW Osterfeine wider. Als famili\u00e4rer Verein wurde eine Familie mit dem Ehrenamtspreis ausgezeichnet. Die <strong>Familie Macke um Vater Christof und die T\u00f6chter Pauline und Johanne<\/strong> haben durch und durch eine schwarz-wei\u00dfe DNA. Christof machte als Ski-Abteilungsleiter den Sportverein SW Osterfeine international salonf\u00e4hig. Die Mammutaufgabe circa 80 skibegeisterten OSVern eine Ski-Freizeit in \u00d6sterreich zu bieten, meistert Christof stets unglaublich motiviert und akribisch. Ein bemerkenswertes Engagement, welches zu Recht mit dem Ehrenamtspreis gew\u00fcrdigt wurde. Pauline und Johanne stehen ihrem Vater in Punkto ehrenamtliches Engagement in nichts nach. \u00dcberall wo Hilfe ben\u00f6tigt wird, ob in der Handballabteilung oder in der Ferienbetreuung, stehen Pauline und Johanne Gew\u00e4hr bei Fu\u00df. Vielen, vielen Dank f\u00fcr Euren gro\u00dfartigen Einsatz f\u00fcr SW Osterfeine, Familie Macke!!<\/p>\n<p>\u00a0<\/p>\n<p>\u00a0<\/p>\n<p><a href=\"https:\/\/sw-osterfeine.de\/wp-content\/uploads\/2023\/11\/IMG_1939.jpg\" data-rel=\"lightbox-image-1\" data-rl_title=\"\" data-rl_caption=\"\" title=\"\"><img loading=\"lazy\" decoding=\"async\" class=\"alignleft size-large wp-image-32882\" src=\"https:\/\/sw-osterfeine.de\/wp-content\/uploads\/2023\/11\/IMG_1939-702x1024.jpg\" alt=\"\" width=\"702\" height=\"1024\" srcset=\"https:\/\/sw-osterfeine.de\/wp-content\/uploads\/2023\/11\/IMG_1939-702x1024.jpg 702w, https:\/\/sw-osterfeine.de\/wp-content\/uploads\/2023\/11\/IMG_1939-206x300.jpg 206w, https:\/\/sw-osterfeine.de\/wp-content\/uploads\/2023\/11\/IMG_1939-768x1121.jpg 768w, https:\/\/sw-osterfeine.de\/wp-content\/uploads\/2023\/11\/IMG_1939-1052x1536.jpg 1052w, https:\/\/sw-osterfeine.de\/wp-content\/uploads\/2023\/11\/IMG_1939.jpg 1114w\" sizes=\"(max-width: 702px) 100vw, 702px\" \/><\/a>\u00a0 \u00a0<\/p>\n<p>\u00a0\u00a0\u00a0\u00a0\u00a0\u00a0\u00a0\u00a0\u00a0\u00a0\u00a0\u00a0\u00a0<\/p>\n<p>\u00a0<\/p>\n<p>\u00a0<\/p>\n<p>\u00a0<\/p>\n<p>\u00a0<\/p>\n<p>\u00a0<\/p>\n<p>\u00a0<\/p>\n<p>\u00a0<\/p>\n<p>\u00a0<\/p>\n<p>\u00a0<\/p>\n<p>\u00a0<\/p>\n<p>\u00a0<\/p>\n<p>\u00a0<\/p>\n<p>\u00a0<\/p>\n<p>\u00a0<\/p>\n<p>\u00a0<\/p>\n<p>\u00a0<\/p>\n<p>\u00a0<\/p>\n<p>\u00a0<\/p>\n<p>\u00a0<\/p>\n<p>\u00a0<\/p>\n<p>\u00a0<\/p>\n<p>\u00a0<\/p>\n<p>\u00a0<\/p>\n<p>\u00a0<\/p>\n<p>\u00a0<\/p>\n<p>\u00a0<\/p>\n<p>\u00a0<\/p>\n<p>\u00a0<\/p>\n<p>\u00a0<\/p>\n<p>\u00a0<\/p>\n<p>\u00a0<\/p>\n<p>\u00a0<\/p>\n<p>Ein Sportlerball ohne Kohlk\u00f6nigin bzw. Kohlk\u00f6nig, ist nat\u00fcrlich kein richtiger Sportlerball. Die Kohlk\u00f6nigsw\u00fcrde von Berthold Klatte \u00fcbernahm <strong>Andrea Kramer<\/strong>, die somit das Privileg des Er\u00f6ffnungstanzes auf ihrer Seite hatte und im kommenden Jahr die Osterfeiner Sportlerschar regieren wird.<\/p>\n<p><a href=\"https:\/\/sw-osterfeine.de\/wp-content\/uploads\/2023\/11\/IMG_1953.jpg\" data-rel=\"lightbox-image-2\" data-rl_title=\"\" data-rl_caption=\"\" title=\"\"><img loading=\"lazy\" decoding=\"async\" class=\"alignleft size-large wp-image-33313\" src=\"https:\/\/sw-osterfeine.de\/wp-content\/uploads\/2023\/11\/IMG_1953-661x1024.jpg\" alt=\"\" width=\"661\" height=\"1024\" srcset=\"https:\/\/sw-osterfeine.de\/wp-content\/uploads\/2023\/11\/IMG_1953-661x1024.jpg 661w, https:\/\/sw-osterfeine.de\/wp-content\/uploads\/2023\/11\/IMG_1953-194x300.jpg 194w, https:\/\/sw-osterfeine.de\/wp-content\/uploads\/2023\/11\/IMG_1953-768x1190.jpg 768w, https:\/\/sw-osterfeine.de\/wp-content\/uploads\/2023\/11\/IMG_1953-991x1536.jpg 991w, https:\/\/sw-osterfeine.de\/wp-content\/uploads\/2023\/11\/IMG_1953.jpg 1124w\" sizes=\"(max-width: 661px) 100vw, 661px\" \/><\/a><\/p>\n<p>\u00a0<\/p>\n<p>\u00a0<\/p>\n<p>\u00a0<\/p>\n<p>\u00a0<\/p>\n<p>\u00a0<\/p>\n<p>\u00a0<\/p>\n<p>\u00a0<\/p>\n<p>\u00a0<\/p>\n<p>\u00a0<\/p>\n<p>\u00a0<\/p>\n<p>\u00a0<\/p>\n<p>\u00a0<\/p>\n<p>\u00a0<\/p>\n<p>\u00a0<\/p>\n<p>\u00a0<\/p>\n<p>\u00a0<\/p>\n<p>\u00a0<\/p>\n<p>\u00a0<\/p>\n<p>\u00a0<\/p>\n<p>\u00a0<\/p>\n<p>\u00a0<\/p>\n<p>\u00a0<\/p>\n<p>\u00a0<\/p>\n<p>\u00a0<\/p>\n<p>\u00a0<\/p>\n<p>\u00a0<\/p>\n<p>\u00a0<\/p>\n<p>\u00a0<\/p>\n<p>\u00a0<\/p>\n<p>\u00a0<\/p>\n<p>\u00a0<\/p>\n<p>\u00a0<\/p>\n<p>\u00a0<\/p>\n<p>\u00a0<\/p>\n<p>\u00a0<\/p>\n<p>\u00a0<\/p>\n<p>\u00a0<\/p>\n<p>\u00a0<\/p>\n<p>\u00a0<\/p>\n<p>\u00a0<\/p>\n<p>Neben den Ehrungen und der Geselligkeit, ist der Sportlerball auch regelm\u00e4\u00dfig eine sch\u00f6ne Gelegenheit um sportliche Freundschaften und Wegbegleiter zu treffen und sich auszutauschen. Sinnbildlich hierf\u00fcr ist der Besuch unseres ehemaligen Trainers der 1. Herren <strong>Alket Zeqo<\/strong>, der seit seiner Trainer-T\u00e4tigkeit in Osterfeine dem Verein wohlgesonnen ist und den wir regelm\u00e4\u00dfig auf dem Sportlerball als Gast begr\u00fc\u00dfen d\u00fcrfen.<\/p>\n<p><a href=\"https:\/\/sw-osterfeine.de\/wp-content\/uploads\/2023\/11\/IMG_1920-scaled.jpg\" data-rel=\"lightbox-image-3\" data-rl_title=\"\" data-rl_caption=\"\" title=\"\"><img loading=\"lazy\" decoding=\"async\" class=\"alignleft size-large wp-image-32890\" src=\"https:\/\/sw-osterfeine.de\/wp-content\/uploads\/2023\/11\/IMG_1920-768x1024.jpg\" alt=\"\" width=\"768\" height=\"1024\" srcset=\"https:\/\/sw-osterfeine.de\/wp-content\/uploads\/2023\/11\/IMG_1920-768x1024.jpg 768w, https:\/\/sw-osterfeine.de\/wp-content\/uploads\/2023\/11\/IMG_1920-225x300.jpg 225w, https:\/\/sw-osterfeine.de\/wp-content\/uploads\/2023\/11\/IMG_1920-1152x1536.jpg 1152w, https:\/\/sw-osterfeine.de\/wp-content\/uploads\/2023\/11\/IMG_1920-1536x2048.jpg 1536w, https:\/\/sw-osterfeine.de\/wp-content\/uploads\/2023\/11\/IMG_1920-scaled.jpg 1920w\" sizes=\"(max-width: 768px) 100vw, 768px\" \/><\/a><\/p>\n<p>\u00a0<\/p>\n<p>\u00a0<\/p>\n<p>\u00a0<\/p>\n<p>\u00a0<\/p>\n<p>\u00a0<\/p>\n<p>\u00a0<\/p>\n<p>\u00a0<\/p>\n<p>\u00a0<\/p>\n<p>\u00a0<\/p>\n<p>\u00a0<\/p>\n<p>\u00a0<\/p>\n<p>\u00a0<\/p>\n<p>\u00a0<\/p>\n<p>\u00a0<\/p>\n<p>\u00a0<\/p>\n<p>\u00a0<\/p>\n<p>\u00a0<\/p>\n<p>\u00a0<\/p>\n<p>\u00a0<\/p>\n<p>\u00a0<\/p>\n<p>\u00a0<\/p>\n<p>\u00a0<\/p>\n<p>\u00a0<\/p>\n<p>\u00a0<\/p>\n<p>\u00a0<\/p>\n<p>\u00a0<\/p>\n<p>\u00a0<\/p>\n<p>\u00a0<\/p>\n<p>\u00a0<\/p>\n<p>\u00a0<\/p>\n<p>\u00a0<\/p>\n<p>\u00a0<\/p>\n<p>Nach dem Gr\u00fcnkohl-Essen, welches wieder einmal hervorragend von unserem langj\u00e4hrigen Partner Fangmann Event abgewickelt wurde, durften die G\u00e4ste eine Show-Einlage von <strong>Ballk\u00fcnstler Michael Magic<\/strong> bestaunen.<\/p>\n<p><a href=\"https:\/\/sw-osterfeine.de\/wp-content\/uploads\/2023\/11\/IMG_1944.jpg\" data-rel=\"lightbox-image-4\" data-rl_title=\"\" data-rl_caption=\"\" title=\"\"><img loading=\"lazy\" decoding=\"async\" class=\"alignleft size-large wp-image-32894\" src=\"https:\/\/sw-osterfeine.de\/wp-content\/uploads\/2023\/11\/IMG_1944-871x1024.jpg\" alt=\"\" width=\"871\" height=\"1024\" srcset=\"https:\/\/sw-osterfeine.de\/wp-content\/uploads\/2023\/11\/IMG_1944-871x1024.jpg 871w, https:\/\/sw-osterfeine.de\/wp-content\/uploads\/2023\/11\/IMG_1944-255x300.jpg 255w, https:\/\/sw-osterfeine.de\/wp-content\/uploads\/2023\/11\/IMG_1944-768x902.jpg 768w, https:\/\/sw-osterfeine.de\/wp-content\/uploads\/2023\/11\/IMG_1944.jpg 1125w\" sizes=\"(max-width: 871px) 100vw, 871px\" \/><\/a><\/p>\n<p>\u00a0<\/p>\n<p>\u00a0<\/p>\n<p>\u00a0<\/p>\n<p>\u00a0<\/p>\n<p>\u00a0<\/p>\n<p>\u00a0<\/p>\n<p>\u00a0<\/p>\n<p>\u00a0<\/p>\n<p>\u00a0<\/p>\n<p>\u00a0<\/p>\n<p>\u00a0<\/p>\n<p>\u00a0<\/p>\n<p>\u00a0<\/p>\n<p>\u00a0<\/p>\n<p>\u00a0<\/p>\n<p>\u00a0<\/p>\n<p>\u00a0<\/p>\n<p>\u00a0<\/p>\n<p>\u00a0<\/p>\n<p>\u00a0<\/p>\n<p>\u00a0<\/p>\n<p>\u00a0<\/p>\n<p>\u00a0<\/p>\n<p>\u00a0<\/p>\n<p>\u00a0<\/p>\n<p>\u00a0<\/p>\n<p>\u00a0<\/p>\n<p>Die mit Spannung erwarteten Sportler-Ehrungen wurden gewohnt in geb\u00fchrender Laudatio vom 1. Vorsitzenden Bubble verk\u00fcndet.\u00a0 Als Sportlerin des Jahres wurde Handball-Allrounderin <strong>Theresa &#8222;Tessy&#8220; Gravemeyer<\/strong> ausgezeichnet. <strong>Max-Josef &#8222;J\u00fcppi&#8220; St\u00e4rk<\/strong> \u00fcberzeugte als junger Senkrechtstarter der 1. Herren und darf sich nun &#8222;Sportler des Jahres 2023&#8220; nennen. Mannschaft des Jahres wurde die <strong>Alte Herren Mannschaft<\/strong>, die aktueller Fu\u00dfball Kreismeister ist und seit 1,5 Jahren ungeschlagen ist. Nicht einmal die Traditionsmannschaft von Werder Bremen konnte unserer Alte-Herren-Mannschaft eine Niederlage beibringen.<\/p>\n<p><strong>Herzliche Gl\u00fcckw\u00fcnsche an dieser Stelle nochmal f\u00fcr die mehr als verdienten Auszeichnungen!!<\/strong><\/p>\n<p><a href=\"https:\/\/sw-osterfeine.de\/wp-content\/uploads\/2023\/11\/IMG_1941.jpg\" data-rel=\"lightbox-image-5\" data-rl_title=\"\" data-rl_caption=\"\" title=\"\"><img loading=\"lazy\" decoding=\"async\" class=\"alignleft size-large wp-image-32895\" src=\"https:\/\/sw-osterfeine.de\/wp-content\/uploads\/2023\/11\/IMG_1941-711x1024.jpg\" alt=\"\" width=\"711\" height=\"1024\" srcset=\"https:\/\/sw-osterfeine.de\/wp-content\/uploads\/2023\/11\/IMG_1941-711x1024.jpg 711w, https:\/\/sw-osterfeine.de\/wp-content\/uploads\/2023\/11\/IMG_1941-208x300.jpg 208w, https:\/\/sw-osterfeine.de\/wp-content\/uploads\/2023\/11\/IMG_1941-768x1105.jpg 768w, https:\/\/sw-osterfeine.de\/wp-content\/uploads\/2023\/11\/IMG_1941-1067x1536.jpg 1067w, https:\/\/sw-osterfeine.de\/wp-content\/uploads\/2023\/11\/IMG_1941.jpg 1113w\" sizes=\"(max-width: 711px) 100vw, 711px\" \/><\/a><\/p>\n<p>\u00a0<\/p>\n<p>\u00a0<\/p>\n<p>\u00a0<\/p>\n<p>\u00a0<\/p>\n<p>\u00a0<\/p>\n<p>\u00a0<\/p>\n<p>\u00a0<\/p>\n<p>\u00a0<\/p>\n<p>\u00a0<\/p>\n<p>\u00a0<\/p>\n<p>\u00a0<\/p>\n<p>\u00a0<\/p>\n<p>\u00a0<\/p>\n<p>\u00a0<\/p>\n<p>\u00a0<\/p>\n<p>\u00a0<\/p>\n<p>\u00a0<\/p>\n<p>\u00a0<\/p>\n<p>\u00a0<\/p>\n<p>\u00a0<\/p>\n<p>\u00a0<\/p>\n<p>\u00a0<\/p>\n<p>\u00a0<\/p>\n<p>\u00a0<\/p>\n<p>\u00a0<\/p>\n<p>\u00a0<\/p>\n<p><a href=\"https:\/\/sw-osterfeine.de\/wp-content\/uploads\/2023\/11\/IMG_1945.jpg\" data-rel=\"lightbox-image-6\" data-rl_title=\"\" data-rl_caption=\"\" title=\"\"><img loading=\"lazy\" decoding=\"async\" class=\"alignleft size-large wp-image-32896\" src=\"https:\/\/sw-osterfeine.de\/wp-content\/uploads\/2023\/11\/IMG_1945-1024x781.jpg\" alt=\"\" width=\"1024\" height=\"781\" srcset=\"https:\/\/sw-osterfeine.de\/wp-content\/uploads\/2023\/11\/IMG_1945-1024x781.jpg 1024w, https:\/\/sw-osterfeine.de\/wp-content\/uploads\/2023\/11\/IMG_1945-300x229.jpg 300w, https:\/\/sw-osterfeine.de\/wp-content\/uploads\/2023\/11\/IMG_1945-768x586.jpg 768w, https:\/\/sw-osterfeine.de\/wp-content\/uploads\/2023\/11\/IMG_1945.jpg 1101w\" sizes=\"(max-width: 1024px) 100vw, 1024px\" \/><\/a><\/p>\n<p>\u00a0<\/p>\n<p>\u00a0<\/p>\n<p>\u00a0<\/p>\n<p>\u00a0<\/p>\n<p>\u00a0<\/p>\n<p>\u00a0<\/p>\n<p>\u00a0<\/p>\n<p>\u00a0<\/p>\n<p>\u00a0<\/p>\n<p>\u00a0<\/p>\n<p>\u00a0<\/p>\n<p>\u00a0<\/p>\n<p>\u00a0<\/p>\n<p>\u00a0<\/p>\n<p>\u00a0<\/p>\n<p>\u00a0<\/p>\n<p>\u00a0<\/p>\n<p>\u00a0<\/p>\n<p>\u00a0<\/p>\n<p>\u00a0<\/p>\n<p>\u00a0<\/p>\n<p>\u00a0<\/p>\n<p>\u00a0<\/p>\n<p>\u00a0<\/p>\n<p>\u00a0<\/p>\n<p>Neben den Ehrungen ist die Tombola stets ein Highlight des Sportlerballs. Auch in diesem Jahr konnte der Sportverein auf die Unterst\u00fctzung von vielen Sponsoren bauen und konnte somit hochwertige Gewinne pr\u00e4sentieren. <strong>Vielen Dank an alle Unterst\u00fctzer, die es m\u00f6glich machten, dass es einige gl\u00fcckliche Gewinner geben konnte!<\/strong><\/p>\n<p>\u00a0<\/p>\n<p><a href=\"https:\/\/sw-osterfeine.de\/wp-content\/uploads\/2023\/11\/IMG_1916-scaled.jpg\" data-rel=\"lightbox-image-7\" data-rl_title=\"\" data-rl_caption=\"\" title=\"\"><img loading=\"lazy\" decoding=\"async\" class=\"alignleft size-large wp-image-32899\" src=\"https:\/\/sw-osterfeine.de\/wp-content\/uploads\/2023\/11\/IMG_1916-1024x768.jpg\" alt=\"\" width=\"1024\" height=\"768\" srcset=\"https:\/\/sw-osterfeine.de\/wp-content\/uploads\/2023\/11\/IMG_1916-1024x768.jpg 1024w, https:\/\/sw-osterfeine.de\/wp-content\/uploads\/2023\/11\/IMG_1916-300x225.jpg 300w, https:\/\/sw-osterfeine.de\/wp-content\/uploads\/2023\/11\/IMG_1916-768x576.jpg 768w, https:\/\/sw-osterfeine.de\/wp-content\/uploads\/2023\/11\/IMG_1916-1536x1152.jpg 1536w, https:\/\/sw-osterfeine.de\/wp-content\/uploads\/2023\/11\/IMG_1916-2048x1536.jpg 2048w\" sizes=\"(max-width: 1024px) 100vw, 1024px\" \/><\/a><\/p>\n<p>\u00a0<\/p>\n<p>\u00a0<\/p>\n<p>\u00a0<\/p>\n<p>\u00a0<\/p>\n<p>\u00a0<\/p>\n<p>\u00a0<\/p>\n<p>\u00a0<\/p>\n<p>\u00a0<\/p>\n<p>\u00a0<\/p>\n<p>\u00a0<\/p>\n<p>\u00a0<\/p>\n<p>\u00a0<\/p>\n<p>\u00a0<\/p>\n<p>\u00a0<\/p>\n<p>\u00a0<\/p>\n<p>\u00a0<\/p>\n<p>\u00a0<\/p>\n<p>\u00a0<\/p>\n<p>\u00a0<\/p>\n<p>Die ersten 10 Tombola-Preise konnten sich folgende G\u00e4ste durch ihr Losgl\u00fcck sichern:<\/p>\n<p>\u00a0<\/p>\n<p>Erster Preis (Reise f\u00fcr 2 Personen nach Prag) = Anna-Lisa Zumwalde<\/p>\n<p>Zweiter Preis (2 Sonnenliegen) = Uschi Hillmann und Maria Piening<\/p>\n<p>Dritter Preis (Fahrrad) = Johanna Westendorf<\/p>\n<p>Vierter Preis (VIP-Karten Bremen : Dortmund) = Lukas Harpenau<\/p>\n<p>F\u00fcnfter Preis (Balkon-PV-Anlage) = Bernd Grambke<\/p>\n<p>Sechster Preis (Klimager\u00e4t) = Kim Bavendiek<\/p>\n<p>Siebter Preis (Einkaufsgutschein Expert Schaper) = Uschi Hillmann<\/p>\n<p>Achter Preis (HGV-Gutscheine) = Britta B\u00f6ckmann<\/p>\n<p>Neunter Preis (Ballon-Fahrt) = David Selke<\/p>\n<p>Zehnter Preis (Fernseher) = Harry Nordmann<\/p>\n<p>\u00a0<\/p>\n<p>Das Mannschaftlos (Planwagen-Tour + 50l-Freibier) gewann die <strong>neue Ballsport-Gruppe unter Regie von Kerstin L\u00fcbbehusen<\/strong>.<\/p>\n<p>\u00a0<\/p>\n<p><strong>Bis sp\u00e4t in die Nacht wurde ein toller Sportlerball 2023 gefeiert und es bleibt noch ein DANKESCH\u00d6N an alle auszusprechen, die diesen Abend m\u00f6glich gemacht haben !!! \u00a0<\/strong><\/p>\n<p>\u00a0<\/p>\n<p><a href=\"https:\/\/sw-osterfeine.de\/wp-content\/uploads\/2023\/11\/IMG_1930-scaled.jpg\" data-rel=\"lightbox-image-8\" data-rl_title=\"\" data-rl_caption=\"\" title=\"\"><img loading=\"lazy\" decoding=\"async\" class=\"alignleft size-large wp-image-32900\" src=\"https:\/\/sw-osterfeine.de\/wp-content\/uploads\/2023\/11\/IMG_1930-1024x768.jpg\" alt=\"\" width=\"1024\" height=\"768\" srcset=\"https:\/\/sw-osterfeine.de\/wp-content\/uploads\/2023\/11\/IMG_1930-1024x768.jpg 1024w, https:\/\/sw-osterfeine.de\/wp-content\/uploads\/2023\/11\/IMG_1930-300x225.jpg 300w, https:\/\/sw-osterfeine.de\/wp-content\/uploads\/2023\/11\/IMG_1930-768x576.jpg 768w, https:\/\/sw-osterfeine.de\/wp-content\/uploads\/2023\/11\/IMG_1930-1536x1152.jpg 1536w, https:\/\/sw-osterfeine.de\/wp-content\/uploads\/2023\/11\/IMG_1930-2048x1536.jpg 2048w\" sizes=\"(max-width: 1024px) 100vw, 1024px\" \/><\/a><\/p>\n<p>\u00a0<\/p>\n<p>\u00a0<\/p>\n<p>\u00a0<\/p>\n<p>\u00a0<\/p>\n<p>\u00a0<\/p>\n<p>\u00a0<\/p>\n<p>\u00a0<\/p>\n<p>\u00a0<\/p>\n<p>\u00a0<\/p>\n<p>\u00a0<\/p>\n<p>\u00a0<\/p>\n<p>\u00a0<\/p>\n<p>\u00a0<\/p>\n<p>\u00a0<\/p>\n<p><a href=\"https:\/\/sw-osterfeine.de\/wp-content\/uploads\/2023\/11\/IMG_1947.jpg\" data-rel=\"lightbox-image-9\" data-rl_title=\"\" data-rl_caption=\"\" title=\"\"><img loading=\"lazy\" decoding=\"async\" class=\"alignleft size-large wp-image-32901\" src=\"https:\/\/sw-osterfeine.de\/wp-content\/uploads\/2023\/11\/IMG_1947-1024x767.jpg\" alt=\"\" width=\"1024\" height=\"767\" srcset=\"https:\/\/sw-osterfeine.de\/wp-content\/uploads\/2023\/11\/IMG_1947-1024x767.jpg 1024w, https:\/\/sw-osterfeine.de\/wp-content\/uploads\/2023\/11\/IMG_1947-300x225.jpg 300w, https:\/\/sw-osterfeine.de\/wp-content\/uploads\/2023\/11\/IMG_1947-768x575.jpg 768w, https:\/\/sw-osterfeine.de\/wp-content\/uploads\/2023\/11\/IMG_1947.jpg 1125w\" sizes=\"(max-width: 1024px) 100vw, 1024px\" \/><\/a><\/p>\n<p>\u00a0<\/p>\n<p>\u00a0<\/p>\n<p>\u00a0<\/p>\n<p>\u00a0<\/p>\n<p>\u00a0<\/p>\n<p>\u00a0<\/p>\n<p>\u00a0<\/p>\n<p>\u00a0<\/p>\n<p>\u00a0<\/p>\n<p>\u00a0<\/p>\n<p>\u00a0<\/p>\n<p>\u00a0<\/p>\n<p>\u00a0<\/p>\n<p>\u00a0<\/p>\n<p><a href=\"https:\/\/sw-osterfeine.de\/wp-content\/uploads\/2023\/11\/IMG_1919-scaled.jpg\" data-rel=\"lightbox-image-10\" data-rl_title=\"\" data-rl_caption=\"\" title=\"\"><img loading=\"lazy\" decoding=\"async\" class=\"alignleft size-large wp-image-32902\" src=\"https:\/\/sw-osterfeine.de\/wp-content\/uploads\/2023\/11\/IMG_1919-768x1024.jpg\" alt=\"\" width=\"768\" height=\"1024\" srcset=\"https:\/\/sw-osterfeine.de\/wp-content\/uploads\/2023\/11\/IMG_1919-768x1024.jpg 768w, https:\/\/sw-osterfeine.de\/wp-content\/uploads\/2023\/11\/IMG_1919-225x300.jpg 225w, https:\/\/sw-osterfeine.de\/wp-content\/uploads\/2023\/11\/IMG_1919-1152x1536.jpg 1152w, https:\/\/sw-osterfeine.de\/wp-content\/uploads\/2023\/11\/IMG_1919-1536x2048.jpg 1536w, https:\/\/sw-osterfeine.de\/wp-content\/uploads\/2023\/11\/IMG_1919-scaled.jpg 1920w\" sizes=\"(max-width: 768px) 100vw, 768px\" \/><\/a><\/p>\n<p>\u00a0<\/p>\n<p>\u00a0<\/p>\n<p>\u00a0<\/p>\n<p>\u00a0<\/p>\n<p>\u00a0<\/p>\n<p>\u00a0<\/p>\n<p>\u00a0<\/p>\n<p>\u00a0<\/p>\n<p>\u00a0<\/p>\n<p>\u00a0<\/p>\n<p>\u00a0<\/p>\n<p>\u00a0<\/p>\n<p>\u00a0<\/p>\n<p>\u00a0<\/p>\n<p>\u00a0<\/p>\n<p>\u00a0<\/p>\n<p>\u00a0<\/p>\n<p>\u00a0<\/p>\n<p>\u00a0<\/p>\n<p>\u00a0<\/p>\n<p>\u00a0<\/p>\n<p>\u00a0<\/p>\n<p>\u00a0<\/p>\n<p>\u00a0<\/p>\n<p>\u00a0<\/p>\n<p>\u00a0<\/p>\n<p>\u00a0<\/p>\n<p>\u00a0<\/p>\n<p>\u00a0<\/p>\n<p>\u00a0<\/p>\n<p>\u00a0<\/p>\n<p>\u00a0<\/p>\n<p>\u00a0 \u00a0<\/p>\n\n\n","protected":false},"excerpt":{"rendered":"<p>Traditionell am ersten Wochenende im November feiert unser Sportverein seinen Sportlerball mit Gr\u00fcnkohlessen in der Sporthalle. F\u00fcr viele OSV-Mitglieder und -Sportler ist der Sportlerball ein absolutes Highlight im Jahreskalender. Gestern um 19:39 Uhr hatte das Hinfiebern auf den diesj\u00e4hrigen Sportlerball ein Ende, in dem der 1. Vorsitzende Bernard &#8222;Bubble&#8220; Piening die Er\u00f6ffnungsworte vor 650 erwartunsgfrohen [&hellip;]<\/p>\n","protected":false},"author":3,"featured_media":0,"comment_status":"closed","ping_status":"closed","sticky":false,"template":"","format":"standard","meta":{"footnotes":""},"categories":[3],"tags":[],"_links":{"self":[{"href":"https:\/\/sw-osterfeine.de\/index.php?rest_route=\/wp\/v2\/posts\/32880"}],"collection":[{"href":"https:\/\/sw-osterfeine.de\/index.php?rest_route=\/wp\/v2\/posts"}],"about":[{"href":"https:\/\/sw-osterfeine.de\/index.php?rest_route=\/wp\/v2\/types\/post"}],"author":[{"embeddable":true,"href":"https:\/\/sw-osterfeine.de\/index.php?rest_route=\/wp\/v2\/users\/3"}],"replies":[{"embeddable":true,"href":"https:\/\/sw-osterfeine.de\/index.php?rest_route=%2Fwp%2Fv2%2Fcomments&post=32880"}],"version-history":[{"count":19,"href":"https:\/\/sw-osterfeine.de\/index.php?rest_route=\/wp\/v2\/posts\/32880\/revisions"}],"predecessor-version":[{"id":33316,"href":"https:\/\/sw-osterfeine.de\/index.php?rest_route=\/wp\/v2\/posts\/32880\/revisions\/33316"}],"wp:attachment":[{"href":"https:\/\/sw-osterfeine.de\/index.php?rest_route=%2Fwp%2Fv2%2Fmedia&parent=32880"}],"wp:term":[{"taxonomy":"category","embeddable":true,"href":"https:\/\/sw-osterfeine.de\/index.php?rest_route=%2Fwp%2Fv2%2Fcategories&post=32880"},{"taxonomy":"post_tag","embeddable":true,"href":"https:\/\/sw-osterfeine.de\/index.php?rest_route=%2Fwp%2Fv2%2Ftags&post=32880"}],"curies":[{"name":"wp","href":"https:\/\/api.w.org\/{rel}","templated":true}]}}