{"id":32910,"date":"2023-11-06T13:23:54","date_gmt":"2023-11-06T12:23:54","guid":{"rendered":"https:\/\/sw-osterfeine.de\/?p=32910"},"modified":"2023-11-06T13:23:54","modified_gmt":"2023-11-06T12:23:54","slug":"1-damen-03-11-2-punkte-liegen-gelassen","status":"publish","type":"post","link":"https:\/\/sw-osterfeine.de\/?p=32910","title":{"rendered":"1. Damen 03.11. &#8211; 2 Punkte liegen gelassen"},"content":{"rendered":"\n<p>Nach l\u00e4ngerer Spielpause hie\u00df es am Freitag: Ausw\u00e4rtsspiel gegen die Damen von TV 01 Bohmte. Wir erwarteten einen Gegner auf Augenh\u00f6he und wussten, dass viele W\u00fcrfe aus dem R\u00fcckraum auf uns zu kommen. Doch leider kamen wir \u00fcberhaupt nicht gut ins Spiel und verschliefen die gesamte erste Halbzeit. Unsere Abwehr stand sehr passiv, wir stellten kaum einen Block und bekamen \u00fcberhaupt keinen Zugriff, sodass Bohmte einfache Tore erzielen konnte. Auch im 1:1 war unsere Abwehr nicht konsequent genug, weshalb unsere Gegner machen konnte, was sie wollten.<\/p>\n<p>Bei uns hat leider im Angriff nicht viel geklappt. Wir spielten nicht zusammen und nahmen uns un\u00fcberlegte Torw\u00fcrfe. Au\u00dferdem fiel es uns schwer, klare Torchancen zielsicher ins Tor zu bringen. Somit stand es zur Halbzeit schon 18:12 f\u00fcr Bohmte.<\/p>\n<p>Nach der Halbzeitpause gelang es uns zwar, unsere Fehler zu verringern, jedoch konnten wir den Torr\u00fcckstand nicht wieder aufholen. Besonders die Spielerin mit der R\u00fcckennummer 13 (Frederike Krambeer) hat es uns das ganze Spiel \u00fcber schwer gemacht, Gegentore zu verhindern. Durch vielf\u00e4ltige und zielsichere W\u00fcrfe gelang es ihr 14 Tore zu erzielen. Am Ende hie\u00df es 32:25 Sieg f\u00fcr Bohmte.<\/p>\n<p>Gebrauchter Tag hin oder her &#8211; wir lassen uns die Vorfreude f\u00fcr den Sportlerball nicht nehmen.<\/p>\n<p>Denn Samstag durften wir ordentlich feiern.<\/p>\n<p>Unsere Nummer 15 <strong>Thessy Gravemeyer<\/strong> ist Sportlerin des Jahres geworden. Herzlichen Gl\u00fcckwunsch nochmal f\u00fcr deine sensationelle Leistung! \ud83e\udd73\ud83d\udda4\ud83e\udd0d<\/p>\n<p>Unser n\u00e4chstes Spiel bestreiten wir am Sonntag, den 12.11 um 17:00 Uhr in Osterfeine! Wir empfangen die M\u00e4dels M\u00fchlen! It\u2019s Derby-Time! Wir freuen uns auf Eure Unterst\u00fctzung!<\/p>\n<p>Bis dahin,<\/p>\n<p>Eure 1. Damen<\/p>\n<p>Tore: Julia (10\/7), Mareen, Hannah, Louisa (je 3), Thessy (2), Lena, Hanna, Charly und Anna (je 1)<\/p>\n<p>\u00a0<\/p>\n<p>\u00a0<\/p>\n","protected":false},"excerpt":{"rendered":"<p>Nach l\u00e4ngerer Spielpause hie\u00df es am Freitag: Ausw\u00e4rtsspiel gegen die Damen von TV 01 Bohmte. Wir erwarteten einen Gegner auf Augenh\u00f6he und wussten, dass viele W\u00fcrfe aus dem R\u00fcckraum auf uns zu kommen. Doch leider kamen wir \u00fcberhaupt nicht gut ins Spiel und verschliefen die gesamte erste Halbzeit. Unsere Abwehr stand sehr passiv, wir stellten [&hellip;]<\/p>\n","protected":false},"author":3,"featured_media":0,"comment_status":"closed","ping_status":"closed","sticky":false,"template":"","format":"standard","meta":{"footnotes":""},"categories":[1],"tags":[],"_links":{"self":[{"href":"https:\/\/sw-osterfeine.de\/index.php?rest_route=\/wp\/v2\/posts\/32910"}],"collection":[{"href":"https:\/\/sw-osterfeine.de\/index.php?rest_route=\/wp\/v2\/posts"}],"about":[{"href":"https:\/\/sw-osterfeine.de\/index.php?rest_route=\/wp\/v2\/types\/post"}],"author":[{"embeddable":true,"href":"https:\/\/sw-osterfeine.de\/index.php?rest_route=\/wp\/v2\/users\/3"}],"replies":[{"embeddable":true,"href":"https:\/\/sw-osterfeine.de\/index.php?rest_route=%2Fwp%2Fv2%2Fcomments&post=32910"}],"version-history":[{"count":1,"href":"https:\/\/sw-osterfeine.de\/index.php?rest_route=\/wp\/v2\/posts\/32910\/revisions"}],"predecessor-version":[{"id":32911,"href":"https:\/\/sw-osterfeine.de\/index.php?rest_route=\/wp\/v2\/posts\/32910\/revisions\/32911"}],"wp:attachment":[{"href":"https:\/\/sw-osterfeine.de\/index.php?rest_route=%2Fwp%2Fv2%2Fmedia&parent=32910"}],"wp:term":[{"taxonomy":"category","embeddable":true,"href":"https:\/\/sw-osterfeine.de\/index.php?rest_route=%2Fwp%2Fv2%2Fcategories&post=32910"},{"taxonomy":"post_tag","embeddable":true,"href":"https:\/\/sw-osterfeine.de\/index.php?rest_route=%2Fwp%2Fv2%2Ftags&post=32910"}],"curies":[{"name":"wp","href":"https:\/\/api.w.org\/{rel}","templated":true}]}}