{"id":33321,"date":"2023-11-10T17:06:41","date_gmt":"2023-11-10T16:06:41","guid":{"rendered":"https:\/\/sw-osterfeine.de\/?p=33321"},"modified":"2023-11-10T17:10:00","modified_gmt":"2023-11-10T16:10:00","slug":"aenderung-abfahrtzeit-fan-bus-zum-spiel-in-emstekerfeld","status":"publish","type":"post","link":"https:\/\/sw-osterfeine.de\/?p=33321","title":{"rendered":"\u00c4nderung Abfahrtzeit Fan Bus zum Spiel in Emstekerfeld"},"content":{"rendered":"\n<p>Die Ansto\u00dfzeit f\u00fcr das Spiel TuS Emstekerfeld vs. SWO hat sich ge\u00e4ndert auf 15 Uhr. Daher ist die neue Abfahrtzeit am Sonntag f\u00fcr den Fan Bus um <strong>13:40 Uhr<\/strong> an der Sporthalle.<\/p>\n<p>\u00a0<\/p>\n\n\n","protected":false},"excerpt":{"rendered":"<p>Die Ansto\u00dfzeit f\u00fcr das Spiel TuS Emstekerfeld vs. SWO hat sich ge\u00e4ndert auf 15 Uhr. Daher ist die neue Abfahrtzeit am Sonntag f\u00fcr den Fan Bus um 13:40 Uhr an der Sporthalle. \u00a0<\/p>\n","protected":false},"author":3,"featured_media":0,"comment_status":"closed","ping_status":"closed","sticky":false,"template":"","format":"standard","meta":{"footnotes":""},"categories":[3],"tags":[],"_links":{"self":[{"href":"https:\/\/sw-osterfeine.de\/index.php?rest_route=\/wp\/v2\/posts\/33321"}],"collection":[{"href":"https:\/\/sw-osterfeine.de\/index.php?rest_route=\/wp\/v2\/posts"}],"about":[{"href":"https:\/\/sw-osterfeine.de\/index.php?rest_route=\/wp\/v2\/types\/post"}],"author":[{"embeddable":true,"href":"https:\/\/sw-osterfeine.de\/index.php?rest_route=\/wp\/v2\/users\/3"}],"replies":[{"embeddable":true,"href":"https:\/\/sw-osterfeine.de\/index.php?rest_route=%2Fwp%2Fv2%2Fcomments&post=33321"}],"version-history":[{"count":2,"href":"https:\/\/sw-osterfeine.de\/index.php?rest_route=\/wp\/v2\/posts\/33321\/revisions"}],"predecessor-version":[{"id":33323,"href":"https:\/\/sw-osterfeine.de\/index.php?rest_route=\/wp\/v2\/posts\/33321\/revisions\/33323"}],"wp:attachment":[{"href":"https:\/\/sw-osterfeine.de\/index.php?rest_route=%2Fwp%2Fv2%2Fmedia&parent=33321"}],"wp:term":[{"taxonomy":"category","embeddable":true,"href":"https:\/\/sw-osterfeine.de\/index.php?rest_route=%2Fwp%2Fv2%2Fcategories&post=33321"},{"taxonomy":"post_tag","embeddable":true,"href":"https:\/\/sw-osterfeine.de\/index.php?rest_route=%2Fwp%2Fv2%2Ftags&post=33321"}],"curies":[{"name":"wp","href":"https:\/\/api.w.org\/{rel}","templated":true}]}}