{"id":33335,"date":"2023-11-17T14:48:30","date_gmt":"2023-11-17T13:48:30","guid":{"rendered":"https:\/\/sw-osterfeine.de\/?p=33335"},"modified":"2023-11-17T14:48:52","modified_gmt":"2023-11-17T13:48:52","slug":"derbysieger-derbysieger-hey-hey","status":"publish","type":"post","link":"https:\/\/sw-osterfeine.de\/?p=33335","title":{"rendered":"Derbysieger, Derbysieger, Hey Hey!"},"content":{"rendered":"\n<p>Am sp\u00e4ten Sonntagnachmittag empfingen wir die M\u00e4dels vom GW M\u00fchlen zum Derby. Trotz der aktuellen Tabellensituation sahen wir GW M\u00fchlen als den Favoriten dieser Partie. Zudem kamen noch die Ausf\u00e4lle von Thessy und Antonia hinzu. Wir bekamen aber Unterst\u00fctzung von Steffi, die letzte Saison ihre Handballschuhe eigentlich an den Nagel geh\u00e4ngt hat. Vielen Dank f\u00fcr deine Unterst\u00fctzung!<\/p>\n<p>Vor dem Spiel machte Anka die Ansage, dass wir so lange wie m\u00f6glich dagegen halten und von Anfang an hellwach und mit Vollgas spielen sollen. Das Spiel startete ziemlich ausgeglichen, sodass sich keine der beiden Mannschaften absetzen konnte. Zur Halbzeit stand es 15:15.<\/p>\n<p>In der Pause wurde deutlich gemacht, dass die Abwehr genauso weitermachen muss und wir weiterhin zusammenhalten und verschieben sollen.<\/p>\n<p>Auch die zweite Halbzeit gestaltete sich auf Augenh\u00f6he, ehe sich M\u00fchlen in der 37. Minute mit zwei Toren absetzen konnte (17:19). Wir wollten uns aber nicht so einfach geschlagen geben und k\u00e4mpften uns durch einen starken Kampfgeist und einer geschlossenen Mannschaftsleistung zur\u00fcck und konnten in der 46. Minute in mit einem Tor in F\u00fchrung gehen (23:22). Diese F\u00fchrung gaben wir nicht mehr aus der Hand und bauten den Vorsprung Tor f\u00fcr Tor weiter aus. Dank einer k\u00e4mpferischen Abwehr und einer sehr gut aufgelegten Franzi im Tor, gelang es M\u00fchlen in der letzten viertel Stunde nur noch ein Tor zu werfen. Franzi machte ein b\u00e4renstarkes Spiel und gl\u00e4nzte mit insgesamt 30 Paraden!<\/p>\n<p>Wir gewinnen das Spiel 28:23.<\/p>\n<p>Jetzt haben wir zwei Wochen spielfrei, ehe es am 02.12.23 um 18:30 Uhr gegen die Damen vom TV Dinklage weitergeht.<\/p>\n<p>Wir freuen uns auf Eure Unterst\u00fctzung!<\/p>\n<p>Bis dahin,<\/p>\n<p>Eure 1. Damen<\/p>\n<p>Tore: Lulu (6), Hannah (5\/2), Julia, Lena, Mareen, Charly und Anna (je 3), Hanna (2)<\/p>\n<p>\u00a0<\/p>\n","protected":false},"excerpt":{"rendered":"<p>Am sp\u00e4ten Sonntagnachmittag empfingen wir die M\u00e4dels vom GW M\u00fchlen zum Derby. Trotz der aktuellen Tabellensituation sahen wir GW M\u00fchlen als den Favoriten dieser Partie. Zudem kamen noch die Ausf\u00e4lle von Thessy und Antonia hinzu. Wir bekamen aber Unterst\u00fctzung von Steffi, die letzte Saison ihre Handballschuhe eigentlich an den Nagel geh\u00e4ngt hat. Vielen Dank f\u00fcr [&hellip;]<\/p>\n","protected":false},"author":3,"featured_media":0,"comment_status":"closed","ping_status":"closed","sticky":false,"template":"","format":"standard","meta":{"footnotes":""},"categories":[1],"tags":[],"_links":{"self":[{"href":"https:\/\/sw-osterfeine.de\/index.php?rest_route=\/wp\/v2\/posts\/33335"}],"collection":[{"href":"https:\/\/sw-osterfeine.de\/index.php?rest_route=\/wp\/v2\/posts"}],"about":[{"href":"https:\/\/sw-osterfeine.de\/index.php?rest_route=\/wp\/v2\/types\/post"}],"author":[{"embeddable":true,"href":"https:\/\/sw-osterfeine.de\/index.php?rest_route=\/wp\/v2\/users\/3"}],"replies":[{"embeddable":true,"href":"https:\/\/sw-osterfeine.de\/index.php?rest_route=%2Fwp%2Fv2%2Fcomments&post=33335"}],"version-history":[{"count":2,"href":"https:\/\/sw-osterfeine.de\/index.php?rest_route=\/wp\/v2\/posts\/33335\/revisions"}],"predecessor-version":[{"id":33337,"href":"https:\/\/sw-osterfeine.de\/index.php?rest_route=\/wp\/v2\/posts\/33335\/revisions\/33337"}],"wp:attachment":[{"href":"https:\/\/sw-osterfeine.de\/index.php?rest_route=%2Fwp%2Fv2%2Fmedia&parent=33335"}],"wp:term":[{"taxonomy":"category","embeddable":true,"href":"https:\/\/sw-osterfeine.de\/index.php?rest_route=%2Fwp%2Fv2%2Fcategories&post=33335"},{"taxonomy":"post_tag","embeddable":true,"href":"https:\/\/sw-osterfeine.de\/index.php?rest_route=%2Fwp%2Fv2%2Ftags&post=33335"}],"curies":[{"name":"wp","href":"https:\/\/api.w.org\/{rel}","templated":true}]}}