{"id":33385,"date":"2023-12-03T18:03:23","date_gmt":"2023-12-03T17:03:23","guid":{"rendered":"https:\/\/sw-osterfeine.de\/?p=33385"},"modified":"2023-12-04T13:54:33","modified_gmt":"2023-12-04T12:54:33","slug":"osv-erhaelt-verstaerkung-in-der-organisation","status":"publish","type":"post","link":"https:\/\/sw-osterfeine.de\/?p=33385","title":{"rendered":"OSV erh\u00e4lt Verst\u00e4rkung in der Organisation!"},"content":{"rendered":"\n\n\n<p>Ab Mitte Dezember erh\u00e4lt der Sportverein Schwarz-Wei\u00df Osterfeine tatkr\u00e4ftige Hilfe bei der Wahrnehmung seiner zahlreichen Aufgaben in der Sportorganisation.<\/p>\n<p><strong>Ann-Christin Klanke<\/strong> \u00fcbernimmt verschiedene T\u00e4tigkeiten in der Vereinsverwaltung und in der Gesch\u00e4ftsstelle. Der Sportverein SW Osterfeine bedankt sich bei Ann-Christin f\u00fcr die Bereitschaft im OSV mitzumachen und freut sich auf die gemeinsame Zeit.<\/p>\n<p>\u00a0<\/p>\n<p>\u00a0<\/p>\n","protected":false},"excerpt":{"rendered":"<p>Ab Mitte Dezember erh\u00e4lt der Sportverein Schwarz-Wei\u00df Osterfeine tatkr\u00e4ftige Hilfe bei der Wahrnehmung seiner zahlreichen Aufgaben in der Sportorganisation. Ann-Christin Klanke \u00fcbernimmt verschiedene T\u00e4tigkeiten in der Vereinsverwaltung und in der Gesch\u00e4ftsstelle. Der Sportverein SW Osterfeine bedankt sich bei Ann-Christin f\u00fcr die Bereitschaft im OSV mitzumachen und freut sich auf die gemeinsame Zeit. \u00a0 \u00a0<\/p>\n","protected":false},"author":3,"featured_media":0,"comment_status":"closed","ping_status":"closed","sticky":false,"template":"","format":"standard","meta":{"footnotes":""},"categories":[37],"tags":[],"_links":{"self":[{"href":"https:\/\/sw-osterfeine.de\/index.php?rest_route=\/wp\/v2\/posts\/33385"}],"collection":[{"href":"https:\/\/sw-osterfeine.de\/index.php?rest_route=\/wp\/v2\/posts"}],"about":[{"href":"https:\/\/sw-osterfeine.de\/index.php?rest_route=\/wp\/v2\/types\/post"}],"author":[{"embeddable":true,"href":"https:\/\/sw-osterfeine.de\/index.php?rest_route=\/wp\/v2\/users\/3"}],"replies":[{"embeddable":true,"href":"https:\/\/sw-osterfeine.de\/index.php?rest_route=%2Fwp%2Fv2%2Fcomments&post=33385"}],"version-history":[{"count":2,"href":"https:\/\/sw-osterfeine.de\/index.php?rest_route=\/wp\/v2\/posts\/33385\/revisions"}],"predecessor-version":[{"id":33396,"href":"https:\/\/sw-osterfeine.de\/index.php?rest_route=\/wp\/v2\/posts\/33385\/revisions\/33396"}],"wp:attachment":[{"href":"https:\/\/sw-osterfeine.de\/index.php?rest_route=%2Fwp%2Fv2%2Fmedia&parent=33385"}],"wp:term":[{"taxonomy":"category","embeddable":true,"href":"https:\/\/sw-osterfeine.de\/index.php?rest_route=%2Fwp%2Fv2%2Fcategories&post=33385"},{"taxonomy":"post_tag","embeddable":true,"href":"https:\/\/sw-osterfeine.de\/index.php?rest_route=%2Fwp%2Fv2%2Ftags&post=33385"}],"curies":[{"name":"wp","href":"https:\/\/api.w.org\/{rel}","templated":true}]}}