{"id":33895,"date":"2024-04-19T13:05:55","date_gmt":"2024-04-19T11:05:55","guid":{"rendered":"https:\/\/sw-osterfeine.de\/?p=33895"},"modified":"2024-04-19T13:05:55","modified_gmt":"2024-04-19T11:05:55","slug":"was-gibt-es-neues-im-osv-eine-ganze-menge","status":"publish","type":"post","link":"https:\/\/sw-osterfeine.de\/?p=33895","title":{"rendered":"Was gibt es Neues im OSV???\u00a0 Eine ganze Menge!!!"},"content":{"rendered":"\n<ul>\n<li><strong>Florian Fangmann absolvierte mittlerweile sein 352. Pflichtspiel f\u00fcr SW Osterfeine I. Eine tolle Leistung unseres immer fairen und bescheidenen Sportlers auf der linken OSV-Seite. Gl\u00fcckwunsch und Respekt Florian!!!<\/strong><\/li>\n<li><strong>Ebenso Gl\u00fcckwunsch an unseren Altherren Spielleiter Berthold Klatte, der am vergangenen Wochenende gemeinsam mit seiner Partnerin Rosalie den Bund der Ehe einging.<\/strong><\/li>\n<li><strong>Fu\u00dfball D-Jugend erreicht Halbfinale im Kreispokal: Durch einen Ausw\u00e4rtssieg in Steinfeld gegen die Spielgemeinschaft aus Steinfeld und M\u00fchlen geht es nun im Halbfinale gegen BW Lohne um den Einzug ins Endspiel. Viel Gl\u00fcck, Jungs.<\/strong><\/li>\n<li><strong>6 G\u00e4stemannschaften spielten gegen unsere A und B-Jugend. Ein mittlerweile allt\u00e4gliches Bild gab es am vergangenen Wochenende auf dem Osterfeiner Sportplatz zu sehen. Parallel spielten unsere A-Jugend in der OM-Liga gegen die Spielgemeinschaft HaBaFe und in der B-Jugend Bezirksliga empfing unsere Mannschaft die Spielgemeinschaft aus mehreren Gemeinden mit der Bezeichnung HoDiLa. Paar Tage vorher hatten unsere Jungs die Gegner aus ViLaB\u00fc empfangen \u2013 Eine Spielgemeinschaft aus gar 3 politischen Gemeinden!! Und wir k\u00f6nnen ziemlich sicher sein, dass f\u00fcr diese Konstrukte noch weitere Einzelspieler aus anderen Vereinen aufliefen. Und wie gingen die Spiele aus. Die \u00a0Osterfeiner A gewann 4:0 und die Osterfeiner B siegte 4:2.<\/strong><\/li>\n<li><strong>Am vergangenen Wochenende verstarb mit Heinrich Kreutzmann ein langj\u00e4hriger und treuer Zuschauer der Spiele unserer I-Herrenmannschaft. Heinrich, Danke f\u00fcr Deine immer positive Unterst\u00fctzung und der ganze OSV ist in Gedanken bei Dir und wird Dich nicht vergessen.<\/strong><\/li>\n<li><strong>Im M\u00e4rz stellte SW Osterfeine spontan die Sporthalle dem Gymnasium Damme zur Verf\u00fcgung, damit die Jungs und M\u00e4dchen aufgrund von Hallenproblemen trotzdem die Vorbereitungen zum Sportabitur absolvieren konnten.<\/strong><\/li>\n<li><strong>Auch dem Kirchenchor Osterfeine stellt der Sportverein Osterfeine seine vereinseigene Sporthalle f\u00fcr das Chorfest mit 14 ausw\u00e4rtigen Ch\u00f6ren im September zur Verf\u00fcgung.<\/strong><\/li>\n<li><strong>Und auch der Dammer Carnevalsverein 1614 begeht das traditionelle Prinzentreffen in der Sporthalle Osterfeine.<\/strong><\/li>\n<li><strong>Immer noch k\u00e4mpfen unsere flei\u00dfigen Helfer gegen das regnerische Wetter und die damit verbundene Durchn\u00e4ssung von Platz I an. Vielen Dank Loko und Peter und Helfer. Seit 6 Monaten ist der Platz durchn\u00e4sst und nur durch den Einsatz von diversen Tauchpumpen und anderen Ger\u00e4tschaften kann hier gespielt werden, auch wenn der Ball nicht immer so rollt wie gew\u00fcnscht. Nur ganz wenige Spiele mussten am Ende ausfallen. Einen Dank f\u00fcr haltlose Ferndiagnosen haben sich besonders einige \u201eFachleute\u201c \u00a0oder \u201eFunktion\u00e4re\u201c verdient, die aus der Sofa- oder Sch\u00f6nwetterperspektive wertvolle Meinungen bildeten!!!<\/strong><\/li>\n<li><strong>Ganz stark dem Saisonende kommen unsere Handballerinnen entgegen. Besonders unsere Leistungsteams der I-und II-Damen und die Landesligahandballerinnen der A- und B-Jugend haben allen Grund auf eine gute Serie zur\u00fcckzublicken. Kompliment an Trainerinnen und Spielerinnen f\u00fcr das Engagement und die guten sportlichen Leistungen in der zu Ende gehenden Serie!!!<\/strong><\/li>\n<li><strong>Extreme Sorgen bereitet uns jedoch die Trainersuche im Handball f\u00fcr die kommende Saison. Bei allen Mannschaften ist mehr oder weniger noch keine Trainerposition final besetzt. Es w\u00e4re super, wenn sich alle Handballerinnen unterst\u00fctzend bei der Trainersuche einsetzen w\u00fcrden. Macht Euch Gedanken, gebt Eure Tipps weiter\u2026 Fragen, wer denn nun Mannschaft X im neuen Jahr trainiert haben wir genug erhalten, in puncto Hilfe sieht es magerer aus. Also, wenn wir noch alle Teams besetzen wollen, macht mit auf der Trainersuche f\u00fcr tolle Vereinsmannschaften im Frauen- und M\u00e4dchenhandball!!!!!!!!!!<\/strong><\/li>\n<li><strong>Nachfolge geregelt. Nach exakt 40 Jahren als Verantwortlicher \u2013 Trainer, sportlicher Leiter, Vorsitzender -f\u00fcr unsere I-Herrenmannschaft zieht sich Bubble aus dem Tagesgesch\u00e4ft zur\u00fcck. Der OSV sch\u00e4tzt sich gl\u00fccklich, mit Michael Harpenau und Marco Otte 2 erfahrene OSV-Strategen f\u00fcr die neue Serie als Nachfolger gefunden zu haben!!! Danke Euch beiden und ganz viel Spa\u00df mit der Arbeit mit tollen Jungs aus der I-Herrenmannschaft von SW Osterfeine I.<\/strong><\/li>\n<li><strong>Gute Besserung, Bernd. Was f\u00fcr ein Comeback!!!! Nach langer Spielpause feierte Bernd Schildmeyer ein sportliches Comeback bei SW Osterfeine IV. Leider zog sich Bernd dabei nach 20 Minuten einen Achillessehnenriss zu und muss nun auf seinen n\u00e4chsten Einsatz l\u00e4nger verzichten. Der OSV w\u00fcnscht unserem langj\u00e4hrigen Jugendtrainer gute Besserung\u2026.<\/strong><\/li>\n<li><strong>Bei der Fu\u00dfballumkleidekabine wurde nun ein Behinderten-WC installiert.<\/strong><\/li>\n<li><strong>Ferner sorgten 2 Leitungswassersch\u00e4den f\u00fcr eine Menge Arbeit\u2026\u2026<\/strong><\/li>\n<li><strong>Fertiggestellt wurden nun auch die Arbeiten an den Duschen in der Fu\u00dfballumkleide.<\/strong><\/li>\n<li><strong>Spielverlegungen nehmen \u00fcberhand. Zunehmend sind aktuell die H\u00e4ufigkeit der Spielverlegungen im Handball und besonders im Fu\u00dfball. Durch die Regenphase sind schon viele Ausf\u00e4lle und somit Verlegungen sowohl heim-als auch ausw\u00e4rts angefallen. Doch besonders die komplette Zerfledderung der Spielpl\u00e4ne durch Verlegungsw\u00fcnsche unserer oder der gegnerischen Mannschaften erfordert ein hohes Ma\u00df an zus\u00e4tzliche Arbeit f\u00fcr die logistische und praktische t\u00e4gliche Organisation. Dieses ist bald nicht mehr zu leisten und ein Umdenken muss hier einsetzen\u2026. N\u00e4heres folgt dazu\u2026. <\/strong><\/li>\n<\/ul>\n","protected":false},"excerpt":{"rendered":"<p>Florian Fangmann absolvierte mittlerweile sein 352. Pflichtspiel f\u00fcr SW Osterfeine I. Eine tolle Leistung unseres immer fairen und bescheidenen Sportlers auf der linken OSV-Seite. Gl\u00fcckwunsch und Respekt Florian!!! Ebenso Gl\u00fcckwunsch an unseren Altherren Spielleiter Berthold Klatte, der am vergangenen Wochenende gemeinsam mit seiner Partnerin Rosalie den Bund der Ehe einging. Fu\u00dfball D-Jugend erreicht Halbfinale im [&hellip;]<\/p>\n","protected":false},"author":3,"featured_media":0,"comment_status":"closed","ping_status":"closed","sticky":false,"template":"","format":"standard","meta":{"footnotes":""},"categories":[37],"tags":[],"_links":{"self":[{"href":"https:\/\/sw-osterfeine.de\/index.php?rest_route=\/wp\/v2\/posts\/33895"}],"collection":[{"href":"https:\/\/sw-osterfeine.de\/index.php?rest_route=\/wp\/v2\/posts"}],"about":[{"href":"https:\/\/sw-osterfeine.de\/index.php?rest_route=\/wp\/v2\/types\/post"}],"author":[{"embeddable":true,"href":"https:\/\/sw-osterfeine.de\/index.php?rest_route=\/wp\/v2\/users\/3"}],"replies":[{"embeddable":true,"href":"https:\/\/sw-osterfeine.de\/index.php?rest_route=%2Fwp%2Fv2%2Fcomments&post=33895"}],"version-history":[{"count":1,"href":"https:\/\/sw-osterfeine.de\/index.php?rest_route=\/wp\/v2\/posts\/33895\/revisions"}],"predecessor-version":[{"id":33896,"href":"https:\/\/sw-osterfeine.de\/index.php?rest_route=\/wp\/v2\/posts\/33895\/revisions\/33896"}],"wp:attachment":[{"href":"https:\/\/sw-osterfeine.de\/index.php?rest_route=%2Fwp%2Fv2%2Fmedia&parent=33895"}],"wp:term":[{"taxonomy":"category","embeddable":true,"href":"https:\/\/sw-osterfeine.de\/index.php?rest_route=%2Fwp%2Fv2%2Fcategories&post=33895"},{"taxonomy":"post_tag","embeddable":true,"href":"https:\/\/sw-osterfeine.de\/index.php?rest_route=%2Fwp%2Fv2%2Ftags&post=33895"}],"curies":[{"name":"wp","href":"https:\/\/api.w.org\/{rel}","templated":true}]}}