{"id":33915,"date":"2024-04-29T08:08:48","date_gmt":"2024-04-29T06:08:48","guid":{"rendered":"https:\/\/sw-osterfeine.de\/?p=33915"},"modified":"2024-04-29T08:08:48","modified_gmt":"2024-04-29T06:08:48","slug":"spielbericht-1-b-jugend-fussball-2","status":"publish","type":"post","link":"https:\/\/sw-osterfeine.de\/?p=33915","title":{"rendered":"Spielbericht 1. B-Jugend Fussball"},"content":{"rendered":"\n<p>JSG Essen\/Bevern\/Bunnen \u2013 SW Osterfeine 1:3<\/p>\n<p>Bislang sind wir in der R\u00fcckrunde noch ungeschlagen. Das galt es gegen die JSG Essen\/Bevern\/Bunnen unbedingt fortzusetzen. Das Hinspiel, das nur ein paar Wochen her ist, markierte zwar den Startschuss unserer Serie, lie\u00df aber insbesondere in H\u00e4lfte zwei noch m\u00e4chtig Luft nach oben.<\/p>\n<p>Wir gingen aber mit einer gro\u00dfen Portion Selbstvertrauen in diese Partie und wollten zeigen, dass die Spiele der letzten Wochen keineswegs Ausnahmen waren, sondern unser neues Gesicht sind. Eine kompakte Defensive gepaart mit einem zielstrebigen Spiel nach vorne sollen uns in der Bezirksliga halten.<\/p>\n<p>Bei strahlendem Sonnenschein ging das Spiel gut f\u00fcr uns los. Wir waren direkt in der Partie und konnten einige wichtige Ballgewinne erzielen, schnell umschalten und so die Essener Defensivreihe unter Druck setzen. Die F\u00fchrung musste uns allerdings eine Standardsituation bescheren. Ein stark getretener Ecksto\u00df von Arne St\u00e4rk fand zun\u00e4chst den Kopf von Clemens. Der brachte den Ball aufs lange Eck, wo allerdings ein Spieler der Gastgeber kurz vor der Linie kl\u00e4ren konnte. Den so abgewehrten Ball konnte gl\u00fccklicherweise Arne Jacob aus ca. 7 Metern per Kopf ins Netz bef\u00f6rdern (10. Minute).<\/p>\n<p>Wir blieben weiter konzentriert und die beiden Arnes wirbelten ein ums andere Mal die Abwehr durcheinander. Nach einem starken Steckball war Arne St\u00e4rk schon frei durch, als er regelwidrig von seinem Gegenspieler gestoppt wurde. Die Verantwortung f\u00fcr den f\u00e4lligen Freisto\u00df \u00fcbernahm Kapit\u00e4n Paul Kreinest. Aus ca. 20 Metern Entfernung zielte er auf den kurzen Winkel, der Ball sprang von der Latte an den R\u00fccken des quer in der Luft liegenden Torwarts, t\u00e4nzelte noch etwas auf der Linie und rollte dann \u00fcber dieselbige (27. Minute). Lobend zu erw\u00e4hnen ist in diesem Zusammenhang auch, dass Clemens den Ball als erster nachsetzender Spieler erreichte und somit zur Stelle gewesen w\u00e4re, wenn der Ball die Linie nicht \u00fcberquert h\u00e4tte. Das ist der Spirit, den wir f\u00fcr den Rest der Saison ben\u00f6tigen.<\/p>\n<p>Zur Halbzeit hatten wir das Spiel gut unter Kontrolle. Das wollten wir f\u00fcr H\u00e4lfte zwei nat\u00fcrlich konservieren und uns nur in kleinen Details etwas verbessern.<\/p>\n<p>Wie bereits in den meisten Spielen der vergangenen Wochen tat die vermeintlich sichere F\u00fchrung unserem Spiel \u00fcberhaupt nicht gut. Wir agierten deutlich passiver, als noch in der ersten H\u00e4lfte und lie\u00dfen unseren Kontrahenten deutlich mehr Platz. Wenn wir dann einmal den Ball eroberten schlugen wir diesen sofort panisch nach vorne und dementsprechend schnell rollte der n\u00e4chste Angriff auf uns zu.<\/p>\n<p>Lange Zeit konnten wir uns dieser Angriffe erwehren, bis schlie\u00dflich in der 63. Minute dann doch das Gegentor fiel. Der Essener Spieler dribbelte durch vier unserer Verteidiger m\u00fchelos hindurch und legte den Ball an Katze vorbei Richtung zweiten Pfosten, wo sein Kollege wartete und zum Anschlusstreffer einschob.<\/p>\n<p>Essen bekam nun die ber\u00fchmte zweite Lust und wir verteidigten leidenschaftlich unser Tor. Allerdings wurden unsere Kontersituationen nun wieder gef\u00e4hrlicher. Dennoch blieb es ein Kampf bis zur letzten Minute, in der ein Befreiungsschlag von Maxi \u00fcber die Abwehr hinweg in den Lauf von Arne Jacob flog und dieser den Ball \u00fcber den weit herausgeeilten Torh\u00fcter hinweg im Tornetz unterbrachte (79. Minute).<\/p>\n<p>Mit diesem Sieg halten wir nicht nur unseren Verfolger im Kampf um die Nichtabstiegspl\u00e4tze auf Abstand, sondern konnten unsererseits sogar zumindest f\u00fcr den Moment die Mannschaften aus Brockdorf und Cloppenburg \u00fcberholen und das Wochenende auf einem Platz \u00fcber dem Strich verbringen.<\/p>\n<p>Am kommenden Samstag (04.05.) wollen wir nun im Heimspiel gegen den JFV Altes Amt Friesoythe die n\u00e4chsten Punkte holen (Ansto\u00df 16:30). Gegen die aktuell auf Tabellenplatz drei stehenden G\u00e4ste wird das sicher keine leichte Aufgabe, mit der Unterst\u00fctzung zahlreicher Zuschauer wollen wir aber dennoch alles daf\u00fcr geben einen weiteren Schritt in Richtung Klassenerhalt zu gehen.<\/p>\n<p>\u00a0<\/p>\n<p>Mit freundlichen Gr\u00fc\u00dfen<\/p>\n<p>Coach P.<\/p>\n<p>\u00a0<\/p>\n<p>Aufstellung: \u00a0\u00a0\u00a0\u00a0\u00a0\u00a0\u00a0\u00a0\u00a0\u00a0\u00a0\u00a0\u00a0\u00a0\u00a0\u00a0\u00a0\u00a0\u00a0\u00a0\u00a0\u00a0\u00a0\u00a0\u00a0\u00a0\u00a0\u00a0\u00a0\u00a0\u00a0\u00a0\u00a0\u00a0\u00a0\u00a0\u00a0\u00a0 K. Gravemeyer<\/p>\n<p>\u00a0<\/p>\n<ol>\n<li>Kamps M. B\u00f6ckmann \u00a0\u00a0\u00a0\u00a0\u00a0\u00a0\u00a0\u00a0\u00a0\u00a0\u00a0 H. Bosche\u00a0\u00a0\u00a0\u00a0\u00a0\u00a0\u00a0 D. Piening<\/li>\n<\/ol>\n<p>\u00a0\u00a0\u00a0\u00a0\u00a0\u00a0\u00a0\u00a0\u00a0\u00a0\u00a0\u00a0\u00a0\u00a0\u00a0\u00a0\u00a0\u00a0\u00a0\u00a0\u00a0\u00a0\u00a0\u00a0\u00a0\u00a0\u00a0\u00a0\u00a0\u00a0\u00a0\u00a0\u00a0\u00a0\u00a0\u00a0\u00a0\u00a0\u00a0\u00a0\u00a0\u00a0\u00a0\u00a0\u00a0\u00a0 \u00a0\u00a0\u00a0\u00a0\u00a0\u00a0\u00a0\u00a0\u00a0\u00a0\u00a0<\/p>\n<ol>\n<li>Herfert\u00a0\u00a0\u00a0\u00a0\u00a0\u00a0\u00a0\u00a0\u00a0\u00a0\u00a0\u00a0\u00a0\u00a0\u00a0\u00a0\u00a0 P. Kreinest<\/li>\n<\/ol>\n<p>\u00a0<\/p>\n<p>\u00a0<\/p>\n<ol>\n<li>Lapke A. Jacob L. Hoppe<\/li>\n<\/ol>\n<p>\u00a0<\/p>\n<ol>\n<li>St\u00e4rk \u00a0\u00a0\u00a0\u00a0\u00a0\u00a0\u00a0\u00a0\u00a0\u00a0\u00a0<\/li>\n<\/ol>\n<p>\u00a0\u00a0\u00a0\u00a0\u00a0\u00a0\u00a0\u00a0\u00a0\u00a0\u00a0\u00a0\u00a0\u00a0\u00a0\u00a0\u00a0\u00a0\u00a0\u00a0<\/p>\n<p>Bank: J. Otte, H. Kohake, J. Enneking<\/p>\n<p>\u00a0<\/p>\n<p>Tore: \u00a0 0:1 Jacob<\/p>\n<p>\u00a0\u00a0\u00a0\u00a0\u00a0\u00a0\u00a0\u00a0\u00a0\u00a0\u00a0 0:2 Kreinest<\/p>\n<p>\u00a0\u00a0\u00a0\u00a0\u00a0\u00a0\u00a0\u00a0\u00a0\u00a0\u00a0 1:2<\/p>\n<p>\u00a0\u00a0\u00a0\u00a0\u00a0\u00a0\u00a0\u00a0\u00a0\u00a0\u00a0 1:3 Jacob (B\u00f6ckmann)<\/p>\n","protected":false},"excerpt":{"rendered":"<p>JSG Essen\/Bevern\/Bunnen \u2013 SW Osterfeine 1:3 Bislang sind wir in der R\u00fcckrunde noch ungeschlagen. Das galt es gegen die JSG Essen\/Bevern\/Bunnen unbedingt fortzusetzen. Das Hinspiel, das nur ein paar Wochen her ist, markierte zwar den Startschuss unserer Serie, lie\u00df aber insbesondere in H\u00e4lfte zwei noch m\u00e4chtig Luft nach oben. Wir gingen aber mit einer gro\u00dfen [&hellip;]<\/p>\n","protected":false},"author":3,"featured_media":0,"comment_status":"closed","ping_status":"closed","sticky":false,"template":"","format":"standard","meta":{"footnotes":""},"categories":[3],"tags":[],"_links":{"self":[{"href":"https:\/\/sw-osterfeine.de\/index.php?rest_route=\/wp\/v2\/posts\/33915"}],"collection":[{"href":"https:\/\/sw-osterfeine.de\/index.php?rest_route=\/wp\/v2\/posts"}],"about":[{"href":"https:\/\/sw-osterfeine.de\/index.php?rest_route=\/wp\/v2\/types\/post"}],"author":[{"embeddable":true,"href":"https:\/\/sw-osterfeine.de\/index.php?rest_route=\/wp\/v2\/users\/3"}],"replies":[{"embeddable":true,"href":"https:\/\/sw-osterfeine.de\/index.php?rest_route=%2Fwp%2Fv2%2Fcomments&post=33915"}],"version-history":[{"count":1,"href":"https:\/\/sw-osterfeine.de\/index.php?rest_route=\/wp\/v2\/posts\/33915\/revisions"}],"predecessor-version":[{"id":33916,"href":"https:\/\/sw-osterfeine.de\/index.php?rest_route=\/wp\/v2\/posts\/33915\/revisions\/33916"}],"wp:attachment":[{"href":"https:\/\/sw-osterfeine.de\/index.php?rest_route=%2Fwp%2Fv2%2Fmedia&parent=33915"}],"wp:term":[{"taxonomy":"category","embeddable":true,"href":"https:\/\/sw-osterfeine.de\/index.php?rest_route=%2Fwp%2Fv2%2Fcategories&post=33915"},{"taxonomy":"post_tag","embeddable":true,"href":"https:\/\/sw-osterfeine.de\/index.php?rest_route=%2Fwp%2Fv2%2Ftags&post=33915"}],"curies":[{"name":"wp","href":"https:\/\/api.w.org\/{rel}","templated":true}]}}