{"id":34289,"date":"2024-06-27T18:19:12","date_gmt":"2024-06-27T16:19:12","guid":{"rendered":"https:\/\/sw-osterfeine.de\/?p=34289"},"modified":"2024-06-27T20:25:21","modified_gmt":"2024-06-27T18:25:21","slug":"1-herren-startet-in-die-vorbereitung","status":"publish","type":"post","link":"https:\/\/sw-osterfeine.de\/?p=34289","title":{"rendered":"1. Herren startet in die Vorbereitung!"},"content":{"rendered":"\n<p>Am Dienstag startete unsere 1. Herren-Mannschaft in die Vorbereitung f\u00fcr die Saison 2024\/2025!<\/p>\n<p>Da Nils Unger sich noch im Urlaub befindet, leitete nur Simon Wehming die Trainingseinheit.<\/p>\n<p>Simon und die Team-Manager Marco Otte und Michi Harpenau durften zwei neue Gesichter begr\u00fc\u00dfen. Zum einen kehrte Torwart Hendrik &#8222;Manni&#8220; Kampsen vom SV Handorf-Langenberg zur\u00fcck zum OSV, und zum anderen durfte mit S\u00f6ren Kolhosser ein junger neuer St\u00fcrmer vorgestellt werden. S\u00f6ren spielte zuletzt f\u00fcr RW Damme und wohnt in Borringhausen. Er spielte bereits in der Jugend von RW Damme unter Trainer Simon Wehming.<\/p>\n<p>Wir w\u00fcnschen beiden Spielern und guten Start beim OSV.<\/p>\n<p>Desweiteren mischten einige A-Jugend-Spieler bei der Trainingseinheit mit, um sie fr\u00fchzeitig an den Herren-Fu\u00dfball heranzuf\u00fchren. Dies unterstreicht unsere bew\u00e4hrte Philosophie, dass wir weiterhin auf unsere Jugend setzen! \u00a0<\/p>\n<p><a href=\"https:\/\/sw-osterfeine.de\/wp-content\/uploads\/2024\/06\/1.jpg\" data-rel=\"lightbox-image-0\" data-rl_title=\"\" data-rl_caption=\"\" title=\"\"><img loading=\"lazy\" decoding=\"async\" class=\"alignleft size-full wp-image-34290\" src=\"https:\/\/sw-osterfeine.de\/wp-content\/uploads\/2024\/06\/1.jpg\" alt=\"\" width=\"640\" height=\"480\" srcset=\"https:\/\/sw-osterfeine.de\/wp-content\/uploads\/2024\/06\/1.jpg 640w, https:\/\/sw-osterfeine.de\/wp-content\/uploads\/2024\/06\/1-300x225.jpg 300w\" sizes=\"(max-width: 640px) 100vw, 640px\" \/><\/a><\/p>\n","protected":false},"excerpt":{"rendered":"<p>Am Dienstag startete unsere 1. Herren-Mannschaft in die Vorbereitung f\u00fcr die Saison 2024\/2025! Da Nils Unger sich noch im Urlaub befindet, leitete nur Simon Wehming die Trainingseinheit. Simon und die Team-Manager Marco Otte und Michi Harpenau durften zwei neue Gesichter begr\u00fc\u00dfen. Zum einen kehrte Torwart Hendrik &#8222;Manni&#8220; Kampsen vom SV Handorf-Langenberg zur\u00fcck zum OSV, und [&hellip;]<\/p>\n","protected":false},"author":3,"featured_media":0,"comment_status":"closed","ping_status":"closed","sticky":false,"template":"","format":"standard","meta":{"footnotes":""},"categories":[3],"tags":[],"_links":{"self":[{"href":"https:\/\/sw-osterfeine.de\/index.php?rest_route=\/wp\/v2\/posts\/34289"}],"collection":[{"href":"https:\/\/sw-osterfeine.de\/index.php?rest_route=\/wp\/v2\/posts"}],"about":[{"href":"https:\/\/sw-osterfeine.de\/index.php?rest_route=\/wp\/v2\/types\/post"}],"author":[{"embeddable":true,"href":"https:\/\/sw-osterfeine.de\/index.php?rest_route=\/wp\/v2\/users\/3"}],"replies":[{"embeddable":true,"href":"https:\/\/sw-osterfeine.de\/index.php?rest_route=%2Fwp%2Fv2%2Fcomments&post=34289"}],"version-history":[{"count":2,"href":"https:\/\/sw-osterfeine.de\/index.php?rest_route=\/wp\/v2\/posts\/34289\/revisions"}],"predecessor-version":[{"id":34292,"href":"https:\/\/sw-osterfeine.de\/index.php?rest_route=\/wp\/v2\/posts\/34289\/revisions\/34292"}],"wp:attachment":[{"href":"https:\/\/sw-osterfeine.de\/index.php?rest_route=%2Fwp%2Fv2%2Fmedia&parent=34289"}],"wp:term":[{"taxonomy":"category","embeddable":true,"href":"https:\/\/sw-osterfeine.de\/index.php?rest_route=%2Fwp%2Fv2%2Fcategories&post=34289"},{"taxonomy":"post_tag","embeddable":true,"href":"https:\/\/sw-osterfeine.de\/index.php?rest_route=%2Fwp%2Fv2%2Ftags&post=34289"}],"curies":[{"name":"wp","href":"https:\/\/api.w.org\/{rel}","templated":true}]}}