{"id":34430,"date":"2024-07-14T13:54:54","date_gmt":"2024-07-14T11:54:54","guid":{"rendered":"https:\/\/sw-osterfeine.de\/?p=34430"},"modified":"2024-07-14T13:54:56","modified_gmt":"2024-07-14T11:54:56","slug":"vorbereitungsstart-1-herren","status":"publish","type":"post","link":"https:\/\/sw-osterfeine.de\/?p=34430","title":{"rendered":"Vorbereitungsstart 1. Herren"},"content":{"rendered":"\n<p>Moin,<\/p>\n<p>Ende Juni starteten wir gemeinsam in die Vorbereitung auf die kommende Saison in der Kreisliga Vechta. Nach dem bitteren Abstieg in der letzten Saison, haben wir uns vorgenommen nicht lange die K\u00f6pfe h\u00e4ngen zu lassen, sondern mit Schwung in das n\u00e4chste Jahr zu gehen. Die Mannschaft ist zu einem gro\u00dfen Teil zusammengeblieben, der Kader ist gro\u00df und auch die Motivation ist riesig, mit Schwung in die neue Saison zu starten. Die Spiele werden f\u00fcr uns anders verlaufen, wir sind nicht mehr der klare Au\u00dfenseiter und m\u00fcssen uns darauf einstellen, dass die Gegner gegen uns besonders motiviert sein werden. Au\u00dferdem werden wir mehr den Ball in unseren Reihen haben und mit tief stehenden Gegnern umgehen m\u00fcssen. Eine neue \u2013 aber auch spannende Aufgabe!<\/p>\n<p>Zu Beginn der Vorbereitung durften wir erstmal ein paar neue Gesichter begr\u00fc\u00dfen. Zuerst nat\u00fcrlich unser Trainerteam, bestehend aus Nils Unger und Simon Wehming. Nils &#8211; der als spielender Trainer agiert und Simon &#8211; der uns von der Seitenlinie aus coachen wird, geben ein motiviertes und harmonisches Duo ab, das sehr akribisch arbeitet und uns bestm\u00f6glich auf die kommenden Aufgaben vorbereitet.<\/p>\n<p>Neben den beiden Trainern durften wir auch zwei neue Spieler begr\u00fc\u00dfen. S\u00f6ren Kolhosser ist aus Damme zu uns gesto\u00dfen und hat sich sofort super in die Mannschaft eingef\u00fcgt. Sowohl auf, als auch neben dem Platz ist er ein Gewinn f\u00fcr unser Team. Dazu haben wir mit Manni Kampsen einen alten Bekannten zur\u00fcckgewinnen k\u00f6nnen, der uns super auf der Torwartposition unterst\u00fctzt.<\/p>\n<p>Nach drei intensiven Trainingseinheiten sind wir dann aber erstmal, zur absoluten Freude der Trainer, mitten in der Vorbereitung nach Mallorca aufgebrochen. Mit 26 Mann (Vorher wusste wohl niemand, dass unser Kader so gro\u00df ist) haben wir uns ein langes Wochenende von der abgelaufenen Saison erholt.<\/p>\n<p>Am Montag sind wir dann jedoch direkt wieder mit Vollgas in eine intensive Woche gestartet. Nach einem knackigen Training am Montag, folgte am Dienstag das erste Testspiel gegen den Osnabr\u00fccker Bezirksligisten Quitt Ankum. Nachdem wir eine Halbzeit gebraucht haben, um ins Spiel zu finden, lagen wir 0:2 hinten. In der zweiten Halbzeit machten wir es jedoch besser und waren die dominantere Mannschaft. Wir belohnten uns noch mit dem Anschlusstreffer zum 1:2. Der A-Jugendliche Paul Kreinest verwertete einen Steckpass von Nils eiskalt.<\/p>\n<p>Auf einen freien Mittwoch folgte dann das zweite Testspiel gegen den Diepholzer Kreisligisten Friesen Lembruch. Relativ souver\u00e4n, mit viel Ballbesitz und gut herausgespielten Angriffen konnten wir dieses Testspiel f\u00fcr uns entscheiden. Die Tore erzielen Nils, Lukas, S\u00f6ren und Felix.<\/p>\n<p>Zum Abschluss war dann ein kompletter Trainings- und Spieltag am Samstag auf dem Programm. Nach einer Einheit auf dem Platz, gemeinsamen Mittagessen und Dehnen im Fitnessraum, folgte zum Abschluss ein Test gegen den Osnabr\u00fccker Bezirksligisten BW Hollage. Auch hier zeigten wir eine ansprechende Leistung, waren aggressiv in den Zweik\u00e4mpfen spielten gut zusammen. Eine unkonzentrierte Phase nach der Halbzeit f\u00fchrte dann leider zum Gegentor und wir verloren mit 0:1. Wie in der letzten Saison war auch hier die Chancenverwertung ein Problem und wir lie\u00dfen einige Hochkar\u00e4ter liegen.<\/p>\n<p>Insgesamt kann man sagen, dass die ersten Wochen absolut in Ordnung waren und Lust auf die kommende Saison machen. Wir haben noch viel Arbeit vor uns, aber auch schon positive Dinge gesehen.<\/p>\n<p>In der n\u00e4chsten Woche geht es dann mit dem sch\u00f6nsten Testspiel der Vorbereitung weiter. Beim Volksbank-Cup treffen wir um 20:15 Uhr auf Rot-Wei\u00df Damme. \u00dcber Unterst\u00fctzung w\u00fcrden wir uns nat\u00fcrlich sehr freuen, um auch die entsprechende Derby-Atmosph\u00e4re aufkommen zu lassen. Schon vorher spielt unsere Zweite um 18:30 gegen die Zweitvertretung von Rot-Wei\u00df. Also kommt vorbei!<\/p>\n<p>Einen gro\u00dfen Dank und vor Allem auch ein gro\u00dfes Lob wollen wir an dieser Stelle unseren A-Jugendlichen Paul Kreinest, Tim Fischer, Moritz Otte, Tom Neteler, Benni Olberding, Viktor Chifan und Moritz Sonnen aussprechen, die im Training und auch in den Spielen daf\u00fcr sorgen, dass wir immer eine schlagkr\u00e4ftige Truppe zusammen haben und schon super Leistungen bringen. Um unseren Nachwuchs brauchen wir uns in naher Zukunft erstmal keine Sorgen zu machen!<\/p>\n<p>Zum Abschluss nochmal ein gro\u00dfes <strong>Dankesch\u00f6n<\/strong> an alle, die uns bei jedem Spiel unterst\u00fctzen und uns immer wieder anfeuern, egal ob im Sieg oder in der Niederlage. Das ist jedes Mal wieder beeindruckend und motiviert uns umso mehr, dieses Jahr wieder anzugreifen!<\/p>\n<p>Bis bald,<\/p>\n<p>Die Erste<\/p>\n\n\n","protected":false},"excerpt":{"rendered":"<p>Moin, Ende Juni starteten wir gemeinsam in die Vorbereitung auf die kommende Saison in der Kreisliga Vechta. Nach dem bitteren Abstieg in der letzten Saison, haben wir uns vorgenommen nicht lange die K\u00f6pfe h\u00e4ngen zu lassen, sondern mit Schwung in das n\u00e4chste Jahr zu gehen. Die Mannschaft ist zu einem gro\u00dfen Teil zusammengeblieben, der Kader [&hellip;]<\/p>\n","protected":false},"author":3,"featured_media":0,"comment_status":"closed","ping_status":"closed","sticky":false,"template":"","format":"standard","meta":{"footnotes":""},"categories":[3],"tags":[],"_links":{"self":[{"href":"https:\/\/sw-osterfeine.de\/index.php?rest_route=\/wp\/v2\/posts\/34430"}],"collection":[{"href":"https:\/\/sw-osterfeine.de\/index.php?rest_route=\/wp\/v2\/posts"}],"about":[{"href":"https:\/\/sw-osterfeine.de\/index.php?rest_route=\/wp\/v2\/types\/post"}],"author":[{"embeddable":true,"href":"https:\/\/sw-osterfeine.de\/index.php?rest_route=\/wp\/v2\/users\/3"}],"replies":[{"embeddable":true,"href":"https:\/\/sw-osterfeine.de\/index.php?rest_route=%2Fwp%2Fv2%2Fcomments&post=34430"}],"version-history":[{"count":2,"href":"https:\/\/sw-osterfeine.de\/index.php?rest_route=\/wp\/v2\/posts\/34430\/revisions"}],"predecessor-version":[{"id":34432,"href":"https:\/\/sw-osterfeine.de\/index.php?rest_route=\/wp\/v2\/posts\/34430\/revisions\/34432"}],"wp:attachment":[{"href":"https:\/\/sw-osterfeine.de\/index.php?rest_route=%2Fwp%2Fv2%2Fmedia&parent=34430"}],"wp:term":[{"taxonomy":"category","embeddable":true,"href":"https:\/\/sw-osterfeine.de\/index.php?rest_route=%2Fwp%2Fv2%2Fcategories&post=34430"},{"taxonomy":"post_tag","embeddable":true,"href":"https:\/\/sw-osterfeine.de\/index.php?rest_route=%2Fwp%2Fv2%2Ftags&post=34430"}],"curies":[{"name":"wp","href":"https:\/\/api.w.org\/{rel}","templated":true}]}}