{"id":34473,"date":"2024-07-22T10:55:23","date_gmt":"2024-07-22T08:55:23","guid":{"rendered":"https:\/\/sw-osterfeine.de\/?p=34473"},"modified":"2024-07-22T10:55:25","modified_gmt":"2024-07-22T08:55:25","slug":"aktuelles-in-kuerze-aktuelles-in-kuerze","status":"publish","type":"post","link":"https:\/\/sw-osterfeine.de\/?p=34473","title":{"rendered":"Aktuelles in K\u00fcrze!! Aktuelles in K\u00fcrze!!"},"content":{"rendered":"\n<p><strong><em><u>Volksbank-Cup:<\/u><\/em><\/strong> <strong>Bei Topwetter und gutem Zuschauerbesuch fanden Mittwoch die Auftaktspiele um den Volksbank-Cup und um den Reserve- und Kreisklassen-Cup statt. Heimatfu\u00dfball mit vielen Toren und vielen bekannten Fu\u00dfballern pr\u00e4gten das wie immer von Marco Otte und Hans-J\u00fcrgen Lapke gelungen organisierte Traditionsturnier. Mittwoch nach dem R\u00fcschendorfer Sch\u00fctzenfest geht es mit den Finalspielen dann weiter.<\/strong><\/p>\n<p><strong>\u00a0<\/strong><\/p>\n<p><strong><em><u>E-Jugend sucht Trainer: <\/u><\/em><\/strong><strong>F\u00fcr unsere jungen Fu\u00dfballer der E-II und E-III-Jugend suchen wir noch Unterst\u00fctzung bei der Nachwuchsarbeit. Wer also Lust hat, sich als Trainer, Co-Trainer oder Betreuer f\u00fcr unsere fu\u00dfballwilligen Jungs zu engagieren, meldet sich bitte gerne bei Bernd Escher!!!<\/strong><\/p>\n<p><strong>\u00a0<\/strong><\/p>\n<p><strong><em><u>G\u00e4ste: <\/u><\/em><\/strong><strong>Die Handballoberligamannschaft der HSG Varel und die Fu\u00dfballreisligamannschaft des FC Nordheide bei Rotenburg waren am Wochenende im Rahmen ihrer Trainingslager Gast auf den Sportanlagen von SW Osterfeine.<\/strong><\/p>\n<p><strong>\u00a0<\/strong><\/p>\n<p><strong><em><u>Jubil\u00e4umsbuch:<\/u><\/em><\/strong> <strong>Ein flei\u00dfiges Team von OSV-Freunden arbeitet aktuell mit ELAN an einer OSV-Festschrift zum 100j\u00e4hrigen Vereinsbestehen im kommenden Jahr. Danke schon vorab f\u00fcr Eure Bem\u00fchungen. N\u00e4heres folgt zu gegebener Zeit.<\/strong><\/p>\n","protected":false},"excerpt":{"rendered":"<p>Volksbank-Cup: Bei Topwetter und gutem Zuschauerbesuch fanden Mittwoch die Auftaktspiele um den Volksbank-Cup und um den Reserve- und Kreisklassen-Cup statt. Heimatfu\u00dfball mit vielen Toren und vielen bekannten Fu\u00dfballern pr\u00e4gten das wie immer von Marco Otte und Hans-J\u00fcrgen Lapke gelungen organisierte Traditionsturnier. Mittwoch nach dem R\u00fcschendorfer Sch\u00fctzenfest geht es mit den Finalspielen dann weiter. \u00a0 E-Jugend [&hellip;]<\/p>\n","protected":false},"author":3,"featured_media":0,"comment_status":"closed","ping_status":"closed","sticky":false,"template":"","format":"standard","meta":{"footnotes":""},"categories":[92],"tags":[],"_links":{"self":[{"href":"https:\/\/sw-osterfeine.de\/index.php?rest_route=\/wp\/v2\/posts\/34473"}],"collection":[{"href":"https:\/\/sw-osterfeine.de\/index.php?rest_route=\/wp\/v2\/posts"}],"about":[{"href":"https:\/\/sw-osterfeine.de\/index.php?rest_route=\/wp\/v2\/types\/post"}],"author":[{"embeddable":true,"href":"https:\/\/sw-osterfeine.de\/index.php?rest_route=\/wp\/v2\/users\/3"}],"replies":[{"embeddable":true,"href":"https:\/\/sw-osterfeine.de\/index.php?rest_route=%2Fwp%2Fv2%2Fcomments&post=34473"}],"version-history":[{"count":1,"href":"https:\/\/sw-osterfeine.de\/index.php?rest_route=\/wp\/v2\/posts\/34473\/revisions"}],"predecessor-version":[{"id":34474,"href":"https:\/\/sw-osterfeine.de\/index.php?rest_route=\/wp\/v2\/posts\/34473\/revisions\/34474"}],"wp:attachment":[{"href":"https:\/\/sw-osterfeine.de\/index.php?rest_route=%2Fwp%2Fv2%2Fmedia&parent=34473"}],"wp:term":[{"taxonomy":"category","embeddable":true,"href":"https:\/\/sw-osterfeine.de\/index.php?rest_route=%2Fwp%2Fv2%2Fcategories&post=34473"},{"taxonomy":"post_tag","embeddable":true,"href":"https:\/\/sw-osterfeine.de\/index.php?rest_route=%2Fwp%2Fv2%2Ftags&post=34473"}],"curies":[{"name":"wp","href":"https:\/\/api.w.org\/{rel}","templated":true}]}}