{"id":34530,"date":"2024-07-27T11:13:50","date_gmt":"2024-07-27T09:13:50","guid":{"rendered":"https:\/\/sw-osterfeine.de\/?p=34530"},"modified":"2024-07-27T11:13:53","modified_gmt":"2024-07-27T09:13:53","slug":"sportwoche-2024","status":"publish","type":"post","link":"https:\/\/sw-osterfeine.de\/?p=34530","title":{"rendered":"Sportwoche 2024"},"content":{"rendered":"\n<p>In der vergangenen Woche stand unsere Sportwoche im Mittelpunkt des Geschehens. Zahlreiche Mannschaften gaben ihr Bestes auf dem Spielfeld und lieferten spannende Wettk\u00e4mpfe ab. Doch f\u00fcr viele Teams gilt es weiterhin hart zu trainieren, um ihre Leistung kontinuierlich zu verbessern und sich auf kommende Herausforderungen vorzubereiten.<br \/>Ein besonderer Dank gilt allen Helfern, die diese Sportwoche \u00fcberhaupt erst m\u00f6glich gemacht haben. Ohne ihren unerm\u00fcdlichen Einsatz und ihre Unterst\u00fctzung w\u00e4re ein reibungsloser Ablauf nicht denkbar gewesen. Ebenso m\u00f6chten wir den Schiedsrichtern vom SW Osterfeine unseren Dank aussprechen. Durch ihre faire und kompetente Spielleitung haben sie ma\u00dfgeblich zum Erfolg der Veranstaltungen beigetragen.<br \/>Wir freuen uns schon auf die n\u00e4chste Sportwoche und hoffen auf ebenso spannenden Sport und gro\u00dfartige Zusammenarbeit.<br \/>Mit sportlichen Gru\u00df <br \/>Marco und Hansi<\/p>\n<p><br \/><strong>**Ergebnis:** SW Osterfeine 1 &#8211; 6 Vechta<\/strong><br \/><br \/>Nach der entt\u00e4uschenden Niederlage gegen M\u00fchlen zeigte Vechta eine beeindruckende Reaktion und bot eine tadellose Leistung gegen SW Osterfeine. Die Mannschaft dominierte das Spiel von Beginn an und lie\u00df ihrem Gegner kaum eine Chance. <br \/>Vechta startete stark und setzte SW Osterfeine fr\u00fch unter Druck, was schnell Fr\u00fcchte trug. Durch pr\u00e4zises Passspiel und konsequente Chancenverwertung bauten sie ihre F\u00fchrung kontinuierlich aus. Auch defensiv agierte Vechta souver\u00e4n, was sich in der klaren Torbilanz widerspiegelte.<br \/>SW Osterfeine k\u00e4mpfte tapfer, konnte jedoch der \u00dcberlegenheit von Vechta wenig entgegensetzen. Trotz ihres Ehrentreffers blieben sie \u00fcber weite Strecken des Spiels chancenlos. <br \/>Mit diesem deutlichen Sieg zeigte Vechta eindrucksvoll, dass sie die Niederlage gegen M\u00fchlen verarbeitet haben und weiterhin ein ernstzunehmender Gegner in der Landesliga sind.<br \/><br \/><strong>### Spielbericht: Damme vs. M\u00fchlen<\/strong><br \/><br \/><em>**Endstand:** Damme 4 &#8211; 5 M\u00fchlen\u00a0 <\/em><br \/><em>**Halbzeitstand:** Damme 4 &#8211; 1 M\u00fchlen<\/em><br \/><br \/>In einem spannenden Spiel zwischen Damme und M\u00fchlen gab es zwei v\u00f6llig unterschiedliche Halbzeiten zu sehen. Zur Halbzeit f\u00fchrte Damme souver\u00e4n mit 4:1 und schien das Spiel fest im Griff zu haben. Doch in der zweiten H\u00e4lfte drehte M\u00fchlen das Spiel komplett und konnte am Ende mit 5:4 als Sieger vom Platz gehen.<br \/>Die erste Halbzeit wurde von Damme dominiert. Sie spielten offensiv stark und setzten M\u00fchlen konstant unter Druck, was ihnen eine komfortable F\u00fchrung einbrachte. Die Zuschauer waren begeistert von der Leistung der Dammer Jungs und alles deutete auf einen klaren Sieg hin.<br \/>Nach der Pause zeigte sich jedoch ein v\u00f6llig anderes Bild. M\u00fchlen kam mit neuer Energie und Entschlossenheit aus der Kabine und \u00fcbernahm die Kontrolle \u00fcber das Spiel. Sie zeigten eine beeindruckende Aufholjagd und nutzten ihre Chancen konsequent. Damme hingegen schien den Faden verloren zu haben und konnte nicht an die Leistung der ersten H\u00e4lfte ankn\u00fcpfen.<br \/>Die zweite Halbzeit geh\u00f6rte somit eindeutig M\u00fchlen, die mit einem unglaublichen Comeback das Spiel noch zu ihren Gunsten drehen konnten. Die Zuschauer erlebten ein aufregendes und dramatisches Spiel, das noch lange in Erinnerung bleiben wird.<\/p>\n\n\t\t<style type=\"text\/css\">\n\t\t\t#gallery-1 {\n\t\t\t\tmargin: auto;\n\t\t\t}\n\t\t\t#gallery-1 .gallery-item {\n\t\t\t\tfloat: left;\n\t\t\t\tmargin-top: 10px;\n\t\t\t\ttext-align: center;\n\t\t\t\twidth: 25%;\n\t\t\t}\n\t\t\t#gallery-1 img {\n\t\t\t\tborder: 2px solid #cfcfcf;\n\t\t\t}\n\t\t\t#gallery-1 .gallery-caption {\n\t\t\t\tmargin-left: 0;\n\t\t\t}\n\t\t\t\/* see gallery_shortcode() in wp-includes\/media.php *\/\n\t\t<\/style>\n\t\t<div id='gallery-1' class='gallery galleryid-34530 gallery-columns-4 gallery-size-thumbnail'><dl class='gallery-item'>\n\t\t\t<dt class='gallery-icon landscape'>\n\t\t\t\t<a href='https:\/\/sw-osterfeine.de\/wp-content\/uploads\/2024\/07\/Sp_1.jpg' title=\"\" data-rl_title=\"\" class=\"rl-gallery-link\" data-rl_caption=\"\" data-rel=\"lightbox-gallery-1\"><img loading=\"lazy\" decoding=\"async\" width=\"150\" height=\"150\" src=\"https:\/\/sw-osterfeine.de\/wp-content\/uploads\/2024\/07\/Sp_1-150x150.jpg\" class=\"attachment-thumbnail size-thumbnail\" alt=\"\" \/><\/a>\n\t\t\t<\/dt><\/dl><dl class='gallery-item'>\n\t\t\t<dt class='gallery-icon landscape'>\n\t\t\t\t<a href='https:\/\/sw-osterfeine.de\/wp-content\/uploads\/2024\/07\/Sp_2.jpg' title=\"\" data-rl_title=\"\" class=\"rl-gallery-link\" data-rl_caption=\"\" data-rel=\"lightbox-gallery-1\"><img loading=\"lazy\" decoding=\"async\" width=\"150\" height=\"150\" src=\"https:\/\/sw-osterfeine.de\/wp-content\/uploads\/2024\/07\/Sp_2-150x150.jpg\" class=\"attachment-thumbnail size-thumbnail\" alt=\"\" \/><\/a>\n\t\t\t<\/dt><\/dl><dl class='gallery-item'>\n\t\t\t<dt class='gallery-icon landscape'>\n\t\t\t\t<a href='https:\/\/sw-osterfeine.de\/wp-content\/uploads\/2024\/07\/Sp_3.jpg' title=\"\" data-rl_title=\"\" class=\"rl-gallery-link\" data-rl_caption=\"\" data-rel=\"lightbox-gallery-1\"><img loading=\"lazy\" decoding=\"async\" width=\"150\" height=\"150\" src=\"https:\/\/sw-osterfeine.de\/wp-content\/uploads\/2024\/07\/Sp_3-150x150.jpg\" class=\"attachment-thumbnail size-thumbnail\" alt=\"\" \/><\/a>\n\t\t\t<\/dt><\/dl><dl class='gallery-item'>\n\t\t\t<dt class='gallery-icon landscape'>\n\t\t\t\t<a href='https:\/\/sw-osterfeine.de\/wp-content\/uploads\/2024\/07\/Sp_6.jpg' title=\"\" data-rl_title=\"\" class=\"rl-gallery-link\" data-rl_caption=\"\" data-rel=\"lightbox-gallery-1\"><img loading=\"lazy\" decoding=\"async\" width=\"150\" height=\"150\" src=\"https:\/\/sw-osterfeine.de\/wp-content\/uploads\/2024\/07\/Sp_6-150x150.jpg\" class=\"attachment-thumbnail size-thumbnail\" alt=\"\" \/><\/a>\n\t\t\t<\/dt><\/dl><br style=\"clear: both\" \/>\n\t\t<\/div>\n\n","protected":false},"excerpt":{"rendered":"<p>In der vergangenen Woche stand unsere Sportwoche im Mittelpunkt des Geschehens. Zahlreiche Mannschaften gaben ihr Bestes auf dem Spielfeld und lieferten spannende Wettk\u00e4mpfe ab. Doch f\u00fcr viele Teams gilt es weiterhin hart zu trainieren, um ihre Leistung kontinuierlich zu verbessern und sich auf kommende Herausforderungen vorzubereiten.Ein besonderer Dank gilt allen Helfern, die diese Sportwoche \u00fcberhaupt [&hellip;]<\/p>\n","protected":false},"author":3,"featured_media":0,"comment_status":"closed","ping_status":"closed","sticky":false,"template":"","format":"standard","meta":{"footnotes":""},"categories":[3],"tags":[],"_links":{"self":[{"href":"https:\/\/sw-osterfeine.de\/index.php?rest_route=\/wp\/v2\/posts\/34530"}],"collection":[{"href":"https:\/\/sw-osterfeine.de\/index.php?rest_route=\/wp\/v2\/posts"}],"about":[{"href":"https:\/\/sw-osterfeine.de\/index.php?rest_route=\/wp\/v2\/types\/post"}],"author":[{"embeddable":true,"href":"https:\/\/sw-osterfeine.de\/index.php?rest_route=\/wp\/v2\/users\/3"}],"replies":[{"embeddable":true,"href":"https:\/\/sw-osterfeine.de\/index.php?rest_route=%2Fwp%2Fv2%2Fcomments&post=34530"}],"version-history":[{"count":1,"href":"https:\/\/sw-osterfeine.de\/index.php?rest_route=\/wp\/v2\/posts\/34530\/revisions"}],"predecessor-version":[{"id":34537,"href":"https:\/\/sw-osterfeine.de\/index.php?rest_route=\/wp\/v2\/posts\/34530\/revisions\/34537"}],"wp:attachment":[{"href":"https:\/\/sw-osterfeine.de\/index.php?rest_route=%2Fwp%2Fv2%2Fmedia&parent=34530"}],"wp:term":[{"taxonomy":"category","embeddable":true,"href":"https:\/\/sw-osterfeine.de\/index.php?rest_route=%2Fwp%2Fv2%2Fcategories&post=34530"},{"taxonomy":"post_tag","embeddable":true,"href":"https:\/\/sw-osterfeine.de\/index.php?rest_route=%2Fwp%2Fv2%2Ftags&post=34530"}],"curies":[{"name":"wp","href":"https:\/\/api.w.org\/{rel}","templated":true}]}}