{"id":34561,"date":"2024-08-01T10:12:09","date_gmt":"2024-08-01T08:12:09","guid":{"rendered":"https:\/\/sw-osterfeine.de\/?p=34561"},"modified":"2024-08-01T10:12:12","modified_gmt":"2024-08-01T08:12:12","slug":"1-e-jugend-beim-bullermeck-cup","status":"publish","type":"post","link":"https:\/\/sw-osterfeine.de\/?p=34561","title":{"rendered":"1. E-Jugend beim Bullermeck-Cup"},"content":{"rendered":"\n\n\t\t<style type=\"text\/css\">\n\t\t\t#gallery-1 {\n\t\t\t\tmargin: auto;\n\t\t\t}\n\t\t\t#gallery-1 .gallery-item {\n\t\t\t\tfloat: left;\n\t\t\t\tmargin-top: 10px;\n\t\t\t\ttext-align: center;\n\t\t\t\twidth: 33%;\n\t\t\t}\n\t\t\t#gallery-1 img {\n\t\t\t\tborder: 2px solid #cfcfcf;\n\t\t\t}\n\t\t\t#gallery-1 .gallery-caption {\n\t\t\t\tmargin-left: 0;\n\t\t\t}\n\t\t\t\/* see gallery_shortcode() in wp-includes\/media.php *\/\n\t\t<\/style>\n\t\t<div id='gallery-1' class='gallery galleryid-34561 gallery-columns-3 gallery-size-thumbnail'><dl class='gallery-item'>\n\t\t\t<dt class='gallery-icon landscape'>\n\t\t\t\t<a href='https:\/\/sw-osterfeine.de\/wp-content\/uploads\/2024\/08\/image0-1.jpeg' title=\"\" data-rl_title=\"\" class=\"rl-gallery-link\" data-rl_caption=\"\" data-rel=\"lightbox-gallery-1\"><img loading=\"lazy\" decoding=\"async\" width=\"150\" height=\"150\" src=\"https:\/\/sw-osterfeine.de\/wp-content\/uploads\/2024\/08\/image0-1-150x150.jpeg\" class=\"attachment-thumbnail size-thumbnail\" alt=\"\" \/><\/a>\n\t\t\t<\/dt><\/dl><dl class='gallery-item'>\n\t\t\t<dt class='gallery-icon landscape'>\n\t\t\t\t<a href='https:\/\/sw-osterfeine.de\/wp-content\/uploads\/2024\/08\/image1.jpeg' title=\"\" data-rl_title=\"\" class=\"rl-gallery-link\" data-rl_caption=\"\" data-rel=\"lightbox-gallery-1\"><img loading=\"lazy\" decoding=\"async\" width=\"150\" height=\"150\" src=\"https:\/\/sw-osterfeine.de\/wp-content\/uploads\/2024\/08\/image1-150x150.jpeg\" class=\"attachment-thumbnail size-thumbnail\" alt=\"\" \/><\/a>\n\t\t\t<\/dt><\/dl>\n\t\t\t<br style='clear: both' \/>\n\t\t<\/div>\n\n\n\n\n<p><strong>SW Osterfeine triumphiert beim BULLERMECK-CUP 2024<\/strong><\/p>\n\n\n\n<p>Am 28. Juli 2024 nahm die 1.E-Jugend des SW Osterfeine am BULLERMECK-CUP des SC Rieste teil, welcher als Saisonauftakt und Vorbereitungsturnier diente. Urspr\u00fcnglich waren 12 Mannschaften eingeladen, jedoch mussten in der letzten Woche f\u00fcnf Teams absagen. Die verbleibenden Mannschaften waren: SV Hellern, BW Lohne, TUS Eintracht Rulle, JSG Lechtingen\/Wallenhorst, RW Damme, SW Osterfeine und SC Rieste. Gespielt wurde in einer Gruppe ohne Finalrunde, mit einer Spielzeit von je 12 Minuten pro Spiel.<\/p>\n\n\n\n<p>Spiele und Ergebnisse des SW Osterfeine:<\/p>\n\n\n\n<p>1. Spiel: RW Damme &#8211; SW Osterfeine 0:0<\/p>\n\n\n\n<p>2. Spiel: Hellern &#8211; SW Osterfeine 0:3 (Torsch\u00fctze: dreimal Jakob Kreyenborg) <\/p>\n\n\n\n<p>3. Spiel: SW Osterfeine &#8211; BW Lohne 3:0 (Torsch\u00fctzen: Paul Burdieck, Oskar Schmutte, Jakob Kreyenborg) <\/p>\n\n\n\n<p>4. Spiel: SW Osterfeine &#8211; SC Rieste 1:0 (Torsch\u00fctze: Jan Dirk Sandermann) <\/p>\n\n\n\n<p>5. Spiel: Lechtingen &#8211; SW Osterfeine 0:5 (Torsch\u00fctzen: Jonas B\u00f6ckerstette, dreimal Jakob Kreyenborg, Oskar Schmutte) <\/p>\n\n\n\n<p>6. Spiel: SW Osterfeine &#8211; Rulle 5:1 (Torsch\u00fctzen: zweimal Jan Dirk Sandermann, Eigentor, Jakob Kreyenborg, Jonas B\u00f6ckerstette)<\/p>\n\n\n\n<p>Mit insgesamt 16 Punkten und einem beeindruckenden Torverh\u00e4ltnis von 17:1 sicherte sich SW Osterfeine den Turniersieg. Die zweitplatzierte Mannschaft folgte dicht dahinter mit ebenfalls 16 Punkten, jedoch einem Torverh\u00e4ltnis von 15:1.<\/p>\n\n\n\n<p>Das Trainerteam des SW Osterfeine zeigte sich \u00e4u\u00dferst zufrieden mit der Leistung der Mannschaft. Der Torwart gl\u00e4nzte mit starken Paraden, die Abwehr brillierte durch erstklassige Defensivarbeit und der Sturm zeigte sich torhungrig und effizient. Alle Spieler arbeiteten perfekt zusammen und k\u00f6nnen stolz auf ihren Turniersieg sein. Diese starke Teamleistung l\u00e4sst auf eine erfolgreiche Saison hoffen.<\/p>\n\n\n\n<p>Als Siegpr\u00e4mie erhielt die Mannschaft einen Wanderpokal und jeder Spieler einen Gutschein f\u00fcr einen Besuch im BULLERMECK. Mit diesem Erfolg im R\u00fccken blickt die 1.E-Jugend des SW Osterfeine zuversichtlich auf die kommende Saison und freut sich auf weitere Herausforderungen.<\/p>\n","protected":false},"excerpt":{"rendered":"<p>SW Osterfeine triumphiert beim BULLERMECK-CUP 2024 Am 28. Juli 2024 nahm die 1.E-Jugend des SW Osterfeine am BULLERMECK-CUP des SC Rieste teil, welcher als Saisonauftakt und Vorbereitungsturnier diente. Urspr\u00fcnglich waren 12 Mannschaften eingeladen, jedoch mussten in der letzten Woche f\u00fcnf Teams absagen. Die verbleibenden Mannschaften waren: SV Hellern, BW Lohne, TUS Eintracht Rulle, JSG Lechtingen\/Wallenhorst, [&hellip;]<\/p>\n","protected":false},"author":3,"featured_media":0,"comment_status":"closed","ping_status":"closed","sticky":false,"template":"","format":"standard","meta":{"footnotes":""},"categories":[3],"tags":[],"_links":{"self":[{"href":"https:\/\/sw-osterfeine.de\/index.php?rest_route=\/wp\/v2\/posts\/34561"}],"collection":[{"href":"https:\/\/sw-osterfeine.de\/index.php?rest_route=\/wp\/v2\/posts"}],"about":[{"href":"https:\/\/sw-osterfeine.de\/index.php?rest_route=\/wp\/v2\/types\/post"}],"author":[{"embeddable":true,"href":"https:\/\/sw-osterfeine.de\/index.php?rest_route=\/wp\/v2\/users\/3"}],"replies":[{"embeddable":true,"href":"https:\/\/sw-osterfeine.de\/index.php?rest_route=%2Fwp%2Fv2%2Fcomments&post=34561"}],"version-history":[{"count":1,"href":"https:\/\/sw-osterfeine.de\/index.php?rest_route=\/wp\/v2\/posts\/34561\/revisions"}],"predecessor-version":[{"id":34565,"href":"https:\/\/sw-osterfeine.de\/index.php?rest_route=\/wp\/v2\/posts\/34561\/revisions\/34565"}],"wp:attachment":[{"href":"https:\/\/sw-osterfeine.de\/index.php?rest_route=%2Fwp%2Fv2%2Fmedia&parent=34561"}],"wp:term":[{"taxonomy":"category","embeddable":true,"href":"https:\/\/sw-osterfeine.de\/index.php?rest_route=%2Fwp%2Fv2%2Fcategories&post=34561"},{"taxonomy":"post_tag","embeddable":true,"href":"https:\/\/sw-osterfeine.de\/index.php?rest_route=%2Fwp%2Fv2%2Ftags&post=34561"}],"curies":[{"name":"wp","href":"https:\/\/api.w.org\/{rel}","templated":true}]}}