{"id":34581,"date":"2024-08-07T08:11:09","date_gmt":"2024-08-07T06:11:09","guid":{"rendered":"https:\/\/sw-osterfeine.de\/?p=34581"},"modified":"2024-08-07T08:11:10","modified_gmt":"2024-08-07T06:11:10","slug":"marion-kalus-sorgt-fuer-ueberraschung-bei-joerg-lange","status":"publish","type":"post","link":"https:\/\/sw-osterfeine.de\/?p=34581","title":{"rendered":"Marion Kalus sorgt f\u00fcr \u00dcberraschung bei J\u00f6rg Lange"},"content":{"rendered":"\n<p><a href=\"https:\/\/sw-osterfeine.de\/wp-content\/uploads\/2024\/08\/IMG-20240806-WA0001.jpg\" data-rel=\"lightbox-image-0\" data-rl_title=\"\" data-rl_caption=\"\" title=\"\"><img loading=\"lazy\" decoding=\"async\" class=\"wp-image-34579 aligncenter\" src=\"https:\/\/sw-osterfeine.de\/wp-content\/uploads\/2024\/08\/IMG-20240806-WA0001-768x1024.jpg\" alt=\"\" width=\"398\" height=\"531\" srcset=\"https:\/\/sw-osterfeine.de\/wp-content\/uploads\/2024\/08\/IMG-20240806-WA0001-768x1024.jpg 768w, https:\/\/sw-osterfeine.de\/wp-content\/uploads\/2024\/08\/IMG-20240806-WA0001-225x300.jpg 225w, https:\/\/sw-osterfeine.de\/wp-content\/uploads\/2024\/08\/IMG-20240806-WA0001-1152x1536.jpg 1152w, https:\/\/sw-osterfeine.de\/wp-content\/uploads\/2024\/08\/IMG-20240806-WA0001.jpg 1200w\" sizes=\"(max-width: 398px) 100vw, 398px\" \/><\/a><\/p>\n\n\n\n<p>Eine tolle Idee setzte Marion Kalus nun am vergangenen Sonntag zum 1. Heimspiel unserer 1.Mannschaft in die Tat um. Kurz or Spielbeginn \u00fcberreichte Marion \u2013 Danke Marion und Danke f\u00fcr Deine Vielseitigkeit im OSV &#8212; am Sonnabend stand sie noch im Tor unserer 1. Damenmannschaft &#8212;unserem Vorstandsmitglied J\u00f6rg Lange frisch gen\u00e4hte Wimpel f\u00fcr die Fahnenstangen auf Platz I. Ganz dezent pr\u00e4gt der Schriftzug \u2013 <em><u>Eure Fans halten<\/u><\/em> <em><u>immer zu Euch<\/u><\/em> &#8211; die neuen F\u00e4hnchen. Und Gl\u00fcck gebracht haben die neuen Fahnen auch noch beim 1. Heimsieg am Sonntag.<\/p>\n<p>Eine tolle Aktion zur Freude unserer Fu\u00dfballer. So etwas gibt es nur in Vereinen, wo alle Mitglieder sich f\u00fcr die gemeinsame Sache engagieren!!! Danke Marion.<\/p>\n","protected":false},"excerpt":{"rendered":"<p>Eine tolle Idee setzte Marion Kalus nun am vergangenen Sonntag zum 1. Heimspiel unserer 1.Mannschaft in die Tat um. Kurz or Spielbeginn \u00fcberreichte Marion \u2013 Danke Marion und Danke f\u00fcr Deine Vielseitigkeit im OSV &#8212; am Sonnabend stand sie noch im Tor unserer 1. Damenmannschaft &#8212;unserem Vorstandsmitglied J\u00f6rg Lange frisch gen\u00e4hte Wimpel f\u00fcr die Fahnenstangen [&hellip;]<\/p>\n","protected":false},"author":3,"featured_media":0,"comment_status":"closed","ping_status":"closed","sticky":false,"template":"","format":"standard","meta":{"footnotes":""},"categories":[3],"tags":[],"_links":{"self":[{"href":"https:\/\/sw-osterfeine.de\/index.php?rest_route=\/wp\/v2\/posts\/34581"}],"collection":[{"href":"https:\/\/sw-osterfeine.de\/index.php?rest_route=\/wp\/v2\/posts"}],"about":[{"href":"https:\/\/sw-osterfeine.de\/index.php?rest_route=\/wp\/v2\/types\/post"}],"author":[{"embeddable":true,"href":"https:\/\/sw-osterfeine.de\/index.php?rest_route=\/wp\/v2\/users\/3"}],"replies":[{"embeddable":true,"href":"https:\/\/sw-osterfeine.de\/index.php?rest_route=%2Fwp%2Fv2%2Fcomments&post=34581"}],"version-history":[{"count":1,"href":"https:\/\/sw-osterfeine.de\/index.php?rest_route=\/wp\/v2\/posts\/34581\/revisions"}],"predecessor-version":[{"id":34582,"href":"https:\/\/sw-osterfeine.de\/index.php?rest_route=\/wp\/v2\/posts\/34581\/revisions\/34582"}],"wp:attachment":[{"href":"https:\/\/sw-osterfeine.de\/index.php?rest_route=%2Fwp%2Fv2%2Fmedia&parent=34581"}],"wp:term":[{"taxonomy":"category","embeddable":true,"href":"https:\/\/sw-osterfeine.de\/index.php?rest_route=%2Fwp%2Fv2%2Fcategories&post=34581"},{"taxonomy":"post_tag","embeddable":true,"href":"https:\/\/sw-osterfeine.de\/index.php?rest_route=%2Fwp%2Fv2%2Ftags&post=34581"}],"curies":[{"name":"wp","href":"https:\/\/api.w.org\/{rel}","templated":true}]}}