{"id":34653,"date":"2024-08-12T18:33:31","date_gmt":"2024-08-12T16:33:31","guid":{"rendered":"https:\/\/sw-osterfeine.de\/?p=34653"},"modified":"2024-08-12T18:33:32","modified_gmt":"2024-08-12T16:33:32","slug":"alex-staerk-in-den-ruhestand-verabschiedet","status":"publish","type":"post","link":"https:\/\/sw-osterfeine.de\/?p=34653","title":{"rendered":"Alex St\u00e4rk in den Ruhestand verabschiedet!"},"content":{"rendered":"\n<p>Es ist stets ein sch\u00f6ner Abend, wenn ein Ur-OSVer seine &#8222;Fu\u00dfballschuhe an den Nagel h\u00e4ngt&#8220; und daf\u00fcr alte Weggef\u00e4hrten einl\u00e4dt.<\/p>\n<p>So j\u00fcngst geschehen in Damme, als Alex St\u00e4rk circa 35 OSV-Fu\u00dfballer und -Trainer zu einer kleinen Abschiedsfeier eingeladen hat.\u00a0<\/p>\n<p>Alex durchlief die OSV-Jugendmannschaften und spielte danach viele Jahre f\u00fcr die erste und zweite Herren-Mannschaft. F\u00fcr die erste Mannschaft absolvierte Alex 87 Spiele und erzielte dabei 4 Tore.<\/p>\n<p>Besonders sein physisch starkes Spiel zeichnete Alex aus.<\/p>\n<p>Die Ehre, die vergoldeten Schuhe von Alex aufzuh\u00e4ngen, kam Flo Fangmann zu teil.<\/p>\n<p>Die Trainer-Gilde wurde von G\u00fcnni Lampe vertreten.<\/p>\n<p>So ganz wird Alex allerdings nicht aufh\u00f6ren, denn er wird zuk\u00fcnftig bei den Alten Herren sein k\u00f6rplich starkes Spiel und seinen satten linken Schuss einbringen.<\/p>\n<p>Viel Spa\u00df dabei und danke f\u00fcr deinen Einsatz, Alex.<\/p>\n<p><a href=\"https:\/\/sw-osterfeine.de\/wp-content\/uploads\/2024\/08\/Alex-Staerk.jpg\" data-rel=\"lightbox-image-0\" data-rl_title=\"\" data-rl_caption=\"\" title=\"\"><img loading=\"lazy\" decoding=\"async\" class=\"alignleft size-full wp-image-34654\" src=\"https:\/\/sw-osterfeine.de\/wp-content\/uploads\/2024\/08\/Alex-Staerk.jpg\" alt=\"\" width=\"640\" height=\"480\" srcset=\"https:\/\/sw-osterfeine.de\/wp-content\/uploads\/2024\/08\/Alex-Staerk.jpg 640w, https:\/\/sw-osterfeine.de\/wp-content\/uploads\/2024\/08\/Alex-Staerk-300x225.jpg 300w\" sizes=\"(max-width: 640px) 100vw, 640px\" \/><\/a>\u00a0<\/p>\n","protected":false},"excerpt":{"rendered":"<p>Es ist stets ein sch\u00f6ner Abend, wenn ein Ur-OSVer seine &#8222;Fu\u00dfballschuhe an den Nagel h\u00e4ngt&#8220; und daf\u00fcr alte Weggef\u00e4hrten einl\u00e4dt. So j\u00fcngst geschehen in Damme, als Alex St\u00e4rk circa 35 OSV-Fu\u00dfballer und -Trainer zu einer kleinen Abschiedsfeier eingeladen hat.\u00a0 Alex durchlief die OSV-Jugendmannschaften und spielte danach viele Jahre f\u00fcr die erste und zweite Herren-Mannschaft. F\u00fcr [&hellip;]<\/p>\n","protected":false},"author":3,"featured_media":0,"comment_status":"closed","ping_status":"closed","sticky":false,"template":"","format":"standard","meta":{"footnotes":""},"categories":[3],"tags":[],"_links":{"self":[{"href":"https:\/\/sw-osterfeine.de\/index.php?rest_route=\/wp\/v2\/posts\/34653"}],"collection":[{"href":"https:\/\/sw-osterfeine.de\/index.php?rest_route=\/wp\/v2\/posts"}],"about":[{"href":"https:\/\/sw-osterfeine.de\/index.php?rest_route=\/wp\/v2\/types\/post"}],"author":[{"embeddable":true,"href":"https:\/\/sw-osterfeine.de\/index.php?rest_route=\/wp\/v2\/users\/3"}],"replies":[{"embeddable":true,"href":"https:\/\/sw-osterfeine.de\/index.php?rest_route=%2Fwp%2Fv2%2Fcomments&post=34653"}],"version-history":[{"count":1,"href":"https:\/\/sw-osterfeine.de\/index.php?rest_route=\/wp\/v2\/posts\/34653\/revisions"}],"predecessor-version":[{"id":34655,"href":"https:\/\/sw-osterfeine.de\/index.php?rest_route=\/wp\/v2\/posts\/34653\/revisions\/34655"}],"wp:attachment":[{"href":"https:\/\/sw-osterfeine.de\/index.php?rest_route=%2Fwp%2Fv2%2Fmedia&parent=34653"}],"wp:term":[{"taxonomy":"category","embeddable":true,"href":"https:\/\/sw-osterfeine.de\/index.php?rest_route=%2Fwp%2Fv2%2Fcategories&post=34653"},{"taxonomy":"post_tag","embeddable":true,"href":"https:\/\/sw-osterfeine.de\/index.php?rest_route=%2Fwp%2Fv2%2Ftags&post=34653"}],"curies":[{"name":"wp","href":"https:\/\/api.w.org\/{rel}","templated":true}]}}